{"id":26047,"date":"2026-09-06T12:03:01","date_gmt":"2026-09-06T12:03:01","guid":{"rendered":"https:\/\/ku.r-enks.net\/?p=26047"},"modified":"2026-09-06T12:03:01","modified_gmt":"2026-09-06T12:03:01","slug":"dezgeha-xerxwazi-ya-barzani-dermanxaneyek-li-qamislo-vekir","status":"publish","type":"post","link":"https:\/\/ku.r-enks.net\/?p=26047","title":{"rendered":"Dezgeha X\u00earxwaz\u00ee ya Barzan\u00ee dermanxaneyek li Qami\u015flo vekir."},"content":{"rendered":"<p><strong>Dezgeha X\u00earxwaziya Barzaniy\u00ea, bi armanca ba\u015ftirkirina jiyana welatiyan \u00fb p\u00ea\u015fxistina xizmet\u00ean bingeh\u00een li her\u00eam\u00ean Kurdistana S\u00fbriy\u00ea, bi berdewam\u00ee pi\u015ftgir\u00ee \u00fb al\u00eekariya saziy\u00ean tenduristiy\u00ea \u00fb mirov\u00ee dike<\/strong>.<\/p>\n<p>&nbsp;<\/p>\n<p>Di v\u00ee war\u00ee de Dezgeha X\u00earxwaziya Barzaniy\u00ea di roja 1\u00ea \u00cal\u00fbna 2026an, li bajar\u00ea Qami\u015flo de dermanxaneyek taybet vekir, da ku xizmet\u00ean tenduristiy\u00ea \u00fb dab\u00eenkirina dermanan \u00fb dermankirina nexwe\u015fan ji ni\u015ftecih\u00ean baj\u00ear re p\u00ea\u015fk\u00ea\u015f bike \u00fb bar li ser mil\u00ea malbat\u00ean x\u00eazan sivik bike.<\/p>\n<p>Ev yek ji \u00e7alakiy\u00ean Dezgeha X\u00earxwaziya Barzan\u00ee b\u00fb, ku her tim di al\u00eekariya malbat\u00ean x\u00eazan \u00fb belavkirina derman ji bo saziy\u00ean tendir\u00fbstiy\u00ea de li Kurdistana S\u00fbriy\u00ea de berdewam e.<\/p>\n<p>T\u00ea zan\u00een ku Dezgeha X\u00earxwaziya Barzan\u00ee di sala 2005an de, hatiye damezirandin \u00fb ji w\u00ea dem\u00ea ve roleke ber\u00e7ev \u00fb pir giring l\u00eestiye li Kamp\u00ean ko\u00e7ber\u00ean li Her\u00eama Kurdistan\u00ea dim\u00eenin \u00fb dervey\u00ee Kurdistan\u00ea j\u00ee, ji bo berdewamiya p\u00ea\u015fk\u00ea\u015fkirina xizmet\u00ean mirov\u00ee \u00fb tendir\u00fbst\u00ee.<\/p>\n<p>\u00db herwiha li bajar\u00ea Qami\u015flo y\u00ea Kurdistana S\u00fbriy\u00ea roja 14 \u00ea Adara 2026an, of\u00eesa xwe bi ferm\u00ee vekirin \u00fb dibin xizmet \u00fb al\u00eekariya malbat\u00ean x\u00eazan de ye.<\/p>\n<p><img decoding=\"async\" class=\"alignnone size-medium wp-image-26048\" src=\"https:\/\/ku.r-enks.net\/wp-content\/uploads\/2026\/09\/IMG-20260906-WA0103-300x169.jpg\" alt=\"\" width=\"300\" height=\"169\" srcset=\"https:\/\/ku.r-enks.net\/wp-content\/uploads\/2026\/09\/IMG-20260906-WA0103-300x169.jpg 300w, https:\/\/ku.r-enks.net\/wp-content\/uploads\/2026\/09\/IMG-20260906-WA0103-1024x576.jpg 1024w, https:\/\/ku.r-enks.net\/wp-content\/uploads\/2026\/09\/IMG-20260906-WA0103-768x432.jpg 768w, https:\/\/ku.r-enks.net\/wp-content\/uploads\/2026\/09\/IMG-20260906-WA0103-750x422.jpg 750w, https:\/\/ku.r-enks.net\/wp-content\/uploads\/2026\/09\/IMG-20260906-WA0103-1140x641.jpg 1140w, https:\/\/ku.r-enks.net\/wp-content\/uploads\/2026\/09\/IMG-20260906-WA0103.jpg 1280w\" sizes=\"(max-width: 300px) 100vw, 300px\" \/> <img decoding=\"async\" class=\"alignnone size-medium wp-image-26049\" src=\"https:\/\/ku.r-enks.net\/wp-content\/uploads\/2026\/09\/IMG-20260906-WA0102-300x169.jpg\" alt=\"\" width=\"300\" height=\"169\" srcset=\"https:\/\/ku.r-enks.net\/wp-content\/uploads\/2026\/09\/IMG-20260906-WA0102-300x169.jpg 300w, https:\/\/ku.r-enks.net\/wp-content\/uploads\/2026\/09\/IMG-20260906-WA0102-1024x576.jpg 1024w, https:\/\/ku.r-enks.net\/wp-content\/uploads\/2026\/09\/IMG-20260906-WA0102-768x432.jpg 768w, https:\/\/ku.r-enks.net\/wp-content\/uploads\/2026\/09\/IMG-20260906-WA0102-750x422.jpg 750w, https:\/\/ku.r-enks.net\/wp-content\/uploads\/2026\/09\/IMG-20260906-WA0102-1140x641.jpg 1140w, https:\/\/ku.r-enks.net\/wp-content\/uploads\/2026\/09\/IMG-20260906-WA0102.jpg 1280w\" sizes=\"(max-width: 300px) 100vw, 300px\" \/> <img decoding=\"async\" class=\"alignnone size-medium wp-image-26050\" src=\"https:\/\/ku.r-enks.net\/wp-content\/uploads\/2026\/09\/IMG-20260906-WA0101-300x169.jpg\" alt=\"\" width=\"300\" height=\"169\" srcset=\"https:\/\/ku.r-enks.net\/wp-content\/uploads\/2026\/09\/IMG-20260906-WA0101-300x169.jpg 300w, https:\/\/ku.r-enks.net\/wp-content\/uploads\/2026\/09\/IMG-20260906-WA0101-1024x576.jpg 1024w, https:\/\/ku.r-enks.net\/wp-content\/uploads\/2026\/09\/IMG-20260906-WA0101-768x432.jpg 768w, https:\/\/ku.r-enks.net\/wp-content\/uploads\/2026\/09\/IMG-20260906-WA0101-750x422.jpg 750w, https:\/\/ku.r-enks.net\/wp-content\/uploads\/2026\/09\/IMG-20260906-WA0101-1140x641.jpg 1140w, https:\/\/ku.r-enks.net\/wp-content\/uploads\/2026\/09\/IMG-20260906-WA0101.jpg 1280w\" sizes=\"(max-width: 300px) 100vw, 300px\" \/> <img decoding=\"async\" class=\"alignnone size-medium wp-image-26051\" src=\"https:\/\/ku.r-enks.net\/wp-content\/uploads\/2026\/09\/IMG-20260906-WA0100-300x169.jpg\" alt=\"\" width=\"300\" height=\"169\" srcset=\"https:\/\/ku.r-enks.net\/wp-content\/uploads\/2026\/09\/IMG-20260906-WA0100-300x169.jpg 300w, https:\/\/ku.r-enks.net\/wp-content\/uploads\/2026\/09\/IMG-20260906-WA0100-1024x576.jpg 1024w, https:\/\/ku.r-enks.net\/wp-content\/uploads\/2026\/09\/IMG-20260906-WA0100-768x432.jpg 768w, https:\/\/ku.r-enks.net\/wp-content\/uploads\/2026\/09\/IMG-20260906-WA0100-750x422.jpg 750w, https:\/\/ku.r-enks.net\/wp-content\/uploads\/2026\/09\/IMG-20260906-WA0100-1140x641.jpg 1140w, https:\/\/ku.r-enks.net\/wp-content\/uploads\/2026\/09\/IMG-20260906-WA0100.jpg 1280w\" sizes=\"(max-width: 300px) 100vw, 300px\" \/> <img decoding=\"async\" class=\"alignnone size-medium wp-image-26052\" src=\"https:\/\/ku.r-enks.net\/wp-content\/uploads\/2026\/09\/IMG-20260906-WA0099-300x169.jpg\" alt=\"\" width=\"300\" height=\"169\" srcset=\"https:\/\/ku.r-enks.net\/wp-content\/uploads\/2026\/09\/IMG-20260906-WA0099-300x169.jpg 300w, https:\/\/ku.r-enks.net\/wp-content\/uploads\/2026\/09\/IMG-20260906-WA0099-1024x576.jpg 1024w, https:\/\/ku.r-enks.net\/wp-content\/uploads\/2026\/09\/IMG-20260906-WA0099-768x432.jpg 768w, https:\/\/ku.r-enks.net\/wp-content\/uploads\/2026\/09\/IMG-20260906-WA0099-750x422.jpg 750w, https:\/\/ku.r-enks.net\/wp-content\/uploads\/2026\/09\/IMG-20260906-WA0099-1140x641.jpg 1140w, https:\/\/ku.r-enks.net\/wp-content\/uploads\/2026\/09\/IMG-20260906-WA0099.jpg 1280w\" sizes=\"(max-width: 300px) 100vw, 300px\" \/><\/p>\n<p>Ragihandina ENK_S\u00ea<br \/>\nQami\u015flo<\/p>\n","protected":false},"excerpt":{"rendered":"<p>Dezgeha X\u00earxwaziya Barzaniy\u00ea, bi armanca ba\u015ftirkirina jiyana welatiyan \u00fb p\u00ea\u015fxistina xizmet\u00ean bingeh\u00een li her\u00eam\u00ean Kurdistana S\u00fbriy\u00ea, bi berdewam\u00ee pi\u015ftgir\u00ee \u00fb al\u00eekariya saziy\u00ean tenduristiy\u00ea \u00fb mirov\u00ee dike. &nbsp; Di v\u00ee war\u00ee de Dezgeha X\u00earxwaziya Barzaniy\u00ea di roja 1\u00ea \u00cal\u00fbna 2026an, li bajar\u00ea Qami\u015flo de dermanxaneyek taybet vekir, da ku xizmet\u00ean tenduristiy\u00ea \u00fb dab\u00eenkirina dermanan \u00fb dermankirina [&hellip;]<\/p>\n","protected":false},"author":3,"featured_media":26052,"comment_status":"open","ping_status":"open","sticky":false,"template":"","format":"standard","meta":{"jnews-multi-image_gallery":[],"jnews_single_post":[],"jnews_primary_category":[],"jnews_override_counter":[],"footnotes":""},"categories":[43,39],"tags":[],"class_list":["post-26047","post","type-post","status-publish","format-standard","has-post-thumbnail","hentry","category-calaki","category-nuce"],"yoast_head":"<!-- This site is optimized with the Yoast SEO plugin v28.4 - https:\/\/yoast.com\/product\/yoast-seo-wordpress\/ -->\n<title>Dezgeha X\u00earxwaz\u00ee ya Barzan\u00ee dermanxaneyek li Qami\u015flo vekir. - Ragihandina Enc\u00fbmena Ni\u015ft\u00eeman\u00ee kurd\u00ee li S\u00fbriy\u00ea<\/title>\n<meta name=\"robots\" content=\"index, follow, max-snippet:-1, max-image-preview:large, max-video-preview:-1\" \/>\n<link rel=\"canonical\" href=\"https:\/\/ku.r-enks.net\/?p=26047\" \/>\n<meta property=\"og:locale\" content=\"en_GB\" \/>\n<meta property=\"og:type\" content=\"article\" \/>\n<meta property=\"og:title\" content=\"Dezgeha X\u00earxwaz\u00ee ya Barzan\u00ee dermanxaneyek li Qami\u015flo vekir. - Ragihandina Enc\u00fbmena Ni\u015ft\u00eeman\u00ee kurd\u00ee li S\u00fbriy\u00ea\" \/>\n<meta property=\"og:description\" content=\"Dezgeha X\u00earxwaziya Barzaniy\u00ea, bi armanca ba\u015ftirkirina jiyana welatiyan \u00fb p\u00ea\u015fxistina xizmet\u00ean bingeh\u00een li her\u00eam\u00ean Kurdistana S\u00fbriy\u00ea, bi berdewam\u00ee pi\u015ftgir\u00ee \u00fb al\u00eekariya saziy\u00ean tenduristiy\u00ea \u00fb mirov\u00ee dike. &nbsp; Di v\u00ee war\u00ee de Dezgeha X\u00earxwaziya Barzaniy\u00ea di roja 1\u00ea \u00cal\u00fbna 2026an, li bajar\u00ea Qami\u015flo de dermanxaneyek taybet vekir, da ku xizmet\u00ean tenduristiy\u00ea \u00fb dab\u00eenkirina dermanan \u00fb dermankirina [&hellip;]\" \/>\n<meta property=\"og:url\" content=\"https:\/\/ku.r-enks.net\/?p=26047\" \/>\n<meta property=\"og:site_name\" content=\"Ragihandina Enc\u00fbmena Ni\u015ft\u00eeman\u00ee kurd\u00ee li S\u00fbriy\u00ea\" \/>\n<meta property=\"article:published_time\" content=\"2026-09-06T12:03:01+00:00\" \/>\n<meta property=\"og:image\" content=\"https:\/\/ku.r-enks.net\/wp-content\/uploads\/2026\/09\/IMG-20260906-WA0099.jpg\" \/>\n\t<meta property=\"og:image:width\" content=\"1280\" \/>\n\t<meta property=\"og:image:height\" content=\"720\" \/>\n\t<meta property=\"og:image:type\" content=\"image\/jpeg\" \/>\n<meta name=\"author\" content=\"Raid Mihemed\" \/>\n<meta name=\"twitter:card\" content=\"summary_large_image\" \/>\n<meta name=\"twitter:label1\" content=\"Written by\" \/>\n\t<meta name=\"twitter:data1\" content=\"Raid Mihemed\" \/>\n\t<meta name=\"twitter:label2\" content=\"Estimated reading time\" \/>\n\t<meta name=\"twitter:data2\" content=\"2 minutes\" \/>\n<script type=\"application\/ld+json\" class=\"yoast-schema-graph\">{\"@context\":\"https:\\\/\\\/schema.org\",\"@graph\":[{\"@type\":\"Article\",\"@id\":\"https:\\\/\\\/ku.r-enks.net\\\/?p=26047#article\",\"isPartOf\":{\"@id\":\"https:\\\/\\\/ku.r-enks.net\\\/?p=26047\"},\"author\":{\"name\":\"Raid Mihemed\",\"@id\":\"https:\\\/\\\/ku.r-enks.net\\\/#\\\/schema\\\/person\\\/fe62e1eb71363d24b589b2468836c801\"},\"headline\":\"Dezgeha X\u00earxwaz\u00ee ya Barzan\u00ee dermanxaneyek li Qami\u015flo vekir.\",\"datePublished\":\"2026-09-06T12:03:01+00:00\",\"mainEntityOfPage\":{\"@id\":\"https:\\\/\\\/ku.r-enks.net\\\/?p=26047\"},\"wordCount\":217,\"commentCount\":0,\"publisher\":{\"@id\":\"https:\\\/\\\/ku.r-enks.net\\\/#organization\"},\"image\":{\"@id\":\"https:\\\/\\\/ku.r-enks.net\\\/?p=26047#primaryimage\"},\"thumbnailUrl\":\"https:\\\/\\\/ku.r-enks.net\\\/wp-content\\\/uploads\\\/2026\\\/09\\\/IMG-20260906-WA0099.jpg\",\"articleSection\":[\"\u00c7alak\u00ee\",\"N\u00fb\u00e7e\"],\"inLanguage\":\"en-GB\",\"potentialAction\":[{\"@type\":\"CommentAction\",\"name\":\"Comment\",\"target\":[\"https:\\\/\\\/ku.r-enks.net\\\/?p=26047#respond\"]}]},{\"@type\":\"WebPage\",\"@id\":\"https:\\\/\\\/ku.r-enks.net\\\/?p=26047\",\"url\":\"https:\\\/\\\/ku.r-enks.net\\\/?p=26047\",\"name\":\"Dezgeha X\u00earxwaz\u00ee ya Barzan\u00ee dermanxaneyek li Qami\u015flo vekir. - Ragihandina Enc\u00fbmena Ni\u015ft\u00eeman\u00ee kurd\u00ee li S\u00fbriy\u00ea\",\"isPartOf\":{\"@id\":\"https:\\\/\\\/ku.r-enks.net\\\/#website\"},\"primaryImageOfPage\":{\"@id\":\"https:\\\/\\\/ku.r-enks.net\\\/?p=26047#primaryimage\"},\"image\":{\"@id\":\"https:\\\/\\\/ku.r-enks.net\\\/?p=26047#primaryimage\"},\"thumbnailUrl\":\"https:\\\/\\\/ku.r-enks.net\\\/wp-content\\\/uploads\\\/2026\\\/09\\\/IMG-20260906-WA0099.jpg\",\"datePublished\":\"2026-09-06T12:03:01+00:00\",\"breadcrumb\":{\"@id\":\"https:\\\/\\\/ku.r-enks.net\\\/?p=26047#breadcrumb\"},\"inLanguage\":\"en-GB\",\"potentialAction\":[{\"@type\":\"ReadAction\",\"target\":[\"https:\\\/\\\/ku.r-enks.net\\\/?p=26047\"]}]},{\"@type\":\"ImageObject\",\"inLanguage\":\"en-GB\",\"@id\":\"https:\\\/\\\/ku.r-enks.net\\\/?p=26047#primaryimage\",\"url\":\"https:\\\/\\\/ku.r-enks.net\\\/wp-content\\\/uploads\\\/2026\\\/09\\\/IMG-20260906-WA0099.jpg\",\"contentUrl\":\"https:\\\/\\\/ku.r-enks.net\\\/wp-content\\\/uploads\\\/2026\\\/09\\\/IMG-20260906-WA0099.jpg\",\"width\":1280,\"height\":720},{\"@type\":\"BreadcrumbList\",\"@id\":\"https:\\\/\\\/ku.r-enks.net\\\/?p=26047#breadcrumb\",\"itemListElement\":[{\"@type\":\"ListItem\",\"position\":1,\"name\":\"Home\",\"item\":\"https:\\\/\\\/ku.r-enks.net\\\/\"},{\"@type\":\"ListItem\",\"position\":2,\"name\":\"Dezgeha X\u00earxwaz\u00ee ya Barzan\u00ee dermanxaneyek li Qami\u015flo vekir.\"}]},{\"@type\":\"WebSite\",\"@id\":\"https:\\\/\\\/ku.r-enks.net\\\/#website\",\"url\":\"https:\\\/\\\/ku.r-enks.net\\\/\",\"name\":\"Ragihandina Enc\u00fbmena Ni\u015ft\u00eeman\u00ee kurd\u00ee li S\u00fbriy\u00ea\",\"description\":\"\u0627\u0644\u0645\u062c\u0644\u0633 \u0627\u0644\u0648\u0637\u0646\u064a \u0627\u0644\u0643\u0648\u0631\u062f\u064a \u0641\u064a \u0633\u0648\u0631\u064a\u0627\",\"publisher\":{\"@id\":\"https:\\\/\\\/ku.r-enks.net\\\/#organization\"},\"potentialAction\":[{\"@type\":\"SearchAction\",\"target\":{\"@type\":\"EntryPoint\",\"urlTemplate\":\"https:\\\/\\\/ku.r-enks.net\\\/?s={search_term_string}\"},\"query-input\":{\"@type\":\"PropertyValueSpecification\",\"valueRequired\":true,\"valueName\":\"search_term_string\"}}],\"inLanguage\":\"en-GB\"},{\"@type\":\"Organization\",\"@id\":\"https:\\\/\\\/ku.r-enks.net\\\/#organization\",\"name\":\"Ragihandina Enc\u00fbmena Ni\u015ft\u00eeman\u00ee kurd\u00ee li S\u00fbriy\u00ea\",\"url\":\"https:\\\/\\\/ku.r-enks.net\\\/\",\"logo\":{\"@type\":\"ImageObject\",\"inLanguage\":\"en-GB\",\"@id\":\"https:\\\/\\\/ku.r-enks.net\\\/#\\\/schema\\\/logo\\\/image\\\/\",\"url\":\"https:\\\/\\\/ku.r-enks.net\\\/wp-content\\\/uploads\\\/2025\\\/08\\\/IMG_1702.jpeg\",\"contentUrl\":\"https:\\\/\\\/ku.r-enks.net\\\/wp-content\\\/uploads\\\/2025\\\/08\\\/IMG_1702.jpeg\",\"width\":283,\"height\":178,\"caption\":\"Ragihandina Enc\u00fbmena Ni\u015ft\u00eeman\u00ee kurd\u00ee li S\u00fbriy\u00ea\"},\"image\":{\"@id\":\"https:\\\/\\\/ku.r-enks.net\\\/#\\\/schema\\\/logo\\\/image\\\/\"}},{\"@type\":\"Person\",\"@id\":\"https:\\\/\\\/ku.r-enks.net\\\/#\\\/schema\\\/person\\\/fe62e1eb71363d24b589b2468836c801\",\"name\":\"Raid Mihemed\",\"image\":{\"@type\":\"ImageObject\",\"inLanguage\":\"en-GB\",\"@id\":\"https:\\\/\\\/secure.gravatar.com\\\/avatar\\\/ce58e252f8f6d4cb00c6348703ab86076cbc34b3bac88a03cf42d81e782e9d8f?s=96&d=mm&r=g\",\"url\":\"https:\\\/\\\/secure.gravatar.com\\\/avatar\\\/ce58e252f8f6d4cb00c6348703ab86076cbc34b3bac88a03cf42d81e782e9d8f?s=96&d=mm&r=g\",\"contentUrl\":\"https:\\\/\\\/secure.gravatar.com\\\/avatar\\\/ce58e252f8f6d4cb00c6348703ab86076cbc34b3bac88a03cf42d81e782e9d8f?s=96&d=mm&r=g\",\"caption\":\"Raid Mihemed\"},\"url\":\"https:\\\/\\\/ku.r-enks.net\\\/?author=3\"}]}<\/script>\n<!-- \/ Yoast SEO plugin. -->","yoast_head_json":{"title":"Dezgeha X\u00earxwaz\u00ee ya Barzan\u00ee dermanxaneyek li Qami\u015flo vekir. - Ragihandina Enc\u00fbmena Ni\u015ft\u00eeman\u00ee kurd\u00ee li S\u00fbriy\u00ea","robots":{"index":"index","follow":"follow","max-snippet":"max-snippet:-1","max-image-preview":"max-image-preview:large","max-video-preview":"max-video-preview:-1"},"canonical":"https:\/\/ku.r-enks.net\/?p=26047","og_locale":"en_GB","og_type":"article","og_title":"Dezgeha X\u00earxwaz\u00ee ya Barzan\u00ee dermanxaneyek li Qami\u015flo vekir. - Ragihandina Enc\u00fbmena Ni\u015ft\u00eeman\u00ee kurd\u00ee li S\u00fbriy\u00ea","og_description":"Dezgeha X\u00earxwaziya Barzaniy\u00ea, bi armanca ba\u015ftirkirina jiyana welatiyan \u00fb p\u00ea\u015fxistina xizmet\u00ean bingeh\u00een li her\u00eam\u00ean Kurdistana S\u00fbriy\u00ea, bi berdewam\u00ee pi\u015ftgir\u00ee \u00fb al\u00eekariya saziy\u00ean tenduristiy\u00ea \u00fb mirov\u00ee dike. &nbsp; Di v\u00ee war\u00ee de Dezgeha X\u00earxwaziya Barzaniy\u00ea di roja 1\u00ea \u00cal\u00fbna 2026an, li bajar\u00ea Qami\u015flo de dermanxaneyek taybet vekir, da ku xizmet\u00ean tenduristiy\u00ea \u00fb dab\u00eenkirina dermanan \u00fb dermankirina [&hellip;]","og_url":"https:\/\/ku.r-enks.net\/?p=26047","og_site_name":"Ragihandina Enc\u00fbmena Ni\u015ft\u00eeman\u00ee kurd\u00ee li S\u00fbriy\u00ea","article_published_time":"2026-09-06T12:03:01+00:00","og_image":[{"width":1280,"height":720,"url":"https:\/\/ku.r-enks.net\/wp-content\/uploads\/2026\/09\/IMG-20260906-WA0099.jpg","type":"image\/jpeg"}],"author":"Raid Mihemed","twitter_card":"summary_large_image","twitter_misc":{"Written by":"Raid Mihemed","Estimated reading time":"2 minutes"},"schema":{"@context":"https:\/\/schema.org","@graph":[{"@type":"Article","@id":"https:\/\/ku.r-enks.net\/?p=26047#article","isPartOf":{"@id":"https:\/\/ku.r-enks.net\/?p=26047"},"author":{"name":"Raid Mihemed","@id":"https:\/\/ku.r-enks.net\/#\/schema\/person\/fe62e1eb71363d24b589b2468836c801"},"headline":"Dezgeha X\u00earxwaz\u00ee ya Barzan\u00ee dermanxaneyek li Qami\u015flo vekir.","datePublished":"2026-09-06T12:03:01+00:00","mainEntityOfPage":{"@id":"https:\/\/ku.r-enks.net\/?p=26047"},"wordCount":217,"commentCount":0,"publisher":{"@id":"https:\/\/ku.r-enks.net\/#organization"},"image":{"@id":"https:\/\/ku.r-enks.net\/?p=26047#primaryimage"},"thumbnailUrl":"https:\/\/ku.r-enks.net\/wp-content\/uploads\/2026\/09\/IMG-20260906-WA0099.jpg","articleSection":["\u00c7alak\u00ee","N\u00fb\u00e7e"],"inLanguage":"en-GB","potentialAction":[{"@type":"CommentAction","name":"Comment","target":["https:\/\/ku.r-enks.net\/?p=26047#respond"]}]},{"@type":"WebPage","@id":"https:\/\/ku.r-enks.net\/?p=26047","url":"https:\/\/ku.r-enks.net\/?p=26047","name":"Dezgeha X\u00earxwaz\u00ee ya Barzan\u00ee dermanxaneyek li Qami\u015flo vekir. - Ragihandina Enc\u00fbmena Ni\u015ft\u00eeman\u00ee kurd\u00ee li S\u00fbriy\u00ea","isPartOf":{"@id":"https:\/\/ku.r-enks.net\/#website"},"primaryImageOfPage":{"@id":"https:\/\/ku.r-enks.net\/?p=26047#primaryimage"},"image":{"@id":"https:\/\/ku.r-enks.net\/?p=26047#primaryimage"},"thumbnailUrl":"https:\/\/ku.r-enks.net\/wp-content\/uploads\/2026\/09\/IMG-20260906-WA0099.jpg","datePublished":"2026-09-06T12:03:01+00:00","breadcrumb":{"@id":"https:\/\/ku.r-enks.net\/?p=26047#breadcrumb"},"inLanguage":"en-GB","potentialAction":[{"@type":"ReadAction","target":["https:\/\/ku.r-enks.net\/?p=26047"]}]},{"@type":"ImageObject","inLanguage":"en-GB","@id":"https:\/\/ku.r-enks.net\/?p=26047#primaryimage","url":"https:\/\/ku.r-enks.net\/wp-content\/uploads\/2026\/09\/IMG-20260906-WA0099.jpg","contentUrl":"https:\/\/ku.r-enks.net\/wp-content\/uploads\/2026\/09\/IMG-20260906-WA0099.jpg","width":1280,"height":720},{"@type":"BreadcrumbList","@id":"https:\/\/ku.r-enks.net\/?p=26047#breadcrumb","itemListElement":[{"@type":"ListItem","position":1,"name":"Home","item":"https:\/\/ku.r-enks.net\/"},{"@type":"ListItem","position":2,"name":"Dezgeha X\u00earxwaz\u00ee ya Barzan\u00ee dermanxaneyek li Qami\u015flo vekir."}]},{"@type":"WebSite","@id":"https:\/\/ku.r-enks.net\/#website","url":"https:\/\/ku.r-enks.net\/","name":"Ragihandina Enc\u00fbmena Ni\u015ft\u00eeman\u00ee kurd\u00ee li S\u00fbriy\u00ea","description":"\u0627\u0644\u0645\u062c\u0644\u0633 \u0627\u0644\u0648\u0637\u0646\u064a \u0627\u0644\u0643\u0648\u0631\u062f\u064a \u0641\u064a \u0633\u0648\u0631\u064a\u0627","publisher":{"@id":"https:\/\/ku.r-enks.net\/#organization"},"potentialAction":[{"@type":"SearchAction","target":{"@type":"EntryPoint","urlTemplate":"https:\/\/ku.r-enks.net\/?s={search_term_string}"},"query-input":{"@type":"PropertyValueSpecification","valueRequired":true,"valueName":"search_term_string"}}],"inLanguage":"en-GB"},{"@type":"Organization","@id":"https:\/\/ku.r-enks.net\/#organization","name":"Ragihandina Enc\u00fbmena Ni\u015ft\u00eeman\u00ee kurd\u00ee li S\u00fbriy\u00ea","url":"https:\/\/ku.r-enks.net\/","logo":{"@type":"ImageObject","inLanguage":"en-GB","@id":"https:\/\/ku.r-enks.net\/#\/schema\/logo\/image\/","url":"https:\/\/ku.r-enks.net\/wp-content\/uploads\/2025\/08\/IMG_1702.jpeg","contentUrl":"https:\/\/ku.r-enks.net\/wp-content\/uploads\/2025\/08\/IMG_1702.jpeg","width":283,"height":178,"caption":"Ragihandina Enc\u00fbmena Ni\u015ft\u00eeman\u00ee kurd\u00ee li S\u00fbriy\u00ea"},"image":{"@id":"https:\/\/ku.r-enks.net\/#\/schema\/logo\/image\/"}},{"@type":"Person","@id":"https:\/\/ku.r-enks.net\/#\/schema\/person\/fe62e1eb71363d24b589b2468836c801","name":"Raid Mihemed","image":{"@type":"ImageObject","inLanguage":"en-GB","@id":"https:\/\/secure.gravatar.com\/avatar\/ce58e252f8f6d4cb00c6348703ab86076cbc34b3bac88a03cf42d81e782e9d8f?s=96&d=mm&r=g","url":"https:\/\/secure.gravatar.com\/avatar\/ce58e252f8f6d4cb00c6348703ab86076cbc34b3bac88a03cf42d81e782e9d8f?s=96&d=mm&r=g","contentUrl":"https:\/\/secure.gravatar.com\/avatar\/ce58e252f8f6d4cb00c6348703ab86076cbc34b3bac88a03cf42d81e782e9d8f?s=96&d=mm&r=g","caption":"Raid Mihemed"},"url":"https:\/\/ku.r-enks.net\/?author=3"}]}},"_links":{"self":[{"href":"https:\/\/ku.r-enks.net\/index.php?rest_route=\/wp\/v2\/posts\/26047","targetHints":{"allow":["GET"]}}],"collection":[{"href":"https:\/\/ku.r-enks.net\/index.php?rest_route=\/wp\/v2\/posts"}],"about":[{"href":"https:\/\/ku.r-enks.net\/index.php?rest_route=\/wp\/v2\/types\/post"}],"author":[{"embeddable":true,"href":"https:\/\/ku.r-enks.net\/index.php?rest_route=\/wp\/v2\/users\/3"}],"replies":[{"embeddable":true,"href":"https:\/\/ku.r-enks.net\/index.php?rest_route=%2Fwp%2Fv2%2Fcomments&post=26047"}],"version-history":[{"count":1,"href":"https:\/\/ku.r-enks.net\/index.php?rest_route=\/wp\/v2\/posts\/26047\/revisions"}],"predecessor-version":[{"id":26053,"href":"https:\/\/ku.r-enks.net\/index.php?rest_route=\/wp\/v2\/posts\/26047\/revisions\/26053"}],"wp:featuredmedia":[{"embeddable":true,"href":"https:\/\/ku.r-enks.net\/index.php?rest_route=\/wp\/v2\/media\/26052"}],"wp:attachment":[{"href":"https:\/\/ku.r-enks.net\/index.php?rest_route=%2Fwp%2Fv2%2Fmedia&parent=26047"}],"wp:term":[{"taxonomy":"category","embeddable":true,"href":"https:\/\/ku.r-enks.net\/index.php?rest_route=%2Fwp%2Fv2%2Fcategories&post=26047"},{"taxonomy":"post_tag","embeddable":true,"href":"https:\/\/ku.r-enks.net\/index.php?rest_route=%2Fwp%2Fv2%2Ftags&post=26047"}],"curies":[{"name":"wp","href":"https:\/\/api.w.org\/{rel}","templated":true}]}}