{"id":26030,"date":"2026-09-04T20:11:19","date_gmt":"2026-09-04T20:11:19","guid":{"rendered":"https:\/\/ku.r-enks.net\/?p=26030"},"modified":"2026-09-04T20:11:19","modified_gmt":"2026-09-04T20:11:19","slug":"xwecihiya-kocerat-civina-xwe-ya-asayi-li-darxist","status":"publish","type":"post","link":"https:\/\/ku.r-enks.net\/?p=26030","title":{"rendered":"Xwecihiya Ko\u00e7erat civ\u00eena xwe ya asay\u00ee li darxist."},"content":{"rendered":"<p>Xwecihiya Ko\u00e7erat civ\u00eena xwe ya asay\u00ee li darxist.<\/p>\n<p>Roja \u00een\u00ea 4 \u00ea \u00cal\u00fbna 2026an, bi amadeb\u00fbna serok\u00ea of\u00eesa kar\u00fbbar\u00ean enc\u00fbmen\u00ean xwecih\u00ee M, Ne\u015fat Zaza, xwecihiya Ko\u00e7erat civ\u00eena xwe ya asay\u00ee li darxist.<\/p>\n<p>Di civ\u00een\u00ea de li ser gelek mijar\u00ean r\u00eaxistin\u00ee \u00fb siyas\u00ee, bi taybet\u00ee amadekariy\u00ean ji bo kongir\u00ea Enc\u00fbmena Ni\u015ft\u00eeman\u00eeya Kurd a p\u00ea\u015feroj\u00ea \u00fb r\u00eabaz\u00ean xurtkirina xebata r\u00eaxistin\u00ee \u00fb ba\u015ftirkirina performansa enc\u00fbmen\u00ean xwecih\u00ee ji bo p\u00eakan\u00eena daxwaz\u00ean rew\u015fa hey\u00ee, goft\u00fbgo kirin.<\/p>\n<p>Be\u015fdaran her wiha li ser p\u00ea\u015fketin\u00ean siyas\u00ee y\u00ean bi lez \u00fb bez li S\u00fbriyey\u00ea \u00fb bandor\u00ean wan li ser p\u00ea\u015feroja wel\u00eat genge\u015fe kirin, bi balki\u015fandina ser rew\u015fa gel\u00ea Kurd, maf\u00ean wan \u00ean netewey\u00ee \u00fb siyas\u00ee, \u00fb pirsgir\u00eak\u00ean ku ew di nav veguher\u00een\u00ean berdewam \u00ean li S\u00fbriyey\u00ea de p\u00ea re r\u00fb bi r\u00fb dim\u00eenin, got\u00fbb\u00eajkirin.<\/p>\n<p>Kes\u00ean amade gir\u00eengiya qonaxa niha \u00fb p\u00eaw\u00eestiya xurtkirina yek\u00eetiya Kurdan \u00fb akt\u00eevkirina rola saziy\u00ean siyas\u00ee \u00fb r\u00eaxistin\u00ee ji bo xizmetkirina xwestek\u00ean gel\u00ea Kurd li S\u00fbriyey\u00ea \u00fb misogerkirina heb\u00fbna wan wek\u00ee hevkar\u00ea sereke di \u015fekildana p\u00ea\u015feroja wel\u00eat de tekez kirin.<\/p>\n<p>Ev civ\u00een be\u015fek ji civ\u00een\u00ean bir\u00eak\u00fbp\u00eak \u00ean encumen\u00ean her\u00eam\u00ee ye, ku armanc ew e ku p\u00ea\u015fketin\u00ean siyas\u00ee \u00fb r\u00eaxistin\u00ee werin \u015fopandin, dan\u00fbstandin di navbera serokatiy\u00ea \u00fb endam\u00ean bingeh\u00een de were ba\u015ftirkirin, \u00fb asta amadekariy\u00ea ji bo pirsgir\u00eak\u00ean siyas\u00ee \u00fb r\u00eaxistin\u00ee y\u00ean p\u00ea\u015feroj\u00ea were bilindkirin.<\/p>\n<p>&nbsp;<\/p>\n<p>Ragihandina ENKS\u00ea<br \/>\nQami\u015flo<\/p>\n","protected":false},"excerpt":{"rendered":"<p>Xwecihiya Ko\u00e7erat civ\u00eena xwe ya asay\u00ee li darxist. Roja \u00een\u00ea 4 \u00ea \u00cal\u00fbna 2026an, bi amadeb\u00fbna serok\u00ea of\u00eesa kar\u00fbbar\u00ean enc\u00fbmen\u00ean xwecih\u00ee M, Ne\u015fat Zaza, xwecihiya Ko\u00e7erat civ\u00eena xwe ya asay\u00ee li darxist. Di civ\u00een\u00ea de li ser gelek mijar\u00ean r\u00eaxistin\u00ee \u00fb siyas\u00ee, bi taybet\u00ee amadekariy\u00ean ji bo kongir\u00ea Enc\u00fbmena Ni\u015ft\u00eeman\u00eeya Kurd a p\u00ea\u015feroj\u00ea \u00fb r\u00eabaz\u00ean [&hellip;]<\/p>\n","protected":false},"author":9,"featured_media":26031,"comment_status":"open","ping_status":"open","sticky":false,"template":"","format":"standard","meta":{"jnews-multi-image_gallery":[],"jnews_single_post":[],"jnews_primary_category":[],"jnews_override_counter":[],"footnotes":""},"categories":[64,39,47],"tags":[],"class_list":["post-26030","post","type-post","status-publish","format-standard","has-post-thumbnail","hentry","category-breaking-news","category-nuce","category-raporen-taybet"],"yoast_head":"<!-- This site is optimized with the Yoast SEO plugin v28.4 - https:\/\/yoast.com\/product\/yoast-seo-wordpress\/ -->\n<title>Xwecihiya Ko\u00e7erat civ\u00eena xwe ya asay\u00ee li darxist. - Ragihandina Enc\u00fbmena Ni\u015ft\u00eeman\u00ee kurd\u00ee li S\u00fbriy\u00ea<\/title>\n<meta name=\"robots\" content=\"index, follow, max-snippet:-1, max-image-preview:large, max-video-preview:-1\" \/>\n<link rel=\"canonical\" href=\"https:\/\/ku.r-enks.net\/?p=26030\" \/>\n<meta property=\"og:locale\" content=\"en_GB\" \/>\n<meta property=\"og:type\" content=\"article\" \/>\n<meta property=\"og:title\" content=\"Xwecihiya Ko\u00e7erat civ\u00eena xwe ya asay\u00ee li darxist. - Ragihandina Enc\u00fbmena Ni\u015ft\u00eeman\u00ee kurd\u00ee li S\u00fbriy\u00ea\" \/>\n<meta property=\"og:description\" content=\"Xwecihiya Ko\u00e7erat civ\u00eena xwe ya asay\u00ee li darxist. Roja \u00een\u00ea 4 \u00ea \u00cal\u00fbna 2026an, bi amadeb\u00fbna serok\u00ea of\u00eesa kar\u00fbbar\u00ean enc\u00fbmen\u00ean xwecih\u00ee M, Ne\u015fat Zaza, xwecihiya Ko\u00e7erat civ\u00eena xwe ya asay\u00ee li darxist. Di civ\u00een\u00ea de li ser gelek mijar\u00ean r\u00eaxistin\u00ee \u00fb siyas\u00ee, bi taybet\u00ee amadekariy\u00ean ji bo kongir\u00ea Enc\u00fbmena Ni\u015ft\u00eeman\u00eeya Kurd a p\u00ea\u015feroj\u00ea \u00fb r\u00eabaz\u00ean [&hellip;]\" \/>\n<meta property=\"og:url\" content=\"https:\/\/ku.r-enks.net\/?p=26030\" \/>\n<meta property=\"og:site_name\" content=\"Ragihandina Enc\u00fbmena Ni\u015ft\u00eeman\u00ee kurd\u00ee li S\u00fbriy\u00ea\" \/>\n<meta property=\"article:published_time\" content=\"2026-09-04T20:11:19+00:00\" \/>\n<meta property=\"og:image\" content=\"https:\/\/ku.r-enks.net\/wp-content\/uploads\/2026\/09\/6cf58909-29c1-4ba0-b65c-9b7e3ee98ae8.jpeg\" \/>\n\t<meta property=\"og:image:width\" content=\"1280\" \/>\n\t<meta property=\"og:image:height\" content=\"833\" \/>\n\t<meta property=\"og:image:type\" content=\"image\/jpeg\" \/>\n<meta name=\"author\" content=\"ferhad \u015e\u00eaxo\" \/>\n<meta name=\"twitter:card\" content=\"summary_large_image\" \/>\n<meta name=\"twitter:label1\" content=\"Written by\" \/>\n\t<meta name=\"twitter:data1\" content=\"ferhad \u015e\u00eaxo\" \/>\n\t<meta name=\"twitter:label2\" content=\"Estimated reading time\" \/>\n\t<meta name=\"twitter:data2\" content=\"1 minute\" \/>\n<script type=\"application\/ld+json\" class=\"yoast-schema-graph\">{\"@context\":\"https:\\\/\\\/schema.org\",\"@graph\":[{\"@type\":\"Article\",\"@id\":\"https:\\\/\\\/ku.r-enks.net\\\/?p=26030#article\",\"isPartOf\":{\"@id\":\"https:\\\/\\\/ku.r-enks.net\\\/?p=26030\"},\"author\":{\"name\":\"ferhad \u015e\u00eaxo\",\"@id\":\"https:\\\/\\\/ku.r-enks.net\\\/#\\\/schema\\\/person\\\/b5083e97489c8f4a39ec5ef09a24d63e\"},\"headline\":\"Xwecihiya Ko\u00e7erat civ\u00eena xwe ya asay\u00ee li darxist.\",\"datePublished\":\"2026-09-04T20:11:19+00:00\",\"mainEntityOfPage\":{\"@id\":\"https:\\\/\\\/ku.r-enks.net\\\/?p=26030\"},\"wordCount\":292,\"commentCount\":0,\"publisher\":{\"@id\":\"https:\\\/\\\/ku.r-enks.net\\\/#organization\"},\"image\":{\"@id\":\"https:\\\/\\\/ku.r-enks.net\\\/?p=26030#primaryimage\"},\"thumbnailUrl\":\"https:\\\/\\\/ku.r-enks.net\\\/wp-content\\\/uploads\\\/2026\\\/09\\\/6cf58909-29c1-4ba0-b65c-9b7e3ee98ae8.jpeg\",\"articleSection\":[\"Breaking news\",\"N\u00fb\u00e7e\",\"Rapor\u00ean Taybet\"],\"inLanguage\":\"en-GB\",\"potentialAction\":[{\"@type\":\"CommentAction\",\"name\":\"Comment\",\"target\":[\"https:\\\/\\\/ku.r-enks.net\\\/?p=26030#respond\"]}]},{\"@type\":\"WebPage\",\"@id\":\"https:\\\/\\\/ku.r-enks.net\\\/?p=26030\",\"url\":\"https:\\\/\\\/ku.r-enks.net\\\/?p=26030\",\"name\":\"Xwecihiya Ko\u00e7erat civ\u00eena xwe ya asay\u00ee li darxist. - Ragihandina Enc\u00fbmena Ni\u015ft\u00eeman\u00ee kurd\u00ee li S\u00fbriy\u00ea\",\"isPartOf\":{\"@id\":\"https:\\\/\\\/ku.r-enks.net\\\/#website\"},\"primaryImageOfPage\":{\"@id\":\"https:\\\/\\\/ku.r-enks.net\\\/?p=26030#primaryimage\"},\"image\":{\"@id\":\"https:\\\/\\\/ku.r-enks.net\\\/?p=26030#primaryimage\"},\"thumbnailUrl\":\"https:\\\/\\\/ku.r-enks.net\\\/wp-content\\\/uploads\\\/2026\\\/09\\\/6cf58909-29c1-4ba0-b65c-9b7e3ee98ae8.jpeg\",\"datePublished\":\"2026-09-04T20:11:19+00:00\",\"breadcrumb\":{\"@id\":\"https:\\\/\\\/ku.r-enks.net\\\/?p=26030#breadcrumb\"},\"inLanguage\":\"en-GB\",\"potentialAction\":[{\"@type\":\"ReadAction\",\"target\":[\"https:\\\/\\\/ku.r-enks.net\\\/?p=26030\"]}]},{\"@type\":\"ImageObject\",\"inLanguage\":\"en-GB\",\"@id\":\"https:\\\/\\\/ku.r-enks.net\\\/?p=26030#primaryimage\",\"url\":\"https:\\\/\\\/ku.r-enks.net\\\/wp-content\\\/uploads\\\/2026\\\/09\\\/6cf58909-29c1-4ba0-b65c-9b7e3ee98ae8.jpeg\",\"contentUrl\":\"https:\\\/\\\/ku.r-enks.net\\\/wp-content\\\/uploads\\\/2026\\\/09\\\/6cf58909-29c1-4ba0-b65c-9b7e3ee98ae8.jpeg\",\"width\":1280,\"height\":833},{\"@type\":\"BreadcrumbList\",\"@id\":\"https:\\\/\\\/ku.r-enks.net\\\/?p=26030#breadcrumb\",\"itemListElement\":[{\"@type\":\"ListItem\",\"position\":1,\"name\":\"Home\",\"item\":\"https:\\\/\\\/ku.r-enks.net\\\/\"},{\"@type\":\"ListItem\",\"position\":2,\"name\":\"Xwecihiya Ko\u00e7erat civ\u00eena xwe ya asay\u00ee li darxist.\"}]},{\"@type\":\"WebSite\",\"@id\":\"https:\\\/\\\/ku.r-enks.net\\\/#website\",\"url\":\"https:\\\/\\\/ku.r-enks.net\\\/\",\"name\":\"Ragihandina Enc\u00fbmena Ni\u015ft\u00eeman\u00ee kurd\u00ee li S\u00fbriy\u00ea\",\"description\":\"\u0627\u0644\u0645\u062c\u0644\u0633 \u0627\u0644\u0648\u0637\u0646\u064a \u0627\u0644\u0643\u0648\u0631\u062f\u064a \u0641\u064a \u0633\u0648\u0631\u064a\u0627\",\"publisher\":{\"@id\":\"https:\\\/\\\/ku.r-enks.net\\\/#organization\"},\"potentialAction\":[{\"@type\":\"SearchAction\",\"target\":{\"@type\":\"EntryPoint\",\"urlTemplate\":\"https:\\\/\\\/ku.r-enks.net\\\/?s={search_term_string}\"},\"query-input\":{\"@type\":\"PropertyValueSpecification\",\"valueRequired\":true,\"valueName\":\"search_term_string\"}}],\"inLanguage\":\"en-GB\"},{\"@type\":\"Organization\",\"@id\":\"https:\\\/\\\/ku.r-enks.net\\\/#organization\",\"name\":\"Ragihandina Enc\u00fbmena Ni\u015ft\u00eeman\u00ee kurd\u00ee li S\u00fbriy\u00ea\",\"url\":\"https:\\\/\\\/ku.r-enks.net\\\/\",\"logo\":{\"@type\":\"ImageObject\",\"inLanguage\":\"en-GB\",\"@id\":\"https:\\\/\\\/ku.r-enks.net\\\/#\\\/schema\\\/logo\\\/image\\\/\",\"url\":\"https:\\\/\\\/ku.r-enks.net\\\/wp-content\\\/uploads\\\/2025\\\/08\\\/IMG_1702.jpeg\",\"contentUrl\":\"https:\\\/\\\/ku.r-enks.net\\\/wp-content\\\/uploads\\\/2025\\\/08\\\/IMG_1702.jpeg\",\"width\":283,\"height\":178,\"caption\":\"Ragihandina Enc\u00fbmena Ni\u015ft\u00eeman\u00ee kurd\u00ee li S\u00fbriy\u00ea\"},\"image\":{\"@id\":\"https:\\\/\\\/ku.r-enks.net\\\/#\\\/schema\\\/logo\\\/image\\\/\"}},{\"@type\":\"Person\",\"@id\":\"https:\\\/\\\/ku.r-enks.net\\\/#\\\/schema\\\/person\\\/b5083e97489c8f4a39ec5ef09a24d63e\",\"name\":\"ferhad \u015e\u00eaxo\",\"image\":{\"@type\":\"ImageObject\",\"inLanguage\":\"en-GB\",\"@id\":\"https:\\\/\\\/secure.gravatar.com\\\/avatar\\\/07bbc22fb9fb2ef801b2fbaa0aabbccce9823f175eecbf6562ba080b1c55e14a?s=96&d=mm&r=g\",\"url\":\"https:\\\/\\\/secure.gravatar.com\\\/avatar\\\/07bbc22fb9fb2ef801b2fbaa0aabbccce9823f175eecbf6562ba080b1c55e14a?s=96&d=mm&r=g\",\"contentUrl\":\"https:\\\/\\\/secure.gravatar.com\\\/avatar\\\/07bbc22fb9fb2ef801b2fbaa0aabbccce9823f175eecbf6562ba080b1c55e14a?s=96&d=mm&r=g\",\"caption\":\"ferhad \u015e\u00eaxo\"},\"sameAs\":[\"http:\\\/\\\/Ferhad\"],\"url\":\"https:\\\/\\\/ku.r-enks.net\\\/?author=9\"}]}<\/script>\n<!-- \/ Yoast SEO plugin. -->","yoast_head_json":{"title":"Xwecihiya Ko\u00e7erat civ\u00eena xwe ya asay\u00ee li darxist. - Ragihandina Enc\u00fbmena Ni\u015ft\u00eeman\u00ee kurd\u00ee li S\u00fbriy\u00ea","robots":{"index":"index","follow":"follow","max-snippet":"max-snippet:-1","max-image-preview":"max-image-preview:large","max-video-preview":"max-video-preview:-1"},"canonical":"https:\/\/ku.r-enks.net\/?p=26030","og_locale":"en_GB","og_type":"article","og_title":"Xwecihiya Ko\u00e7erat civ\u00eena xwe ya asay\u00ee li darxist. - Ragihandina Enc\u00fbmena Ni\u015ft\u00eeman\u00ee kurd\u00ee li S\u00fbriy\u00ea","og_description":"Xwecihiya Ko\u00e7erat civ\u00eena xwe ya asay\u00ee li darxist. Roja \u00een\u00ea 4 \u00ea \u00cal\u00fbna 2026an, bi amadeb\u00fbna serok\u00ea of\u00eesa kar\u00fbbar\u00ean enc\u00fbmen\u00ean xwecih\u00ee M, Ne\u015fat Zaza, xwecihiya Ko\u00e7erat civ\u00eena xwe ya asay\u00ee li darxist. Di civ\u00een\u00ea de li ser gelek mijar\u00ean r\u00eaxistin\u00ee \u00fb siyas\u00ee, bi taybet\u00ee amadekariy\u00ean ji bo kongir\u00ea Enc\u00fbmena Ni\u015ft\u00eeman\u00eeya Kurd a p\u00ea\u015feroj\u00ea \u00fb r\u00eabaz\u00ean [&hellip;]","og_url":"https:\/\/ku.r-enks.net\/?p=26030","og_site_name":"Ragihandina Enc\u00fbmena Ni\u015ft\u00eeman\u00ee kurd\u00ee li S\u00fbriy\u00ea","article_published_time":"2026-09-04T20:11:19+00:00","og_image":[{"width":1280,"height":833,"url":"https:\/\/ku.r-enks.net\/wp-content\/uploads\/2026\/09\/6cf58909-29c1-4ba0-b65c-9b7e3ee98ae8.jpeg","type":"image\/jpeg"}],"author":"ferhad \u015e\u00eaxo","twitter_card":"summary_large_image","twitter_misc":{"Written by":"ferhad \u015e\u00eaxo","Estimated reading time":"1 minute"},"schema":{"@context":"https:\/\/schema.org","@graph":[{"@type":"Article","@id":"https:\/\/ku.r-enks.net\/?p=26030#article","isPartOf":{"@id":"https:\/\/ku.r-enks.net\/?p=26030"},"author":{"name":"ferhad \u015e\u00eaxo","@id":"https:\/\/ku.r-enks.net\/#\/schema\/person\/b5083e97489c8f4a39ec5ef09a24d63e"},"headline":"Xwecihiya Ko\u00e7erat civ\u00eena xwe ya asay\u00ee li darxist.","datePublished":"2026-09-04T20:11:19+00:00","mainEntityOfPage":{"@id":"https:\/\/ku.r-enks.net\/?p=26030"},"wordCount":292,"commentCount":0,"publisher":{"@id":"https:\/\/ku.r-enks.net\/#organization"},"image":{"@id":"https:\/\/ku.r-enks.net\/?p=26030#primaryimage"},"thumbnailUrl":"https:\/\/ku.r-enks.net\/wp-content\/uploads\/2026\/09\/6cf58909-29c1-4ba0-b65c-9b7e3ee98ae8.jpeg","articleSection":["Breaking news","N\u00fb\u00e7e","Rapor\u00ean Taybet"],"inLanguage":"en-GB","potentialAction":[{"@type":"CommentAction","name":"Comment","target":["https:\/\/ku.r-enks.net\/?p=26030#respond"]}]},{"@type":"WebPage","@id":"https:\/\/ku.r-enks.net\/?p=26030","url":"https:\/\/ku.r-enks.net\/?p=26030","name":"Xwecihiya Ko\u00e7erat civ\u00eena xwe ya asay\u00ee li darxist. - Ragihandina Enc\u00fbmena Ni\u015ft\u00eeman\u00ee kurd\u00ee li S\u00fbriy\u00ea","isPartOf":{"@id":"https:\/\/ku.r-enks.net\/#website"},"primaryImageOfPage":{"@id":"https:\/\/ku.r-enks.net\/?p=26030#primaryimage"},"image":{"@id":"https:\/\/ku.r-enks.net\/?p=26030#primaryimage"},"thumbnailUrl":"https:\/\/ku.r-enks.net\/wp-content\/uploads\/2026\/09\/6cf58909-29c1-4ba0-b65c-9b7e3ee98ae8.jpeg","datePublished":"2026-09-04T20:11:19+00:00","breadcrumb":{"@id":"https:\/\/ku.r-enks.net\/?p=26030#breadcrumb"},"inLanguage":"en-GB","potentialAction":[{"@type":"ReadAction","target":["https:\/\/ku.r-enks.net\/?p=26030"]}]},{"@type":"ImageObject","inLanguage":"en-GB","@id":"https:\/\/ku.r-enks.net\/?p=26030#primaryimage","url":"https:\/\/ku.r-enks.net\/wp-content\/uploads\/2026\/09\/6cf58909-29c1-4ba0-b65c-9b7e3ee98ae8.jpeg","contentUrl":"https:\/\/ku.r-enks.net\/wp-content\/uploads\/2026\/09\/6cf58909-29c1-4ba0-b65c-9b7e3ee98ae8.jpeg","width":1280,"height":833},{"@type":"BreadcrumbList","@id":"https:\/\/ku.r-enks.net\/?p=26030#breadcrumb","itemListElement":[{"@type":"ListItem","position":1,"name":"Home","item":"https:\/\/ku.r-enks.net\/"},{"@type":"ListItem","position":2,"name":"Xwecihiya Ko\u00e7erat civ\u00eena xwe ya asay\u00ee li darxist."}]},{"@type":"WebSite","@id":"https:\/\/ku.r-enks.net\/#website","url":"https:\/\/ku.r-enks.net\/","name":"Ragihandina Enc\u00fbmena Ni\u015ft\u00eeman\u00ee kurd\u00ee li S\u00fbriy\u00ea","description":"\u0627\u0644\u0645\u062c\u0644\u0633 \u0627\u0644\u0648\u0637\u0646\u064a \u0627\u0644\u0643\u0648\u0631\u062f\u064a \u0641\u064a \u0633\u0648\u0631\u064a\u0627","publisher":{"@id":"https:\/\/ku.r-enks.net\/#organization"},"potentialAction":[{"@type":"SearchAction","target":{"@type":"EntryPoint","urlTemplate":"https:\/\/ku.r-enks.net\/?s={search_term_string}"},"query-input":{"@type":"PropertyValueSpecification","valueRequired":true,"valueName":"search_term_string"}}],"inLanguage":"en-GB"},{"@type":"Organization","@id":"https:\/\/ku.r-enks.net\/#organization","name":"Ragihandina Enc\u00fbmena Ni\u015ft\u00eeman\u00ee kurd\u00ee li S\u00fbriy\u00ea","url":"https:\/\/ku.r-enks.net\/","logo":{"@type":"ImageObject","inLanguage":"en-GB","@id":"https:\/\/ku.r-enks.net\/#\/schema\/logo\/image\/","url":"https:\/\/ku.r-enks.net\/wp-content\/uploads\/2025\/08\/IMG_1702.jpeg","contentUrl":"https:\/\/ku.r-enks.net\/wp-content\/uploads\/2025\/08\/IMG_1702.jpeg","width":283,"height":178,"caption":"Ragihandina Enc\u00fbmena Ni\u015ft\u00eeman\u00ee kurd\u00ee li S\u00fbriy\u00ea"},"image":{"@id":"https:\/\/ku.r-enks.net\/#\/schema\/logo\/image\/"}},{"@type":"Person","@id":"https:\/\/ku.r-enks.net\/#\/schema\/person\/b5083e97489c8f4a39ec5ef09a24d63e","name":"ferhad \u015e\u00eaxo","image":{"@type":"ImageObject","inLanguage":"en-GB","@id":"https:\/\/secure.gravatar.com\/avatar\/07bbc22fb9fb2ef801b2fbaa0aabbccce9823f175eecbf6562ba080b1c55e14a?s=96&d=mm&r=g","url":"https:\/\/secure.gravatar.com\/avatar\/07bbc22fb9fb2ef801b2fbaa0aabbccce9823f175eecbf6562ba080b1c55e14a?s=96&d=mm&r=g","contentUrl":"https:\/\/secure.gravatar.com\/avatar\/07bbc22fb9fb2ef801b2fbaa0aabbccce9823f175eecbf6562ba080b1c55e14a?s=96&d=mm&r=g","caption":"ferhad \u015e\u00eaxo"},"sameAs":["http:\/\/Ferhad"],"url":"https:\/\/ku.r-enks.net\/?author=9"}]}},"_links":{"self":[{"href":"https:\/\/ku.r-enks.net\/index.php?rest_route=\/wp\/v2\/posts\/26030","targetHints":{"allow":["GET"]}}],"collection":[{"href":"https:\/\/ku.r-enks.net\/index.php?rest_route=\/wp\/v2\/posts"}],"about":[{"href":"https:\/\/ku.r-enks.net\/index.php?rest_route=\/wp\/v2\/types\/post"}],"author":[{"embeddable":true,"href":"https:\/\/ku.r-enks.net\/index.php?rest_route=\/wp\/v2\/users\/9"}],"replies":[{"embeddable":true,"href":"https:\/\/ku.r-enks.net\/index.php?rest_route=%2Fwp%2Fv2%2Fcomments&post=26030"}],"version-history":[{"count":1,"href":"https:\/\/ku.r-enks.net\/index.php?rest_route=\/wp\/v2\/posts\/26030\/revisions"}],"predecessor-version":[{"id":26032,"href":"https:\/\/ku.r-enks.net\/index.php?rest_route=\/wp\/v2\/posts\/26030\/revisions\/26032"}],"wp:featuredmedia":[{"embeddable":true,"href":"https:\/\/ku.r-enks.net\/index.php?rest_route=\/wp\/v2\/media\/26031"}],"wp:attachment":[{"href":"https:\/\/ku.r-enks.net\/index.php?rest_route=%2Fwp%2Fv2%2Fmedia&parent=26030"}],"wp:term":[{"taxonomy":"category","embeddable":true,"href":"https:\/\/ku.r-enks.net\/index.php?rest_route=%2Fwp%2Fv2%2Fcategories&post=26030"},{"taxonomy":"post_tag","embeddable":true,"href":"https:\/\/ku.r-enks.net\/index.php?rest_route=%2Fwp%2Fv2%2Ftags&post=26030"}],"curies":[{"name":"wp","href":"https:\/\/api.w.org\/{rel}","templated":true}]}}