{"id":26027,"date":"2026-09-04T20:09:25","date_gmt":"2026-09-04T20:09:25","guid":{"rendered":"https:\/\/ku.r-enks.net\/?p=26027"},"modified":"2026-09-04T20:09:25","modified_gmt":"2026-09-04T20:09:25","slug":"sam-sandeke-ji-endamen-encumena-gel-ya-suri-serdana-xwecihiya-same-ya-bi-ser-enks-ve-kir","status":"publish","type":"post","link":"https:\/\/ku.r-enks.net\/?p=26027","title":{"rendered":"\u015eAM: \u015eANDEKE JI ENDAM\u00caN ENC\u00dbMENA GEL YA S\u00dbR\u00ce SERDANA XWECIHIYA \u015eAM\u00ca YA BI SER &#8220;ENKS&#8221; VE KIR."},"content":{"rendered":"<p>\u015eAM: \u015eANDEKE JI ENDAM\u00caN ENC\u00dbMENA GEL YA S\u00dbR\u00ce SERDANA XWECIHIYA \u015eAM\u00ca YA BI SER &#8220;ENKS&#8221; VE KIR.<\/p>\n<p>Hevd\u00eetina endam\u00ean Enc\u00fbmena Gel \u00fb Enc\u00fbmena Ni\u015ftiman\u00ee ya Kurd\u00ee li S\u00fbriy\u00ea li paytext \u015eam\u00ea, wek\u00ee gaveke giring a siyas\u00ee ji bo derbasb\u00fbna qonaxa rawestan\u00ea \u00fb n\u00eaz\u00eekkirina n\u00ear\u00eenan hat nirxandin.<\/p>\n<p>Li gor\u00ee n\u00fb\u00e7eya ragihandina Enc\u00fbmena Ni\u015ftiman\u00ee ya Kurd\u00ee li S\u00fbriy\u00ea, wek\u00ee gaveke ku gih\u00ee\u015ftina siyas\u00ee \u00fb daxwazeke rast\u00een a ji bo derbaskirina rawestana siyas\u00ee n\u00ee\u015fan dide, niv\u00eeskgeha xwecih\u00ee ya \u015eam\u00ea ya ser bi Enc\u00fbmena Ni\u015ftiman\u00ee ya Kurd\u00ee li S\u00fbriy\u00ea ve p\u00ea\u015fwaz\u00ee li \u015fandeyek\u00ea kir ku ji endam\u00ean Enc\u00fbmena Gel a S\u00fbriy\u00ea p\u00eak dihat. \u015eande ji her yek ji xanim Fesla Y\u00fbsif \u00fb bir\u00eazan Mihemmed Seydo \u00fb Ridwan Seydo p\u00eak hat.<br \/>\n\u015eande ji aliy\u00ea serok\u00ea xwecih\u00ee ya \u015eam\u00ea Luqman Oso \u00fb hejmarek ji endam\u00ean xwecih\u00ee ve hat p\u00ea\u015fwaz\u00eekirin.<br \/>\nEv hevd\u00eetin wek\u00ee qonaxeke ber\u00e7av di r\u00eabaza diyalog\u00ea de hat d\u00eetin, ji ber ku ji s\u00eenor\u00ean protokol\u00ee derbas b\u00fb \u00fb ket k\u00fbrahiya mijar\u00ean \u00e7aren\u00fbssaz \u00ean ku bandor\u00ea li seranser\u00ee civaka S\u00fbriy\u00ea \u00fb p\u00eakhatey\u00ean w\u00ea dikin.<\/p>\n<p>Di guft\u00fbgoy\u00ean d\u00fbr \u00fb dir\u00eaj de, giringiya rola saziy\u00ean qan\u00fbndany\u00een\u00ea \u00fb \u00e7alakkirina am\u00fbr\u00ean \u00e7avd\u00eariy\u00ea hatin nirxandin daku hewcedariy\u00ean rojane y\u00ean welatiyan b\u00eam dab\u00eenkirin. Her du aliyan mekan\u00eezmay\u00ean xurtkirina peywendiyan di navbera endam\u00ean Enc\u00fbmena Gel \u00fb destey\u00ean cuda y\u00ean n\u00ee\u015ftiman\u00ee \u00fb civak\u00ee de<br \/>\nnirxandin.<\/p>\n<p>Amadeb\u00fbyan tekez kir ku qonaxa niha p\u00eaw\u00eest\u00ee bi hewldan\u00ean hevbe\u015f \u00fb hevkariya rast\u00een heye da ku bar\u00ea giran \u00ea jiyan\u00ea \u00fb xizmetguzariy\u00ea li ser mil\u00ea welatiyan k\u00eam bibe.<\/p>\n<p>Her wiha di civ\u00een\u00ea de r\u00eay\u00ean gihandina deng\u00ea \u00e7\u00een\u00ean bindest \u00fb zirarberketiye Enc\u00fbmena Gel \u00fb aliy\u00ean ferm\u00ee hatin n\u00eeqa\u015fkirin.<\/p>\n<p>Aliyan destn\u00ee\u015fan kir ku xebata hevbe\u015f \u00fb hevahengiya berdewam, misogeriya her\u00ee mezin e ji bo \u00e7areserkirina pirsgirg\u00eak\u00ean komb\u00fby\u00ee, \u00fb \u00e7andina \u00e7anda diyaloga avaker wek\u00ee r\u00eabazeke domdar di mijar\u00ean n\u00ee\u015ftiman\u00ee de.<\/p>\n<p>Ev destp\u00ea\u015fxeriya han di demeke pir hesas de t\u00ea ku hewldana hem\u00fb aliy\u00ean n\u00ee\u015ftiman\u00ee dixwaze daku bawer\u00ee di navbera hem\u00fb aliy\u00ean S\u00fbr\u00ee de vegere.<\/p>\n<p>Her wiha lidarxistina v\u00ea civ\u00een\u00ea li paytext \u015eam\u00ea peyam\u00ean er\u00ean\u00ee dide ku diyaloga di \u00e7ar\u00e7oveya berjewendiya bilind a n\u00ee\u015ftiman\u00ee de, her dem bijardeya her\u00ee serkeft\u00ee ye ji bo lihevkirina li ser d\u00eetin\u00ean pa\u015feroj\u00ea y\u00ean ku xizmeta aramiya welat dikin.<\/p>\n<p>Ragihandina ENKS\u00ea<br \/>\nRapor: El\u00ee Fetah<\/p>\n","protected":false},"excerpt":{"rendered":"<p>\u015eAM: \u015eANDEKE JI ENDAM\u00caN ENC\u00dbMENA GEL YA S\u00dbR\u00ce SERDANA XWECIHIYA \u015eAM\u00ca YA BI SER &#8220;ENKS&#8221; VE KIR. Hevd\u00eetina endam\u00ean Enc\u00fbmena Gel \u00fb Enc\u00fbmena Ni\u015ftiman\u00ee ya Kurd\u00ee li S\u00fbriy\u00ea li paytext \u015eam\u00ea, wek\u00ee gaveke giring a siyas\u00ee ji bo derbasb\u00fbna qonaxa rawestan\u00ea \u00fb n\u00eaz\u00eekkirina n\u00ear\u00eenan hat nirxandin. Li gor\u00ee n\u00fb\u00e7eya ragihandina Enc\u00fbmena Ni\u015ftiman\u00ee ya Kurd\u00ee li [&hellip;]<\/p>\n","protected":false},"author":9,"featured_media":26028,"comment_status":"open","ping_status":"open","sticky":false,"template":"","format":"standard","meta":{"jnews-multi-image_gallery":[],"jnews_single_post":[],"jnews_primary_category":[],"jnews_override_counter":[],"footnotes":""},"categories":[64,39,58,47],"tags":[],"class_list":["post-26027","post","type-post","status-publish","format-standard","has-post-thumbnail","hentry","category-breaking-news","category-nuce","category-nuceyen-bilez","category-raporen-taybet"],"yoast_head":"<!-- This site is optimized with the Yoast SEO plugin v28.4 - https:\/\/yoast.com\/product\/yoast-seo-wordpress\/ -->\n<title>\u015eAM: \u015eANDEKE JI ENDAM\u00caN ENC\u00dbMENA GEL YA S\u00dbR\u00ce SERDANA XWECIHIYA \u015eAM\u00ca YA BI SER &quot;ENKS&quot; VE KIR. - Ragihandina Enc\u00fbmena Ni\u015ft\u00eeman\u00ee kurd\u00ee li S\u00fbriy\u00ea<\/title>\n<meta name=\"robots\" content=\"index, follow, max-snippet:-1, max-image-preview:large, max-video-preview:-1\" \/>\n<link rel=\"canonical\" href=\"https:\/\/ku.r-enks.net\/?p=26027\" \/>\n<meta property=\"og:locale\" content=\"en_GB\" \/>\n<meta property=\"og:type\" content=\"article\" \/>\n<meta property=\"og:title\" content=\"\u015eAM: \u015eANDEKE JI ENDAM\u00caN ENC\u00dbMENA GEL YA S\u00dbR\u00ce SERDANA XWECIHIYA \u015eAM\u00ca YA BI SER &quot;ENKS&quot; VE KIR. - Ragihandina Enc\u00fbmena Ni\u015ft\u00eeman\u00ee kurd\u00ee li S\u00fbriy\u00ea\" \/>\n<meta property=\"og:description\" content=\"\u015eAM: \u015eANDEKE JI ENDAM\u00caN ENC\u00dbMENA GEL YA S\u00dbR\u00ce SERDANA XWECIHIYA \u015eAM\u00ca YA BI SER &#8220;ENKS&#8221; VE KIR. Hevd\u00eetina endam\u00ean Enc\u00fbmena Gel \u00fb Enc\u00fbmena Ni\u015ftiman\u00ee ya Kurd\u00ee li S\u00fbriy\u00ea li paytext \u015eam\u00ea, wek\u00ee gaveke giring a siyas\u00ee ji bo derbasb\u00fbna qonaxa rawestan\u00ea \u00fb n\u00eaz\u00eekkirina n\u00ear\u00eenan hat nirxandin. Li gor\u00ee n\u00fb\u00e7eya ragihandina Enc\u00fbmena Ni\u015ftiman\u00ee ya Kurd\u00ee li [&hellip;]\" \/>\n<meta property=\"og:url\" content=\"https:\/\/ku.r-enks.net\/?p=26027\" \/>\n<meta property=\"og:site_name\" content=\"Ragihandina Enc\u00fbmena Ni\u015ft\u00eeman\u00ee kurd\u00ee li S\u00fbriy\u00ea\" \/>\n<meta property=\"article:published_time\" content=\"2026-09-04T20:09:25+00:00\" \/>\n<meta property=\"og:image\" content=\"https:\/\/ku.r-enks.net\/wp-content\/uploads\/2026\/09\/c780e520-d878-426b-a00e-c807caa8770c.jpeg\" \/>\n\t<meta property=\"og:image:width\" content=\"1280\" \/>\n\t<meta property=\"og:image:height\" content=\"720\" \/>\n\t<meta property=\"og:image:type\" content=\"image\/jpeg\" \/>\n<meta name=\"author\" content=\"ferhad \u015e\u00eaxo\" \/>\n<meta name=\"twitter:card\" content=\"summary_large_image\" \/>\n<meta name=\"twitter:label1\" content=\"Written by\" \/>\n\t<meta name=\"twitter:data1\" content=\"ferhad \u015e\u00eaxo\" \/>\n\t<meta name=\"twitter:label2\" content=\"Estimated reading time\" \/>\n\t<meta name=\"twitter:data2\" content=\"2 minutes\" \/>\n<script type=\"application\/ld+json\" class=\"yoast-schema-graph\">{\"@context\":\"https:\\\/\\\/schema.org\",\"@graph\":[{\"@type\":\"Article\",\"@id\":\"https:\\\/\\\/ku.r-enks.net\\\/?p=26027#article\",\"isPartOf\":{\"@id\":\"https:\\\/\\\/ku.r-enks.net\\\/?p=26027\"},\"author\":{\"name\":\"ferhad \u015e\u00eaxo\",\"@id\":\"https:\\\/\\\/ku.r-enks.net\\\/#\\\/schema\\\/person\\\/b5083e97489c8f4a39ec5ef09a24d63e\"},\"headline\":\"\u015eAM: \u015eANDEKE JI ENDAM\u00caN ENC\u00dbMENA GEL YA S\u00dbR\u00ce SERDANA XWECIHIYA \u015eAM\u00ca YA BI SER &#8220;ENKS&#8221; VE KIR.\",\"datePublished\":\"2026-09-04T20:09:25+00:00\",\"mainEntityOfPage\":{\"@id\":\"https:\\\/\\\/ku.r-enks.net\\\/?p=26027\"},\"wordCount\":461,\"commentCount\":0,\"publisher\":{\"@id\":\"https:\\\/\\\/ku.r-enks.net\\\/#organization\"},\"image\":{\"@id\":\"https:\\\/\\\/ku.r-enks.net\\\/?p=26027#primaryimage\"},\"thumbnailUrl\":\"https:\\\/\\\/ku.r-enks.net\\\/wp-content\\\/uploads\\\/2026\\\/09\\\/c780e520-d878-426b-a00e-c807caa8770c.jpeg\",\"articleSection\":[\"Breaking news\",\"N\u00fb\u00e7e\",\"N\u00fb\u00e7ey\u00ean Bilez\",\"Rapor\u00ean Taybet\"],\"inLanguage\":\"en-GB\",\"potentialAction\":[{\"@type\":\"CommentAction\",\"name\":\"Comment\",\"target\":[\"https:\\\/\\\/ku.r-enks.net\\\/?p=26027#respond\"]}]},{\"@type\":\"WebPage\",\"@id\":\"https:\\\/\\\/ku.r-enks.net\\\/?p=26027\",\"url\":\"https:\\\/\\\/ku.r-enks.net\\\/?p=26027\",\"name\":\"\u015eAM: \u015eANDEKE JI ENDAM\u00caN ENC\u00dbMENA GEL YA S\u00dbR\u00ce SERDANA XWECIHIYA \u015eAM\u00ca YA BI SER \\\"ENKS\\\" VE KIR. - Ragihandina Enc\u00fbmena Ni\u015ft\u00eeman\u00ee kurd\u00ee li S\u00fbriy\u00ea\",\"isPartOf\":{\"@id\":\"https:\\\/\\\/ku.r-enks.net\\\/#website\"},\"primaryImageOfPage\":{\"@id\":\"https:\\\/\\\/ku.r-enks.net\\\/?p=26027#primaryimage\"},\"image\":{\"@id\":\"https:\\\/\\\/ku.r-enks.net\\\/?p=26027#primaryimage\"},\"thumbnailUrl\":\"https:\\\/\\\/ku.r-enks.net\\\/wp-content\\\/uploads\\\/2026\\\/09\\\/c780e520-d878-426b-a00e-c807caa8770c.jpeg\",\"datePublished\":\"2026-09-04T20:09:25+00:00\",\"breadcrumb\":{\"@id\":\"https:\\\/\\\/ku.r-enks.net\\\/?p=26027#breadcrumb\"},\"inLanguage\":\"en-GB\",\"potentialAction\":[{\"@type\":\"ReadAction\",\"target\":[\"https:\\\/\\\/ku.r-enks.net\\\/?p=26027\"]}]},{\"@type\":\"ImageObject\",\"inLanguage\":\"en-GB\",\"@id\":\"https:\\\/\\\/ku.r-enks.net\\\/?p=26027#primaryimage\",\"url\":\"https:\\\/\\\/ku.r-enks.net\\\/wp-content\\\/uploads\\\/2026\\\/09\\\/c780e520-d878-426b-a00e-c807caa8770c.jpeg\",\"contentUrl\":\"https:\\\/\\\/ku.r-enks.net\\\/wp-content\\\/uploads\\\/2026\\\/09\\\/c780e520-d878-426b-a00e-c807caa8770c.jpeg\",\"width\":1280,\"height\":720},{\"@type\":\"BreadcrumbList\",\"@id\":\"https:\\\/\\\/ku.r-enks.net\\\/?p=26027#breadcrumb\",\"itemListElement\":[{\"@type\":\"ListItem\",\"position\":1,\"name\":\"Home\",\"item\":\"https:\\\/\\\/ku.r-enks.net\\\/\"},{\"@type\":\"ListItem\",\"position\":2,\"name\":\"\u015eAM: \u015eANDEKE JI ENDAM\u00caN ENC\u00dbMENA GEL YA S\u00dbR\u00ce SERDANA XWECIHIYA \u015eAM\u00ca YA BI SER &#8220;ENKS&#8221; VE KIR.\"}]},{\"@type\":\"WebSite\",\"@id\":\"https:\\\/\\\/ku.r-enks.net\\\/#website\",\"url\":\"https:\\\/\\\/ku.r-enks.net\\\/\",\"name\":\"Ragihandina Enc\u00fbmena Ni\u015ft\u00eeman\u00ee kurd\u00ee li S\u00fbriy\u00ea\",\"description\":\"\u0627\u0644\u0645\u062c\u0644\u0633 \u0627\u0644\u0648\u0637\u0646\u064a \u0627\u0644\u0643\u0648\u0631\u062f\u064a \u0641\u064a \u0633\u0648\u0631\u064a\u0627\",\"publisher\":{\"@id\":\"https:\\\/\\\/ku.r-enks.net\\\/#organization\"},\"potentialAction\":[{\"@type\":\"SearchAction\",\"target\":{\"@type\":\"EntryPoint\",\"urlTemplate\":\"https:\\\/\\\/ku.r-enks.net\\\/?s={search_term_string}\"},\"query-input\":{\"@type\":\"PropertyValueSpecification\",\"valueRequired\":true,\"valueName\":\"search_term_string\"}}],\"inLanguage\":\"en-GB\"},{\"@type\":\"Organization\",\"@id\":\"https:\\\/\\\/ku.r-enks.net\\\/#organization\",\"name\":\"Ragihandina Enc\u00fbmena Ni\u015ft\u00eeman\u00ee kurd\u00ee li S\u00fbriy\u00ea\",\"url\":\"https:\\\/\\\/ku.r-enks.net\\\/\",\"logo\":{\"@type\":\"ImageObject\",\"inLanguage\":\"en-GB\",\"@id\":\"https:\\\/\\\/ku.r-enks.net\\\/#\\\/schema\\\/logo\\\/image\\\/\",\"url\":\"https:\\\/\\\/ku.r-enks.net\\\/wp-content\\\/uploads\\\/2025\\\/08\\\/IMG_1702.jpeg\",\"contentUrl\":\"https:\\\/\\\/ku.r-enks.net\\\/wp-content\\\/uploads\\\/2025\\\/08\\\/IMG_1702.jpeg\",\"width\":283,\"height\":178,\"caption\":\"Ragihandina Enc\u00fbmena Ni\u015ft\u00eeman\u00ee kurd\u00ee li S\u00fbriy\u00ea\"},\"image\":{\"@id\":\"https:\\\/\\\/ku.r-enks.net\\\/#\\\/schema\\\/logo\\\/image\\\/\"}},{\"@type\":\"Person\",\"@id\":\"https:\\\/\\\/ku.r-enks.net\\\/#\\\/schema\\\/person\\\/b5083e97489c8f4a39ec5ef09a24d63e\",\"name\":\"ferhad \u015e\u00eaxo\",\"image\":{\"@type\":\"ImageObject\",\"inLanguage\":\"en-GB\",\"@id\":\"https:\\\/\\\/secure.gravatar.com\\\/avatar\\\/07bbc22fb9fb2ef801b2fbaa0aabbccce9823f175eecbf6562ba080b1c55e14a?s=96&d=mm&r=g\",\"url\":\"https:\\\/\\\/secure.gravatar.com\\\/avatar\\\/07bbc22fb9fb2ef801b2fbaa0aabbccce9823f175eecbf6562ba080b1c55e14a?s=96&d=mm&r=g\",\"contentUrl\":\"https:\\\/\\\/secure.gravatar.com\\\/avatar\\\/07bbc22fb9fb2ef801b2fbaa0aabbccce9823f175eecbf6562ba080b1c55e14a?s=96&d=mm&r=g\",\"caption\":\"ferhad \u015e\u00eaxo\"},\"sameAs\":[\"http:\\\/\\\/Ferhad\"],\"url\":\"https:\\\/\\\/ku.r-enks.net\\\/?author=9\"}]}<\/script>\n<!-- \/ Yoast SEO plugin. -->","yoast_head_json":{"title":"\u015eAM: \u015eANDEKE JI ENDAM\u00caN ENC\u00dbMENA GEL YA S\u00dbR\u00ce SERDANA XWECIHIYA \u015eAM\u00ca YA BI SER \"ENKS\" VE KIR. - Ragihandina Enc\u00fbmena Ni\u015ft\u00eeman\u00ee kurd\u00ee li S\u00fbriy\u00ea","robots":{"index":"index","follow":"follow","max-snippet":"max-snippet:-1","max-image-preview":"max-image-preview:large","max-video-preview":"max-video-preview:-1"},"canonical":"https:\/\/ku.r-enks.net\/?p=26027","og_locale":"en_GB","og_type":"article","og_title":"\u015eAM: \u015eANDEKE JI ENDAM\u00caN ENC\u00dbMENA GEL YA S\u00dbR\u00ce SERDANA XWECIHIYA \u015eAM\u00ca YA BI SER \"ENKS\" VE KIR. - Ragihandina Enc\u00fbmena Ni\u015ft\u00eeman\u00ee kurd\u00ee li S\u00fbriy\u00ea","og_description":"\u015eAM: \u015eANDEKE JI ENDAM\u00caN ENC\u00dbMENA GEL YA S\u00dbR\u00ce SERDANA XWECIHIYA \u015eAM\u00ca YA BI SER &#8220;ENKS&#8221; VE KIR. Hevd\u00eetina endam\u00ean Enc\u00fbmena Gel \u00fb Enc\u00fbmena Ni\u015ftiman\u00ee ya Kurd\u00ee li S\u00fbriy\u00ea li paytext \u015eam\u00ea, wek\u00ee gaveke giring a siyas\u00ee ji bo derbasb\u00fbna qonaxa rawestan\u00ea \u00fb n\u00eaz\u00eekkirina n\u00ear\u00eenan hat nirxandin. Li gor\u00ee n\u00fb\u00e7eya ragihandina Enc\u00fbmena Ni\u015ftiman\u00ee ya Kurd\u00ee li [&hellip;]","og_url":"https:\/\/ku.r-enks.net\/?p=26027","og_site_name":"Ragihandina Enc\u00fbmena Ni\u015ft\u00eeman\u00ee kurd\u00ee li S\u00fbriy\u00ea","article_published_time":"2026-09-04T20:09:25+00:00","og_image":[{"width":1280,"height":720,"url":"https:\/\/ku.r-enks.net\/wp-content\/uploads\/2026\/09\/c780e520-d878-426b-a00e-c807caa8770c.jpeg","type":"image\/jpeg"}],"author":"ferhad \u015e\u00eaxo","twitter_card":"summary_large_image","twitter_misc":{"Written by":"ferhad \u015e\u00eaxo","Estimated reading time":"2 minutes"},"schema":{"@context":"https:\/\/schema.org","@graph":[{"@type":"Article","@id":"https:\/\/ku.r-enks.net\/?p=26027#article","isPartOf":{"@id":"https:\/\/ku.r-enks.net\/?p=26027"},"author":{"name":"ferhad \u015e\u00eaxo","@id":"https:\/\/ku.r-enks.net\/#\/schema\/person\/b5083e97489c8f4a39ec5ef09a24d63e"},"headline":"\u015eAM: \u015eANDEKE JI ENDAM\u00caN ENC\u00dbMENA GEL YA S\u00dbR\u00ce SERDANA XWECIHIYA \u015eAM\u00ca YA BI SER &#8220;ENKS&#8221; VE KIR.","datePublished":"2026-09-04T20:09:25+00:00","mainEntityOfPage":{"@id":"https:\/\/ku.r-enks.net\/?p=26027"},"wordCount":461,"commentCount":0,"publisher":{"@id":"https:\/\/ku.r-enks.net\/#organization"},"image":{"@id":"https:\/\/ku.r-enks.net\/?p=26027#primaryimage"},"thumbnailUrl":"https:\/\/ku.r-enks.net\/wp-content\/uploads\/2026\/09\/c780e520-d878-426b-a00e-c807caa8770c.jpeg","articleSection":["Breaking news","N\u00fb\u00e7e","N\u00fb\u00e7ey\u00ean Bilez","Rapor\u00ean Taybet"],"inLanguage":"en-GB","potentialAction":[{"@type":"CommentAction","name":"Comment","target":["https:\/\/ku.r-enks.net\/?p=26027#respond"]}]},{"@type":"WebPage","@id":"https:\/\/ku.r-enks.net\/?p=26027","url":"https:\/\/ku.r-enks.net\/?p=26027","name":"\u015eAM: \u015eANDEKE JI ENDAM\u00caN ENC\u00dbMENA GEL YA S\u00dbR\u00ce SERDANA XWECIHIYA \u015eAM\u00ca YA BI SER \"ENKS\" VE KIR. - Ragihandina Enc\u00fbmena Ni\u015ft\u00eeman\u00ee kurd\u00ee li S\u00fbriy\u00ea","isPartOf":{"@id":"https:\/\/ku.r-enks.net\/#website"},"primaryImageOfPage":{"@id":"https:\/\/ku.r-enks.net\/?p=26027#primaryimage"},"image":{"@id":"https:\/\/ku.r-enks.net\/?p=26027#primaryimage"},"thumbnailUrl":"https:\/\/ku.r-enks.net\/wp-content\/uploads\/2026\/09\/c780e520-d878-426b-a00e-c807caa8770c.jpeg","datePublished":"2026-09-04T20:09:25+00:00","breadcrumb":{"@id":"https:\/\/ku.r-enks.net\/?p=26027#breadcrumb"},"inLanguage":"en-GB","potentialAction":[{"@type":"ReadAction","target":["https:\/\/ku.r-enks.net\/?p=26027"]}]},{"@type":"ImageObject","inLanguage":"en-GB","@id":"https:\/\/ku.r-enks.net\/?p=26027#primaryimage","url":"https:\/\/ku.r-enks.net\/wp-content\/uploads\/2026\/09\/c780e520-d878-426b-a00e-c807caa8770c.jpeg","contentUrl":"https:\/\/ku.r-enks.net\/wp-content\/uploads\/2026\/09\/c780e520-d878-426b-a00e-c807caa8770c.jpeg","width":1280,"height":720},{"@type":"BreadcrumbList","@id":"https:\/\/ku.r-enks.net\/?p=26027#breadcrumb","itemListElement":[{"@type":"ListItem","position":1,"name":"Home","item":"https:\/\/ku.r-enks.net\/"},{"@type":"ListItem","position":2,"name":"\u015eAM: \u015eANDEKE JI ENDAM\u00caN ENC\u00dbMENA GEL YA S\u00dbR\u00ce SERDANA XWECIHIYA \u015eAM\u00ca YA BI SER &#8220;ENKS&#8221; VE KIR."}]},{"@type":"WebSite","@id":"https:\/\/ku.r-enks.net\/#website","url":"https:\/\/ku.r-enks.net\/","name":"Ragihandina Enc\u00fbmena Ni\u015ft\u00eeman\u00ee kurd\u00ee li S\u00fbriy\u00ea","description":"\u0627\u0644\u0645\u062c\u0644\u0633 \u0627\u0644\u0648\u0637\u0646\u064a \u0627\u0644\u0643\u0648\u0631\u062f\u064a \u0641\u064a \u0633\u0648\u0631\u064a\u0627","publisher":{"@id":"https:\/\/ku.r-enks.net\/#organization"},"potentialAction":[{"@type":"SearchAction","target":{"@type":"EntryPoint","urlTemplate":"https:\/\/ku.r-enks.net\/?s={search_term_string}"},"query-input":{"@type":"PropertyValueSpecification","valueRequired":true,"valueName":"search_term_string"}}],"inLanguage":"en-GB"},{"@type":"Organization","@id":"https:\/\/ku.r-enks.net\/#organization","name":"Ragihandina Enc\u00fbmena Ni\u015ft\u00eeman\u00ee kurd\u00ee li S\u00fbriy\u00ea","url":"https:\/\/ku.r-enks.net\/","logo":{"@type":"ImageObject","inLanguage":"en-GB","@id":"https:\/\/ku.r-enks.net\/#\/schema\/logo\/image\/","url":"https:\/\/ku.r-enks.net\/wp-content\/uploads\/2025\/08\/IMG_1702.jpeg","contentUrl":"https:\/\/ku.r-enks.net\/wp-content\/uploads\/2025\/08\/IMG_1702.jpeg","width":283,"height":178,"caption":"Ragihandina Enc\u00fbmena Ni\u015ft\u00eeman\u00ee kurd\u00ee li S\u00fbriy\u00ea"},"image":{"@id":"https:\/\/ku.r-enks.net\/#\/schema\/logo\/image\/"}},{"@type":"Person","@id":"https:\/\/ku.r-enks.net\/#\/schema\/person\/b5083e97489c8f4a39ec5ef09a24d63e","name":"ferhad \u015e\u00eaxo","image":{"@type":"ImageObject","inLanguage":"en-GB","@id":"https:\/\/secure.gravatar.com\/avatar\/07bbc22fb9fb2ef801b2fbaa0aabbccce9823f175eecbf6562ba080b1c55e14a?s=96&d=mm&r=g","url":"https:\/\/secure.gravatar.com\/avatar\/07bbc22fb9fb2ef801b2fbaa0aabbccce9823f175eecbf6562ba080b1c55e14a?s=96&d=mm&r=g","contentUrl":"https:\/\/secure.gravatar.com\/avatar\/07bbc22fb9fb2ef801b2fbaa0aabbccce9823f175eecbf6562ba080b1c55e14a?s=96&d=mm&r=g","caption":"ferhad \u015e\u00eaxo"},"sameAs":["http:\/\/Ferhad"],"url":"https:\/\/ku.r-enks.net\/?author=9"}]}},"_links":{"self":[{"href":"https:\/\/ku.r-enks.net\/index.php?rest_route=\/wp\/v2\/posts\/26027","targetHints":{"allow":["GET"]}}],"collection":[{"href":"https:\/\/ku.r-enks.net\/index.php?rest_route=\/wp\/v2\/posts"}],"about":[{"href":"https:\/\/ku.r-enks.net\/index.php?rest_route=\/wp\/v2\/types\/post"}],"author":[{"embeddable":true,"href":"https:\/\/ku.r-enks.net\/index.php?rest_route=\/wp\/v2\/users\/9"}],"replies":[{"embeddable":true,"href":"https:\/\/ku.r-enks.net\/index.php?rest_route=%2Fwp%2Fv2%2Fcomments&post=26027"}],"version-history":[{"count":1,"href":"https:\/\/ku.r-enks.net\/index.php?rest_route=\/wp\/v2\/posts\/26027\/revisions"}],"predecessor-version":[{"id":26029,"href":"https:\/\/ku.r-enks.net\/index.php?rest_route=\/wp\/v2\/posts\/26027\/revisions\/26029"}],"wp:featuredmedia":[{"embeddable":true,"href":"https:\/\/ku.r-enks.net\/index.php?rest_route=\/wp\/v2\/media\/26028"}],"wp:attachment":[{"href":"https:\/\/ku.r-enks.net\/index.php?rest_route=%2Fwp%2Fv2%2Fmedia&parent=26027"}],"wp:term":[{"taxonomy":"category","embeddable":true,"href":"https:\/\/ku.r-enks.net\/index.php?rest_route=%2Fwp%2Fv2%2Fcategories&post=26027"},{"taxonomy":"post_tag","embeddable":true,"href":"https:\/\/ku.r-enks.net\/index.php?rest_route=%2Fwp%2Fv2%2Ftags&post=26027"}],"curies":[{"name":"wp","href":"https:\/\/api.w.org\/{rel}","templated":true}]}}