{"id":26024,"date":"2026-09-03T21:20:57","date_gmt":"2026-09-03T21:20:57","guid":{"rendered":"https:\/\/ku.r-enks.net\/?p=26024"},"modified":"2026-09-03T21:20:57","modified_gmt":"2026-09-03T21:20:57","slug":"qeyran-pesve-dice-kemasiya-ave-u-ruxandina-sebekeye-li-til-temire","status":"publish","type":"post","link":"https:\/\/ku.r-enks.net\/?p=26024","title":{"rendered":"QEYRAN P\u00ca\u015eVE DI\u00c7E: K\u00caMASIYA AV\u00ca \u00db RUXANDINA \u015eEBEKEY\u00ca LI TIL TEMIR\u00ca"},"content":{"rendered":"<p>&nbsp;<\/p>\n<p>Li bajarok\u00ea Til Temir\u00ea \u00fb gundewar\u00ean w\u00ea, \u015febekeya av\u00ea r\u00fbbir\u00fby\u00ee astengiy\u00ean mezin dibe ku r\u00ea li ber gih\u00ee\u015ftina ava p\u00eaw\u00eest ji bo \u015f\u00eeniyan digire.<\/p>\n<p>Astengiy\u00ean her\u00ee diyar, kinb\u00fbna dema pompekirin\u00ea \u00fb z\u00eadeb\u00fbna \u015fikestin\u00ean di xet\u00ean \u015febekey\u00ea de ne.<\/p>\n<p>Kok\u00ean v\u00ea qeyran\u00ea vedigerin sala 2020an, dema ku kom\u00ean \u00e7ekdar \u00ean dest dan\u00eeb\u00fbn ser bajar\u00ea Ser\u00ea Kaniy\u00ea, pompekirina av\u00ea ji stasyona Elok li ser par\u00eazgeha Hesek\u00ea, bajarok\u00ea Til Temir\u00ea \u00fb gund\u00ean derdora w\u00ea bir\u00een.<br \/>\nL\u00ea pi\u015ft\u00ee hilwe\u015f\u00eena rej\u00eema Beas a ber\u00ea \u00fb destbikarb\u00fbna hik\u00fbmeta n\u00fb, hik\u00fbmet\u00ea dest bi kar\u00ean \u00e7andin \u00fb sererastkirina stasyona Elok kir, \u00fb pompekirina av\u00ea careke din ber bi Hesek\u00ea \u00fb Til Temir\u00ea ve dest p\u00ea kir.<\/p>\n<p>Di 25\u00ea T\u00eermeha bor\u00ee de, av gih\u00ee\u015ft Til Temir\u00ea \u00fb pompekirina gav bi gav di \u015febeke \u00fb xet\u00ean veguhastin\u00ea de dest p\u00ea kir, ku fersend da \u015f\u00eeniyan da ku depoy\u00ean xwe tije bikin.<br \/>\nL\u00eabel\u00ea, ev yek hewcedariy\u00ean wan bi tevah\u00ee bi cih nean\u00ee, ji ber \u00e7end astengiyan, ku y\u00ean her\u00ee gir\u00eeng ev in:<br \/>\nYekem: S\u00eenordariya roj\u00ean pompekirin\u00ea \u00fb bandora w\u00ea ya ney\u00een\u00ee<br \/>\nHest\u00ea Til Temir\u00ea ten\u00ea ji bo rojek\u00ea di heftey\u00ea de t\u00ea veqetandin, ku ev s\u00eestema dabe\u015fkirin\u00ea sedema sereke ye ku \u015f\u00een\u00ee nikarin ava hewcedar ji bo roj\u00ean din peyda bikin.<\/p>\n<p>Her wiha, zexta av\u00ea pir lawaz e, bi taybet\u00ee ligel berfirehb\u00fbna bajarok, ku r\u00ea li ber gih\u00ee\u015ftina av\u00ea ji bo hem\u00fb taxan digire.<\/p>\n<p>Her wiha, qutb\u00fbna dir\u00eaj \u00fb plankir\u00ee ya elektr\u00eek\u00ea zehmetiya dagirtina depoyan z\u00eadetir dike, ku ev yek gelek kesan ne\u00e7ar dike ku av\u00ea ji tank\u00ean taybet bi bihay\u00ean giran bikirin.<br \/>\nJi ber v\u00ea yek\u00ea, daxwaz t\u00ea kirin ku roj\u00ean pompekirin\u00ea ji rojek\u00ea z\u00eadetir bibin, daku dab\u00eenkirina hewcedariy\u00ean hem\u00fb r\u00fbni\u015ftvanan \u00fb gih\u00ee\u015ftina av\u00ea ji bo tevahiya bajarok were misogerkirin.<\/p>\n<p>Duyem: Ruxandina \u015febekey\u00ea \u00fb neb\u00fbna parastina pispor<br \/>\n\u015eebekeya av\u00ea \u00fb xet\u00ean w\u00ea ji \u015fikestin\u00ean pirjimar dinalin, ku dibe sedema zayib\u00fbna miqdar\u00ean mezin \u00ean av\u00ea di dema pompekirin\u00ea de, ku di kolan \u00fb qadan de vala di\u00e7e.<\/p>\n<p>Ev yek hewcey\u00ee destwerdana lezg\u00een a \u015faredariy\u00ea an da\u00eereya av\u00ea dike daku \u00e7aksaziy\u00ean p\u00eaw\u00eest bikin.<\/p>\n<p>Pirsgir\u00eak z\u00eadetir dibe ligel kar\u00ean kolandin \u00fb amadekirina kolanan ji bo q\u00eerkirin\u00ea, ku div\u00ea lez di sererastkirina \u015fikestinan de were kirin ber\u00ee bi daw\u00eeb\u00fbna kar\u00ean q\u00eerkirin\u00ea, daku di p\u00ea\u015feroj\u00ea de r\u00ea li ber jin\u00fbve kolandin\u00ea were girtin.<\/p>\n<p>Ji aliyek\u00ee din ve, gileyiy\u00ean \u015f\u00eeniyan dubare b\u00fbne ji ber asteng\u00ee \u00fb kal\u00eeteya nizm a kar\u00ean parastin\u00ea ku ji aliy\u00ea aliy\u00ean ne pispor ve t\u00ean kirin, ku dibe sedema sererastkirineke ne durust ji \u015fikestinan re, \u00fb mal\u00ea gi\u015ft\u00ee \u00fb av\u00ea bi hev re zayi dike.<\/p>\n<p>Ji ber v\u00ea yek\u00ea, em tekeziy\u00ea li ser p\u00eaw\u00eestiya spartina kar\u00ean sererastkirin\u00ea ji bo t\u00eem\u00ean tekn\u00eek\u00ee y\u00ean pispor dikin, ku di bin \u00e7avd\u00eariya endezyar\u00ean \u015farezay\u00ee de bin, daku kal\u00eeteya kar \u00fb berdewamiya binesaziy\u00ea were misogerkirin.<\/p>\n<p>Ragihandina ENKS\u00ea<br \/>\nRapor: El\u00ee Fetah<\/p>\n","protected":false},"excerpt":{"rendered":"<p>&nbsp; Li bajarok\u00ea Til Temir\u00ea \u00fb gundewar\u00ean w\u00ea, \u015febekeya av\u00ea r\u00fbbir\u00fby\u00ee astengiy\u00ean mezin dibe ku r\u00ea li ber gih\u00ee\u015ftina ava p\u00eaw\u00eest ji bo \u015f\u00eeniyan digire. Astengiy\u00ean her\u00ee diyar, kinb\u00fbna dema pompekirin\u00ea \u00fb z\u00eadeb\u00fbna \u015fikestin\u00ean di xet\u00ean \u015febekey\u00ea de ne. Kok\u00ean v\u00ea qeyran\u00ea vedigerin sala 2020an, dema ku kom\u00ean \u00e7ekdar \u00ean dest dan\u00eeb\u00fbn ser bajar\u00ea Ser\u00ea [&hellip;]<\/p>\n","protected":false},"author":9,"featured_media":26025,"comment_status":"open","ping_status":"open","sticky":false,"template":"","format":"standard","meta":{"jnews-multi-image_gallery":[],"jnews_single_post":[],"jnews_primary_category":[],"jnews_override_counter":[],"footnotes":""},"categories":[64,39,58,38,47,44],"tags":[],"class_list":["post-26024","post","type-post","status-publish","format-standard","has-post-thumbnail","hentry","category-breaking-news","category-nuce","category-nuceyen-bilez","category-nuceyen-kurdistani","category-raporen-taybet","category-rojhilata-navin"],"yoast_head":"<!-- This site is optimized with the Yoast SEO plugin v28.4 - https:\/\/yoast.com\/product\/yoast-seo-wordpress\/ -->\n<title>QEYRAN P\u00ca\u015eVE DI\u00c7E: K\u00caMASIYA AV\u00ca \u00db RUXANDINA \u015eEBEKEY\u00ca LI TIL TEMIR\u00ca - Ragihandina Enc\u00fbmena Ni\u015ft\u00eeman\u00ee kurd\u00ee li S\u00fbriy\u00ea<\/title>\n<meta name=\"robots\" content=\"index, follow, max-snippet:-1, max-image-preview:large, max-video-preview:-1\" \/>\n<link rel=\"canonical\" href=\"https:\/\/ku.r-enks.net\/?p=26024\" \/>\n<meta property=\"og:locale\" content=\"en_GB\" \/>\n<meta property=\"og:type\" content=\"article\" \/>\n<meta property=\"og:title\" content=\"QEYRAN P\u00ca\u015eVE DI\u00c7E: K\u00caMASIYA AV\u00ca \u00db RUXANDINA \u015eEBEKEY\u00ca LI TIL TEMIR\u00ca - Ragihandina Enc\u00fbmena Ni\u015ft\u00eeman\u00ee kurd\u00ee li S\u00fbriy\u00ea\" \/>\n<meta property=\"og:description\" content=\"&nbsp; Li bajarok\u00ea Til Temir\u00ea \u00fb gundewar\u00ean w\u00ea, \u015febekeya av\u00ea r\u00fbbir\u00fby\u00ee astengiy\u00ean mezin dibe ku r\u00ea li ber gih\u00ee\u015ftina ava p\u00eaw\u00eest ji bo \u015f\u00eeniyan digire. Astengiy\u00ean her\u00ee diyar, kinb\u00fbna dema pompekirin\u00ea \u00fb z\u00eadeb\u00fbna \u015fikestin\u00ean di xet\u00ean \u015febekey\u00ea de ne. Kok\u00ean v\u00ea qeyran\u00ea vedigerin sala 2020an, dema ku kom\u00ean \u00e7ekdar \u00ean dest dan\u00eeb\u00fbn ser bajar\u00ea Ser\u00ea [&hellip;]\" \/>\n<meta property=\"og:url\" content=\"https:\/\/ku.r-enks.net\/?p=26024\" \/>\n<meta property=\"og:site_name\" content=\"Ragihandina Enc\u00fbmena Ni\u015ft\u00eeman\u00ee kurd\u00ee li S\u00fbriy\u00ea\" \/>\n<meta property=\"article:published_time\" content=\"2026-09-03T21:20:57+00:00\" \/>\n<meta property=\"og:image\" content=\"https:\/\/ku.r-enks.net\/wp-content\/uploads\/2026\/09\/b4d707a6-689e-412f-9d67-ef8b463cf68a.jpeg\" \/>\n\t<meta property=\"og:image:width\" content=\"992\" \/>\n\t<meta property=\"og:image:height\" content=\"743\" \/>\n\t<meta property=\"og:image:type\" content=\"image\/jpeg\" \/>\n<meta name=\"author\" content=\"ferhad \u015e\u00eaxo\" \/>\n<meta name=\"twitter:card\" content=\"summary_large_image\" \/>\n<meta name=\"twitter:label1\" content=\"Written by\" \/>\n\t<meta name=\"twitter:data1\" content=\"ferhad \u015e\u00eaxo\" \/>\n\t<meta name=\"twitter:label2\" content=\"Estimated reading time\" \/>\n\t<meta name=\"twitter:data2\" content=\"2 minutes\" \/>\n<script type=\"application\/ld+json\" class=\"yoast-schema-graph\">{\"@context\":\"https:\\\/\\\/schema.org\",\"@graph\":[{\"@type\":\"Article\",\"@id\":\"https:\\\/\\\/ku.r-enks.net\\\/?p=26024#article\",\"isPartOf\":{\"@id\":\"https:\\\/\\\/ku.r-enks.net\\\/?p=26024\"},\"author\":{\"name\":\"ferhad \u015e\u00eaxo\",\"@id\":\"https:\\\/\\\/ku.r-enks.net\\\/#\\\/schema\\\/person\\\/b5083e97489c8f4a39ec5ef09a24d63e\"},\"headline\":\"QEYRAN P\u00ca\u015eVE DI\u00c7E: K\u00caMASIYA AV\u00ca \u00db RUXANDINA \u015eEBEKEY\u00ca LI TIL TEMIR\u00ca\",\"datePublished\":\"2026-09-03T21:20:57+00:00\",\"mainEntityOfPage\":{\"@id\":\"https:\\\/\\\/ku.r-enks.net\\\/?p=26024\"},\"wordCount\":541,\"commentCount\":0,\"publisher\":{\"@id\":\"https:\\\/\\\/ku.r-enks.net\\\/#organization\"},\"image\":{\"@id\":\"https:\\\/\\\/ku.r-enks.net\\\/?p=26024#primaryimage\"},\"thumbnailUrl\":\"https:\\\/\\\/ku.r-enks.net\\\/wp-content\\\/uploads\\\/2026\\\/09\\\/b4d707a6-689e-412f-9d67-ef8b463cf68a.jpeg\",\"articleSection\":[\"Breaking news\",\"N\u00fb\u00e7e\",\"N\u00fb\u00e7ey\u00ean Bilez\",\"N\u00fb\u00e7ey\u00ean Kurdistan\u00ee\",\"Rapor\u00ean Taybet\",\"Rojhilata Nav\u00een\"],\"inLanguage\":\"en-GB\",\"potentialAction\":[{\"@type\":\"CommentAction\",\"name\":\"Comment\",\"target\":[\"https:\\\/\\\/ku.r-enks.net\\\/?p=26024#respond\"]}]},{\"@type\":\"WebPage\",\"@id\":\"https:\\\/\\\/ku.r-enks.net\\\/?p=26024\",\"url\":\"https:\\\/\\\/ku.r-enks.net\\\/?p=26024\",\"name\":\"QEYRAN P\u00ca\u015eVE DI\u00c7E: K\u00caMASIYA AV\u00ca \u00db RUXANDINA \u015eEBEKEY\u00ca LI TIL TEMIR\u00ca - Ragihandina Enc\u00fbmena Ni\u015ft\u00eeman\u00ee kurd\u00ee li S\u00fbriy\u00ea\",\"isPartOf\":{\"@id\":\"https:\\\/\\\/ku.r-enks.net\\\/#website\"},\"primaryImageOfPage\":{\"@id\":\"https:\\\/\\\/ku.r-enks.net\\\/?p=26024#primaryimage\"},\"image\":{\"@id\":\"https:\\\/\\\/ku.r-enks.net\\\/?p=26024#primaryimage\"},\"thumbnailUrl\":\"https:\\\/\\\/ku.r-enks.net\\\/wp-content\\\/uploads\\\/2026\\\/09\\\/b4d707a6-689e-412f-9d67-ef8b463cf68a.jpeg\",\"datePublished\":\"2026-09-03T21:20:57+00:00\",\"breadcrumb\":{\"@id\":\"https:\\\/\\\/ku.r-enks.net\\\/?p=26024#breadcrumb\"},\"inLanguage\":\"en-GB\",\"potentialAction\":[{\"@type\":\"ReadAction\",\"target\":[\"https:\\\/\\\/ku.r-enks.net\\\/?p=26024\"]}]},{\"@type\":\"ImageObject\",\"inLanguage\":\"en-GB\",\"@id\":\"https:\\\/\\\/ku.r-enks.net\\\/?p=26024#primaryimage\",\"url\":\"https:\\\/\\\/ku.r-enks.net\\\/wp-content\\\/uploads\\\/2026\\\/09\\\/b4d707a6-689e-412f-9d67-ef8b463cf68a.jpeg\",\"contentUrl\":\"https:\\\/\\\/ku.r-enks.net\\\/wp-content\\\/uploads\\\/2026\\\/09\\\/b4d707a6-689e-412f-9d67-ef8b463cf68a.jpeg\",\"width\":992,\"height\":743},{\"@type\":\"BreadcrumbList\",\"@id\":\"https:\\\/\\\/ku.r-enks.net\\\/?p=26024#breadcrumb\",\"itemListElement\":[{\"@type\":\"ListItem\",\"position\":1,\"name\":\"Home\",\"item\":\"https:\\\/\\\/ku.r-enks.net\\\/\"},{\"@type\":\"ListItem\",\"position\":2,\"name\":\"QEYRAN P\u00ca\u015eVE DI\u00c7E: K\u00caMASIYA AV\u00ca \u00db RUXANDINA \u015eEBEKEY\u00ca LI TIL TEMIR\u00ca\"}]},{\"@type\":\"WebSite\",\"@id\":\"https:\\\/\\\/ku.r-enks.net\\\/#website\",\"url\":\"https:\\\/\\\/ku.r-enks.net\\\/\",\"name\":\"Ragihandina Enc\u00fbmena Ni\u015ft\u00eeman\u00ee kurd\u00ee li S\u00fbriy\u00ea\",\"description\":\"\u0627\u0644\u0645\u062c\u0644\u0633 \u0627\u0644\u0648\u0637\u0646\u064a \u0627\u0644\u0643\u0648\u0631\u062f\u064a \u0641\u064a \u0633\u0648\u0631\u064a\u0627\",\"publisher\":{\"@id\":\"https:\\\/\\\/ku.r-enks.net\\\/#organization\"},\"potentialAction\":[{\"@type\":\"SearchAction\",\"target\":{\"@type\":\"EntryPoint\",\"urlTemplate\":\"https:\\\/\\\/ku.r-enks.net\\\/?s={search_term_string}\"},\"query-input\":{\"@type\":\"PropertyValueSpecification\",\"valueRequired\":true,\"valueName\":\"search_term_string\"}}],\"inLanguage\":\"en-GB\"},{\"@type\":\"Organization\",\"@id\":\"https:\\\/\\\/ku.r-enks.net\\\/#organization\",\"name\":\"Ragihandina Enc\u00fbmena Ni\u015ft\u00eeman\u00ee kurd\u00ee li S\u00fbriy\u00ea\",\"url\":\"https:\\\/\\\/ku.r-enks.net\\\/\",\"logo\":{\"@type\":\"ImageObject\",\"inLanguage\":\"en-GB\",\"@id\":\"https:\\\/\\\/ku.r-enks.net\\\/#\\\/schema\\\/logo\\\/image\\\/\",\"url\":\"https:\\\/\\\/ku.r-enks.net\\\/wp-content\\\/uploads\\\/2025\\\/08\\\/IMG_1702.jpeg\",\"contentUrl\":\"https:\\\/\\\/ku.r-enks.net\\\/wp-content\\\/uploads\\\/2025\\\/08\\\/IMG_1702.jpeg\",\"width\":283,\"height\":178,\"caption\":\"Ragihandina Enc\u00fbmena Ni\u015ft\u00eeman\u00ee kurd\u00ee li S\u00fbriy\u00ea\"},\"image\":{\"@id\":\"https:\\\/\\\/ku.r-enks.net\\\/#\\\/schema\\\/logo\\\/image\\\/\"}},{\"@type\":\"Person\",\"@id\":\"https:\\\/\\\/ku.r-enks.net\\\/#\\\/schema\\\/person\\\/b5083e97489c8f4a39ec5ef09a24d63e\",\"name\":\"ferhad \u015e\u00eaxo\",\"image\":{\"@type\":\"ImageObject\",\"inLanguage\":\"en-GB\",\"@id\":\"https:\\\/\\\/secure.gravatar.com\\\/avatar\\\/07bbc22fb9fb2ef801b2fbaa0aabbccce9823f175eecbf6562ba080b1c55e14a?s=96&d=mm&r=g\",\"url\":\"https:\\\/\\\/secure.gravatar.com\\\/avatar\\\/07bbc22fb9fb2ef801b2fbaa0aabbccce9823f175eecbf6562ba080b1c55e14a?s=96&d=mm&r=g\",\"contentUrl\":\"https:\\\/\\\/secure.gravatar.com\\\/avatar\\\/07bbc22fb9fb2ef801b2fbaa0aabbccce9823f175eecbf6562ba080b1c55e14a?s=96&d=mm&r=g\",\"caption\":\"ferhad \u015e\u00eaxo\"},\"sameAs\":[\"http:\\\/\\\/Ferhad\"],\"url\":\"https:\\\/\\\/ku.r-enks.net\\\/?author=9\"}]}<\/script>\n<!-- \/ Yoast SEO plugin. -->","yoast_head_json":{"title":"QEYRAN P\u00ca\u015eVE DI\u00c7E: K\u00caMASIYA AV\u00ca \u00db RUXANDINA \u015eEBEKEY\u00ca LI TIL TEMIR\u00ca - Ragihandina Enc\u00fbmena Ni\u015ft\u00eeman\u00ee kurd\u00ee li S\u00fbriy\u00ea","robots":{"index":"index","follow":"follow","max-snippet":"max-snippet:-1","max-image-preview":"max-image-preview:large","max-video-preview":"max-video-preview:-1"},"canonical":"https:\/\/ku.r-enks.net\/?p=26024","og_locale":"en_GB","og_type":"article","og_title":"QEYRAN P\u00ca\u015eVE DI\u00c7E: K\u00caMASIYA AV\u00ca \u00db RUXANDINA \u015eEBEKEY\u00ca LI TIL TEMIR\u00ca - Ragihandina Enc\u00fbmena Ni\u015ft\u00eeman\u00ee kurd\u00ee li S\u00fbriy\u00ea","og_description":"&nbsp; Li bajarok\u00ea Til Temir\u00ea \u00fb gundewar\u00ean w\u00ea, \u015febekeya av\u00ea r\u00fbbir\u00fby\u00ee astengiy\u00ean mezin dibe ku r\u00ea li ber gih\u00ee\u015ftina ava p\u00eaw\u00eest ji bo \u015f\u00eeniyan digire. Astengiy\u00ean her\u00ee diyar, kinb\u00fbna dema pompekirin\u00ea \u00fb z\u00eadeb\u00fbna \u015fikestin\u00ean di xet\u00ean \u015febekey\u00ea de ne. Kok\u00ean v\u00ea qeyran\u00ea vedigerin sala 2020an, dema ku kom\u00ean \u00e7ekdar \u00ean dest dan\u00eeb\u00fbn ser bajar\u00ea Ser\u00ea [&hellip;]","og_url":"https:\/\/ku.r-enks.net\/?p=26024","og_site_name":"Ragihandina Enc\u00fbmena Ni\u015ft\u00eeman\u00ee kurd\u00ee li S\u00fbriy\u00ea","article_published_time":"2026-09-03T21:20:57+00:00","og_image":[{"width":992,"height":743,"url":"https:\/\/ku.r-enks.net\/wp-content\/uploads\/2026\/09\/b4d707a6-689e-412f-9d67-ef8b463cf68a.jpeg","type":"image\/jpeg"}],"author":"ferhad \u015e\u00eaxo","twitter_card":"summary_large_image","twitter_misc":{"Written by":"ferhad \u015e\u00eaxo","Estimated reading time":"2 minutes"},"schema":{"@context":"https:\/\/schema.org","@graph":[{"@type":"Article","@id":"https:\/\/ku.r-enks.net\/?p=26024#article","isPartOf":{"@id":"https:\/\/ku.r-enks.net\/?p=26024"},"author":{"name":"ferhad \u015e\u00eaxo","@id":"https:\/\/ku.r-enks.net\/#\/schema\/person\/b5083e97489c8f4a39ec5ef09a24d63e"},"headline":"QEYRAN P\u00ca\u015eVE DI\u00c7E: K\u00caMASIYA AV\u00ca \u00db RUXANDINA \u015eEBEKEY\u00ca LI TIL TEMIR\u00ca","datePublished":"2026-09-03T21:20:57+00:00","mainEntityOfPage":{"@id":"https:\/\/ku.r-enks.net\/?p=26024"},"wordCount":541,"commentCount":0,"publisher":{"@id":"https:\/\/ku.r-enks.net\/#organization"},"image":{"@id":"https:\/\/ku.r-enks.net\/?p=26024#primaryimage"},"thumbnailUrl":"https:\/\/ku.r-enks.net\/wp-content\/uploads\/2026\/09\/b4d707a6-689e-412f-9d67-ef8b463cf68a.jpeg","articleSection":["Breaking news","N\u00fb\u00e7e","N\u00fb\u00e7ey\u00ean Bilez","N\u00fb\u00e7ey\u00ean Kurdistan\u00ee","Rapor\u00ean Taybet","Rojhilata Nav\u00een"],"inLanguage":"en-GB","potentialAction":[{"@type":"CommentAction","name":"Comment","target":["https:\/\/ku.r-enks.net\/?p=26024#respond"]}]},{"@type":"WebPage","@id":"https:\/\/ku.r-enks.net\/?p=26024","url":"https:\/\/ku.r-enks.net\/?p=26024","name":"QEYRAN P\u00ca\u015eVE DI\u00c7E: K\u00caMASIYA AV\u00ca \u00db RUXANDINA \u015eEBEKEY\u00ca LI TIL TEMIR\u00ca - Ragihandina Enc\u00fbmena Ni\u015ft\u00eeman\u00ee kurd\u00ee li S\u00fbriy\u00ea","isPartOf":{"@id":"https:\/\/ku.r-enks.net\/#website"},"primaryImageOfPage":{"@id":"https:\/\/ku.r-enks.net\/?p=26024#primaryimage"},"image":{"@id":"https:\/\/ku.r-enks.net\/?p=26024#primaryimage"},"thumbnailUrl":"https:\/\/ku.r-enks.net\/wp-content\/uploads\/2026\/09\/b4d707a6-689e-412f-9d67-ef8b463cf68a.jpeg","datePublished":"2026-09-03T21:20:57+00:00","breadcrumb":{"@id":"https:\/\/ku.r-enks.net\/?p=26024#breadcrumb"},"inLanguage":"en-GB","potentialAction":[{"@type":"ReadAction","target":["https:\/\/ku.r-enks.net\/?p=26024"]}]},{"@type":"ImageObject","inLanguage":"en-GB","@id":"https:\/\/ku.r-enks.net\/?p=26024#primaryimage","url":"https:\/\/ku.r-enks.net\/wp-content\/uploads\/2026\/09\/b4d707a6-689e-412f-9d67-ef8b463cf68a.jpeg","contentUrl":"https:\/\/ku.r-enks.net\/wp-content\/uploads\/2026\/09\/b4d707a6-689e-412f-9d67-ef8b463cf68a.jpeg","width":992,"height":743},{"@type":"BreadcrumbList","@id":"https:\/\/ku.r-enks.net\/?p=26024#breadcrumb","itemListElement":[{"@type":"ListItem","position":1,"name":"Home","item":"https:\/\/ku.r-enks.net\/"},{"@type":"ListItem","position":2,"name":"QEYRAN P\u00ca\u015eVE DI\u00c7E: K\u00caMASIYA AV\u00ca \u00db RUXANDINA \u015eEBEKEY\u00ca LI TIL TEMIR\u00ca"}]},{"@type":"WebSite","@id":"https:\/\/ku.r-enks.net\/#website","url":"https:\/\/ku.r-enks.net\/","name":"Ragihandina Enc\u00fbmena Ni\u015ft\u00eeman\u00ee kurd\u00ee li S\u00fbriy\u00ea","description":"\u0627\u0644\u0645\u062c\u0644\u0633 \u0627\u0644\u0648\u0637\u0646\u064a \u0627\u0644\u0643\u0648\u0631\u062f\u064a \u0641\u064a \u0633\u0648\u0631\u064a\u0627","publisher":{"@id":"https:\/\/ku.r-enks.net\/#organization"},"potentialAction":[{"@type":"SearchAction","target":{"@type":"EntryPoint","urlTemplate":"https:\/\/ku.r-enks.net\/?s={search_term_string}"},"query-input":{"@type":"PropertyValueSpecification","valueRequired":true,"valueName":"search_term_string"}}],"inLanguage":"en-GB"},{"@type":"Organization","@id":"https:\/\/ku.r-enks.net\/#organization","name":"Ragihandina Enc\u00fbmena Ni\u015ft\u00eeman\u00ee kurd\u00ee li S\u00fbriy\u00ea","url":"https:\/\/ku.r-enks.net\/","logo":{"@type":"ImageObject","inLanguage":"en-GB","@id":"https:\/\/ku.r-enks.net\/#\/schema\/logo\/image\/","url":"https:\/\/ku.r-enks.net\/wp-content\/uploads\/2025\/08\/IMG_1702.jpeg","contentUrl":"https:\/\/ku.r-enks.net\/wp-content\/uploads\/2025\/08\/IMG_1702.jpeg","width":283,"height":178,"caption":"Ragihandina Enc\u00fbmena Ni\u015ft\u00eeman\u00ee kurd\u00ee li S\u00fbriy\u00ea"},"image":{"@id":"https:\/\/ku.r-enks.net\/#\/schema\/logo\/image\/"}},{"@type":"Person","@id":"https:\/\/ku.r-enks.net\/#\/schema\/person\/b5083e97489c8f4a39ec5ef09a24d63e","name":"ferhad \u015e\u00eaxo","image":{"@type":"ImageObject","inLanguage":"en-GB","@id":"https:\/\/secure.gravatar.com\/avatar\/07bbc22fb9fb2ef801b2fbaa0aabbccce9823f175eecbf6562ba080b1c55e14a?s=96&d=mm&r=g","url":"https:\/\/secure.gravatar.com\/avatar\/07bbc22fb9fb2ef801b2fbaa0aabbccce9823f175eecbf6562ba080b1c55e14a?s=96&d=mm&r=g","contentUrl":"https:\/\/secure.gravatar.com\/avatar\/07bbc22fb9fb2ef801b2fbaa0aabbccce9823f175eecbf6562ba080b1c55e14a?s=96&d=mm&r=g","caption":"ferhad \u015e\u00eaxo"},"sameAs":["http:\/\/Ferhad"],"url":"https:\/\/ku.r-enks.net\/?author=9"}]}},"_links":{"self":[{"href":"https:\/\/ku.r-enks.net\/index.php?rest_route=\/wp\/v2\/posts\/26024","targetHints":{"allow":["GET"]}}],"collection":[{"href":"https:\/\/ku.r-enks.net\/index.php?rest_route=\/wp\/v2\/posts"}],"about":[{"href":"https:\/\/ku.r-enks.net\/index.php?rest_route=\/wp\/v2\/types\/post"}],"author":[{"embeddable":true,"href":"https:\/\/ku.r-enks.net\/index.php?rest_route=\/wp\/v2\/users\/9"}],"replies":[{"embeddable":true,"href":"https:\/\/ku.r-enks.net\/index.php?rest_route=%2Fwp%2Fv2%2Fcomments&post=26024"}],"version-history":[{"count":1,"href":"https:\/\/ku.r-enks.net\/index.php?rest_route=\/wp\/v2\/posts\/26024\/revisions"}],"predecessor-version":[{"id":26026,"href":"https:\/\/ku.r-enks.net\/index.php?rest_route=\/wp\/v2\/posts\/26024\/revisions\/26026"}],"wp:featuredmedia":[{"embeddable":true,"href":"https:\/\/ku.r-enks.net\/index.php?rest_route=\/wp\/v2\/media\/26025"}],"wp:attachment":[{"href":"https:\/\/ku.r-enks.net\/index.php?rest_route=%2Fwp%2Fv2%2Fmedia&parent=26024"}],"wp:term":[{"taxonomy":"category","embeddable":true,"href":"https:\/\/ku.r-enks.net\/index.php?rest_route=%2Fwp%2Fv2%2Fcategories&post=26024"},{"taxonomy":"post_tag","embeddable":true,"href":"https:\/\/ku.r-enks.net\/index.php?rest_route=%2Fwp%2Fv2%2Ftags&post=26024"}],"curies":[{"name":"wp","href":"https:\/\/api.w.org\/{rel}","templated":true}]}}