{"id":26021,"date":"2026-09-03T16:53:41","date_gmt":"2026-09-03T16:53:41","guid":{"rendered":"https:\/\/ku.r-enks.net\/?p=26021"},"modified":"2026-09-03T16:53:41","modified_gmt":"2026-09-03T16:53:41","slug":"nuneratiya-enkse-li-herema-kurdistane-peswazi-li-rezdar-xelil-ibrahim-kir","status":"publish","type":"post","link":"https:\/\/ku.r-enks.net\/?p=26021","title":{"rendered":"N\u00dbNERATIYA ENKS\u00ca LI HER\u00caMA KURDISTAN\u00ca P\u00ca\u015eWAZ\u00ce LI R\u00caZDAR XEL\u00ceL \u00ceBRAH\u00ceM KIR"},"content":{"rendered":"<p>N\u00dbNERATIYA ENKS\u00ca LI HER\u00caMA KURDISTAN\u00ca P\u00ca\u015eWAZ\u00ce LI R\u00caZDAR XEL\u00ceL \u00ceBRAH\u00ceM KIR<\/p>\n<p>N\u00fbneratiya Her\u00eama Kurdistan\u00ea ya Enc\u00fbmena N\u00ee\u015ftiman\u00ee ya Kurd\u00ee li S\u00fbriy\u00ea (ENKS), roja \u00c7ar\u015fem\u00ea, 2y\u00ea \u00celona 2026an, p\u00ea\u015fwaz\u00ee li endam\u00ea serkirdayetiya Yekgirt\u00fbya \u00ceslam\u00ee ya Kurdistan\u00ea r\u00eazdar Xel\u00eel \u00cebrah\u00eem kir.<\/p>\n<p>M\u00eavan\u00ea r\u00eazdar ji aliy\u00ea serok \u00fb hejmarek ji endam\u00ean n\u00fbneratiy\u00ea ve, li baregeha n\u00fbneratiy\u00ea ya li Hewl\u00eara paytexta Her\u00eama Kurdistan\u00ea hat p\u00ea\u015fwaz\u00eekirin.<\/p>\n<p>Di hevd\u00eetin\u00ea de hat destn\u00ee\u015fankirin ku ev qonaxa hestiyar \u00fb kr\u00eet\u00eek a ku Her\u00eama Kurdistan\u00ea \u00eero t\u00ea re derbas dibe, bi taybet\u00ee ligel guhertin\u00ean lezg\u00een \u00fb ge\u015fedan\u00ean li Rojhilata Nav\u00een, li ser hem\u00fb h\u00eaz\u00ean siyas\u00ee ferz dike ku ji nakokiy\u00ean teng derkevin.<\/p>\n<p>Her wiha hat teqezkirin ku r\u00fbbir\u00fbb\u00fbna k\u00ea\u015fey\u00ean siyas\u00ee \u00fb abor\u00ee y\u00ean hey\u00ee ne di r\u00eani\u015fend\u00ean yekal\u00ee de ye, belku di yekxistina hewl\u00ean partiy\u00ean Kurdistan\u00ee, gotar \u00fb d\u00eetina wan a stratej\u00eek de ye; ev yek wek\u00ee bingehek\u00ee serek\u00ee y\u00ea parastina destkeftiy\u00ean netewey\u00ee \u00fb dab\u00eenkirina pa\u015feroja gel\u00ea me di nav v\u00ea hawirdora her\u00eam\u00ee ya aloz de hat nirxandin.<\/p>\n<p>Li aliy\u00ea din, bi ber\u00e7avgirtina rastiya tal a li Kurdistana S\u00fbriy\u00ea, hat diyarkirin ku gel\u00ea me di bin bar\u00ea \u015fert \u00fb merc\u00ean giran \u00ean jiyan\u00ea, buhab\u00fbn \u00fb enflasyon\u00ea de dinal\u00eenin.<\/p>\n<p>Ev rew\u015f daxwaza p\u00eada\u00e7\u00fbneke navxwey\u00ee ya berfireh \u00fb k\u00fbr di qada siyas\u00ee de dike, da ku bal biki\u015f\u00eenin ser dab\u00eenkirina xizmetguzariy\u00ean bingeh\u00een \u00fb k\u00eamkirina azar\u00ean welatiyan.<\/p>\n<p>Ev gav wek\u00ee st\u00fbna sereke ya misogerkirina aram\u00ee \u00fb a\u015ftiya navxwey\u00ee \u00fb avakirina ti\u015ft\u00ean ku di encama sal\u00ean dir\u00eaj \u00ean \u015fer\u00ea S\u00fbriy\u00ea de w\u00earan b\u00fbne, hat<br \/>\nhesibandin.<\/p>\n<p>Di dawiy\u00ea de, her du al\u00ee li ser w\u00ea yek\u00ea li hev kirin ku k\u00fbrahiya peywendiy\u00ean Kurdistan\u00ee s\u00eenor\u00ean cograf\u00ee \u00fb siyas\u00ee derbas dike.<\/p>\n<p>Her wiha teqez\u00ee li ser giringiya berdewamiya van hevd\u00eetin \u00fb \u015f\u00eawir\u00ean navbera h\u00eaz\u00ean Kurdistan\u00ee hat kirin, wek\u00ee riya her\u00ee guncaw ji bo \u00e7\u00eakirina helwest\u00ean yekgirt\u00ee y\u00ean ku xizmeta berjewendiy\u00ean bilind \u00ean gel\u00ea Kurd dikin \u00fb daxwaz\u00ean w\u00ee y\u00ean rewa dipar\u00eazin.<\/p>\n<p>Ragihandina ENKS\u00ea<br \/>\nRapor: El\u00ee Fetah<\/p>\n","protected":false},"excerpt":{"rendered":"<p>N\u00dbNERATIYA ENKS\u00ca LI HER\u00caMA KURDISTAN\u00ca P\u00ca\u015eWAZ\u00ce LI R\u00caZDAR XEL\u00ceL \u00ceBRAH\u00ceM KIR N\u00fbneratiya Her\u00eama Kurdistan\u00ea ya Enc\u00fbmena N\u00ee\u015ftiman\u00ee ya Kurd\u00ee li S\u00fbriy\u00ea (ENKS), roja \u00c7ar\u015fem\u00ea, 2y\u00ea \u00celona 2026an, p\u00ea\u015fwaz\u00ee li endam\u00ea serkirdayetiya Yekgirt\u00fbya \u00ceslam\u00ee ya Kurdistan\u00ea r\u00eazdar Xel\u00eel \u00cebrah\u00eem kir. M\u00eavan\u00ea r\u00eazdar ji aliy\u00ea serok \u00fb hejmarek ji endam\u00ean n\u00fbneratiy\u00ea ve, li baregeha n\u00fbneratiy\u00ea ya li [&hellip;]<\/p>\n","protected":false},"author":9,"featured_media":26022,"comment_status":"open","ping_status":"open","sticky":false,"template":"","format":"standard","meta":{"jnews-multi-image_gallery":[],"jnews_single_post":[],"jnews_primary_category":[],"jnews_override_counter":[],"footnotes":""},"categories":[64,39,38,47],"tags":[],"class_list":["post-26021","post","type-post","status-publish","format-standard","has-post-thumbnail","hentry","category-breaking-news","category-nuce","category-nuceyen-kurdistani","category-raporen-taybet"],"yoast_head":"<!-- This site is optimized with the Yoast SEO plugin v28.4 - https:\/\/yoast.com\/product\/yoast-seo-wordpress\/ -->\n<title>N\u00dbNERATIYA ENKS\u00ca LI HER\u00caMA KURDISTAN\u00ca P\u00ca\u015eWAZ\u00ce LI R\u00caZDAR XEL\u00ceL \u00ceBRAH\u00ceM KIR - Ragihandina Enc\u00fbmena Ni\u015ft\u00eeman\u00ee kurd\u00ee li S\u00fbriy\u00ea<\/title>\n<meta name=\"robots\" content=\"index, follow, max-snippet:-1, max-image-preview:large, max-video-preview:-1\" \/>\n<link rel=\"canonical\" href=\"https:\/\/ku.r-enks.net\/?p=26021\" \/>\n<meta property=\"og:locale\" content=\"en_GB\" \/>\n<meta property=\"og:type\" content=\"article\" \/>\n<meta property=\"og:title\" content=\"N\u00dbNERATIYA ENKS\u00ca LI HER\u00caMA KURDISTAN\u00ca P\u00ca\u015eWAZ\u00ce LI R\u00caZDAR XEL\u00ceL \u00ceBRAH\u00ceM KIR - Ragihandina Enc\u00fbmena Ni\u015ft\u00eeman\u00ee kurd\u00ee li S\u00fbriy\u00ea\" \/>\n<meta property=\"og:description\" content=\"N\u00dbNERATIYA ENKS\u00ca LI HER\u00caMA KURDISTAN\u00ca P\u00ca\u015eWAZ\u00ce LI R\u00caZDAR XEL\u00ceL \u00ceBRAH\u00ceM KIR N\u00fbneratiya Her\u00eama Kurdistan\u00ea ya Enc\u00fbmena N\u00ee\u015ftiman\u00ee ya Kurd\u00ee li S\u00fbriy\u00ea (ENKS), roja \u00c7ar\u015fem\u00ea, 2y\u00ea \u00celona 2026an, p\u00ea\u015fwaz\u00ee li endam\u00ea serkirdayetiya Yekgirt\u00fbya \u00ceslam\u00ee ya Kurdistan\u00ea r\u00eazdar Xel\u00eel \u00cebrah\u00eem kir. M\u00eavan\u00ea r\u00eazdar ji aliy\u00ea serok \u00fb hejmarek ji endam\u00ean n\u00fbneratiy\u00ea ve, li baregeha n\u00fbneratiy\u00ea ya li [&hellip;]\" \/>\n<meta property=\"og:url\" content=\"https:\/\/ku.r-enks.net\/?p=26021\" \/>\n<meta property=\"og:site_name\" content=\"Ragihandina Enc\u00fbmena Ni\u015ft\u00eeman\u00ee kurd\u00ee li S\u00fbriy\u00ea\" \/>\n<meta property=\"article:published_time\" content=\"2026-09-03T16:53:41+00:00\" \/>\n<meta property=\"og:image\" content=\"https:\/\/ku.r-enks.net\/wp-content\/uploads\/2026\/09\/fdee60d6-10de-4e91-83a1-ee188a98b94d.jpeg\" \/>\n\t<meta property=\"og:image:width\" content=\"720\" \/>\n\t<meta property=\"og:image:height\" content=\"540\" \/>\n\t<meta property=\"og:image:type\" content=\"image\/jpeg\" \/>\n<meta name=\"author\" content=\"ferhad \u015e\u00eaxo\" \/>\n<meta name=\"twitter:card\" content=\"summary_large_image\" \/>\n<meta name=\"twitter:label1\" content=\"Written by\" \/>\n\t<meta name=\"twitter:data1\" content=\"ferhad \u015e\u00eaxo\" \/>\n\t<meta name=\"twitter:label2\" content=\"Estimated reading time\" \/>\n\t<meta name=\"twitter:data2\" content=\"2 minutes\" \/>\n<script type=\"application\/ld+json\" class=\"yoast-schema-graph\">{\"@context\":\"https:\\\/\\\/schema.org\",\"@graph\":[{\"@type\":\"Article\",\"@id\":\"https:\\\/\\\/ku.r-enks.net\\\/?p=26021#article\",\"isPartOf\":{\"@id\":\"https:\\\/\\\/ku.r-enks.net\\\/?p=26021\"},\"author\":{\"name\":\"ferhad \u015e\u00eaxo\",\"@id\":\"https:\\\/\\\/ku.r-enks.net\\\/#\\\/schema\\\/person\\\/b5083e97489c8f4a39ec5ef09a24d63e\"},\"headline\":\"N\u00dbNERATIYA ENKS\u00ca LI HER\u00caMA KURDISTAN\u00ca P\u00ca\u015eWAZ\u00ce LI R\u00caZDAR XEL\u00ceL \u00ceBRAH\u00ceM KIR\",\"datePublished\":\"2026-09-03T16:53:41+00:00\",\"mainEntityOfPage\":{\"@id\":\"https:\\\/\\\/ku.r-enks.net\\\/?p=26021\"},\"wordCount\":405,\"commentCount\":0,\"publisher\":{\"@id\":\"https:\\\/\\\/ku.r-enks.net\\\/#organization\"},\"image\":{\"@id\":\"https:\\\/\\\/ku.r-enks.net\\\/?p=26021#primaryimage\"},\"thumbnailUrl\":\"https:\\\/\\\/ku.r-enks.net\\\/wp-content\\\/uploads\\\/2026\\\/09\\\/fdee60d6-10de-4e91-83a1-ee188a98b94d.jpeg\",\"articleSection\":[\"Breaking news\",\"N\u00fb\u00e7e\",\"N\u00fb\u00e7ey\u00ean Kurdistan\u00ee\",\"Rapor\u00ean Taybet\"],\"inLanguage\":\"en-GB\",\"potentialAction\":[{\"@type\":\"CommentAction\",\"name\":\"Comment\",\"target\":[\"https:\\\/\\\/ku.r-enks.net\\\/?p=26021#respond\"]}]},{\"@type\":\"WebPage\",\"@id\":\"https:\\\/\\\/ku.r-enks.net\\\/?p=26021\",\"url\":\"https:\\\/\\\/ku.r-enks.net\\\/?p=26021\",\"name\":\"N\u00dbNERATIYA ENKS\u00ca LI HER\u00caMA KURDISTAN\u00ca P\u00ca\u015eWAZ\u00ce LI R\u00caZDAR XEL\u00ceL \u00ceBRAH\u00ceM KIR - Ragihandina Enc\u00fbmena Ni\u015ft\u00eeman\u00ee kurd\u00ee li S\u00fbriy\u00ea\",\"isPartOf\":{\"@id\":\"https:\\\/\\\/ku.r-enks.net\\\/#website\"},\"primaryImageOfPage\":{\"@id\":\"https:\\\/\\\/ku.r-enks.net\\\/?p=26021#primaryimage\"},\"image\":{\"@id\":\"https:\\\/\\\/ku.r-enks.net\\\/?p=26021#primaryimage\"},\"thumbnailUrl\":\"https:\\\/\\\/ku.r-enks.net\\\/wp-content\\\/uploads\\\/2026\\\/09\\\/fdee60d6-10de-4e91-83a1-ee188a98b94d.jpeg\",\"datePublished\":\"2026-09-03T16:53:41+00:00\",\"breadcrumb\":{\"@id\":\"https:\\\/\\\/ku.r-enks.net\\\/?p=26021#breadcrumb\"},\"inLanguage\":\"en-GB\",\"potentialAction\":[{\"@type\":\"ReadAction\",\"target\":[\"https:\\\/\\\/ku.r-enks.net\\\/?p=26021\"]}]},{\"@type\":\"ImageObject\",\"inLanguage\":\"en-GB\",\"@id\":\"https:\\\/\\\/ku.r-enks.net\\\/?p=26021#primaryimage\",\"url\":\"https:\\\/\\\/ku.r-enks.net\\\/wp-content\\\/uploads\\\/2026\\\/09\\\/fdee60d6-10de-4e91-83a1-ee188a98b94d.jpeg\",\"contentUrl\":\"https:\\\/\\\/ku.r-enks.net\\\/wp-content\\\/uploads\\\/2026\\\/09\\\/fdee60d6-10de-4e91-83a1-ee188a98b94d.jpeg\",\"width\":720,\"height\":540},{\"@type\":\"BreadcrumbList\",\"@id\":\"https:\\\/\\\/ku.r-enks.net\\\/?p=26021#breadcrumb\",\"itemListElement\":[{\"@type\":\"ListItem\",\"position\":1,\"name\":\"Home\",\"item\":\"https:\\\/\\\/ku.r-enks.net\\\/\"},{\"@type\":\"ListItem\",\"position\":2,\"name\":\"N\u00dbNERATIYA ENKS\u00ca LI HER\u00caMA KURDISTAN\u00ca P\u00ca\u015eWAZ\u00ce LI R\u00caZDAR XEL\u00ceL \u00ceBRAH\u00ceM KIR\"}]},{\"@type\":\"WebSite\",\"@id\":\"https:\\\/\\\/ku.r-enks.net\\\/#website\",\"url\":\"https:\\\/\\\/ku.r-enks.net\\\/\",\"name\":\"Ragihandina Enc\u00fbmena Ni\u015ft\u00eeman\u00ee kurd\u00ee li S\u00fbriy\u00ea\",\"description\":\"\u0627\u0644\u0645\u062c\u0644\u0633 \u0627\u0644\u0648\u0637\u0646\u064a \u0627\u0644\u0643\u0648\u0631\u062f\u064a \u0641\u064a \u0633\u0648\u0631\u064a\u0627\",\"publisher\":{\"@id\":\"https:\\\/\\\/ku.r-enks.net\\\/#organization\"},\"potentialAction\":[{\"@type\":\"SearchAction\",\"target\":{\"@type\":\"EntryPoint\",\"urlTemplate\":\"https:\\\/\\\/ku.r-enks.net\\\/?s={search_term_string}\"},\"query-input\":{\"@type\":\"PropertyValueSpecification\",\"valueRequired\":true,\"valueName\":\"search_term_string\"}}],\"inLanguage\":\"en-GB\"},{\"@type\":\"Organization\",\"@id\":\"https:\\\/\\\/ku.r-enks.net\\\/#organization\",\"name\":\"Ragihandina Enc\u00fbmena Ni\u015ft\u00eeman\u00ee kurd\u00ee li S\u00fbriy\u00ea\",\"url\":\"https:\\\/\\\/ku.r-enks.net\\\/\",\"logo\":{\"@type\":\"ImageObject\",\"inLanguage\":\"en-GB\",\"@id\":\"https:\\\/\\\/ku.r-enks.net\\\/#\\\/schema\\\/logo\\\/image\\\/\",\"url\":\"https:\\\/\\\/ku.r-enks.net\\\/wp-content\\\/uploads\\\/2025\\\/08\\\/IMG_1702.jpeg\",\"contentUrl\":\"https:\\\/\\\/ku.r-enks.net\\\/wp-content\\\/uploads\\\/2025\\\/08\\\/IMG_1702.jpeg\",\"width\":283,\"height\":178,\"caption\":\"Ragihandina Enc\u00fbmena Ni\u015ft\u00eeman\u00ee kurd\u00ee li S\u00fbriy\u00ea\"},\"image\":{\"@id\":\"https:\\\/\\\/ku.r-enks.net\\\/#\\\/schema\\\/logo\\\/image\\\/\"}},{\"@type\":\"Person\",\"@id\":\"https:\\\/\\\/ku.r-enks.net\\\/#\\\/schema\\\/person\\\/b5083e97489c8f4a39ec5ef09a24d63e\",\"name\":\"ferhad \u015e\u00eaxo\",\"image\":{\"@type\":\"ImageObject\",\"inLanguage\":\"en-GB\",\"@id\":\"https:\\\/\\\/secure.gravatar.com\\\/avatar\\\/07bbc22fb9fb2ef801b2fbaa0aabbccce9823f175eecbf6562ba080b1c55e14a?s=96&d=mm&r=g\",\"url\":\"https:\\\/\\\/secure.gravatar.com\\\/avatar\\\/07bbc22fb9fb2ef801b2fbaa0aabbccce9823f175eecbf6562ba080b1c55e14a?s=96&d=mm&r=g\",\"contentUrl\":\"https:\\\/\\\/secure.gravatar.com\\\/avatar\\\/07bbc22fb9fb2ef801b2fbaa0aabbccce9823f175eecbf6562ba080b1c55e14a?s=96&d=mm&r=g\",\"caption\":\"ferhad \u015e\u00eaxo\"},\"sameAs\":[\"http:\\\/\\\/Ferhad\"],\"url\":\"https:\\\/\\\/ku.r-enks.net\\\/?author=9\"}]}<\/script>\n<!-- \/ Yoast SEO plugin. -->","yoast_head_json":{"title":"N\u00dbNERATIYA ENKS\u00ca LI HER\u00caMA KURDISTAN\u00ca P\u00ca\u015eWAZ\u00ce LI R\u00caZDAR XEL\u00ceL \u00ceBRAH\u00ceM KIR - Ragihandina Enc\u00fbmena Ni\u015ft\u00eeman\u00ee kurd\u00ee li S\u00fbriy\u00ea","robots":{"index":"index","follow":"follow","max-snippet":"max-snippet:-1","max-image-preview":"max-image-preview:large","max-video-preview":"max-video-preview:-1"},"canonical":"https:\/\/ku.r-enks.net\/?p=26021","og_locale":"en_GB","og_type":"article","og_title":"N\u00dbNERATIYA ENKS\u00ca LI HER\u00caMA KURDISTAN\u00ca P\u00ca\u015eWAZ\u00ce LI R\u00caZDAR XEL\u00ceL \u00ceBRAH\u00ceM KIR - Ragihandina Enc\u00fbmena Ni\u015ft\u00eeman\u00ee kurd\u00ee li S\u00fbriy\u00ea","og_description":"N\u00dbNERATIYA ENKS\u00ca LI HER\u00caMA KURDISTAN\u00ca P\u00ca\u015eWAZ\u00ce LI R\u00caZDAR XEL\u00ceL \u00ceBRAH\u00ceM KIR N\u00fbneratiya Her\u00eama Kurdistan\u00ea ya Enc\u00fbmena N\u00ee\u015ftiman\u00ee ya Kurd\u00ee li S\u00fbriy\u00ea (ENKS), roja \u00c7ar\u015fem\u00ea, 2y\u00ea \u00celona 2026an, p\u00ea\u015fwaz\u00ee li endam\u00ea serkirdayetiya Yekgirt\u00fbya \u00ceslam\u00ee ya Kurdistan\u00ea r\u00eazdar Xel\u00eel \u00cebrah\u00eem kir. M\u00eavan\u00ea r\u00eazdar ji aliy\u00ea serok \u00fb hejmarek ji endam\u00ean n\u00fbneratiy\u00ea ve, li baregeha n\u00fbneratiy\u00ea ya li [&hellip;]","og_url":"https:\/\/ku.r-enks.net\/?p=26021","og_site_name":"Ragihandina Enc\u00fbmena Ni\u015ft\u00eeman\u00ee kurd\u00ee li S\u00fbriy\u00ea","article_published_time":"2026-09-03T16:53:41+00:00","og_image":[{"width":720,"height":540,"url":"https:\/\/ku.r-enks.net\/wp-content\/uploads\/2026\/09\/fdee60d6-10de-4e91-83a1-ee188a98b94d.jpeg","type":"image\/jpeg"}],"author":"ferhad \u015e\u00eaxo","twitter_card":"summary_large_image","twitter_misc":{"Written by":"ferhad \u015e\u00eaxo","Estimated reading time":"2 minutes"},"schema":{"@context":"https:\/\/schema.org","@graph":[{"@type":"Article","@id":"https:\/\/ku.r-enks.net\/?p=26021#article","isPartOf":{"@id":"https:\/\/ku.r-enks.net\/?p=26021"},"author":{"name":"ferhad \u015e\u00eaxo","@id":"https:\/\/ku.r-enks.net\/#\/schema\/person\/b5083e97489c8f4a39ec5ef09a24d63e"},"headline":"N\u00dbNERATIYA ENKS\u00ca LI HER\u00caMA KURDISTAN\u00ca P\u00ca\u015eWAZ\u00ce LI R\u00caZDAR XEL\u00ceL \u00ceBRAH\u00ceM KIR","datePublished":"2026-09-03T16:53:41+00:00","mainEntityOfPage":{"@id":"https:\/\/ku.r-enks.net\/?p=26021"},"wordCount":405,"commentCount":0,"publisher":{"@id":"https:\/\/ku.r-enks.net\/#organization"},"image":{"@id":"https:\/\/ku.r-enks.net\/?p=26021#primaryimage"},"thumbnailUrl":"https:\/\/ku.r-enks.net\/wp-content\/uploads\/2026\/09\/fdee60d6-10de-4e91-83a1-ee188a98b94d.jpeg","articleSection":["Breaking news","N\u00fb\u00e7e","N\u00fb\u00e7ey\u00ean Kurdistan\u00ee","Rapor\u00ean Taybet"],"inLanguage":"en-GB","potentialAction":[{"@type":"CommentAction","name":"Comment","target":["https:\/\/ku.r-enks.net\/?p=26021#respond"]}]},{"@type":"WebPage","@id":"https:\/\/ku.r-enks.net\/?p=26021","url":"https:\/\/ku.r-enks.net\/?p=26021","name":"N\u00dbNERATIYA ENKS\u00ca LI HER\u00caMA KURDISTAN\u00ca P\u00ca\u015eWAZ\u00ce LI R\u00caZDAR XEL\u00ceL \u00ceBRAH\u00ceM KIR - Ragihandina Enc\u00fbmena Ni\u015ft\u00eeman\u00ee kurd\u00ee li S\u00fbriy\u00ea","isPartOf":{"@id":"https:\/\/ku.r-enks.net\/#website"},"primaryImageOfPage":{"@id":"https:\/\/ku.r-enks.net\/?p=26021#primaryimage"},"image":{"@id":"https:\/\/ku.r-enks.net\/?p=26021#primaryimage"},"thumbnailUrl":"https:\/\/ku.r-enks.net\/wp-content\/uploads\/2026\/09\/fdee60d6-10de-4e91-83a1-ee188a98b94d.jpeg","datePublished":"2026-09-03T16:53:41+00:00","breadcrumb":{"@id":"https:\/\/ku.r-enks.net\/?p=26021#breadcrumb"},"inLanguage":"en-GB","potentialAction":[{"@type":"ReadAction","target":["https:\/\/ku.r-enks.net\/?p=26021"]}]},{"@type":"ImageObject","inLanguage":"en-GB","@id":"https:\/\/ku.r-enks.net\/?p=26021#primaryimage","url":"https:\/\/ku.r-enks.net\/wp-content\/uploads\/2026\/09\/fdee60d6-10de-4e91-83a1-ee188a98b94d.jpeg","contentUrl":"https:\/\/ku.r-enks.net\/wp-content\/uploads\/2026\/09\/fdee60d6-10de-4e91-83a1-ee188a98b94d.jpeg","width":720,"height":540},{"@type":"BreadcrumbList","@id":"https:\/\/ku.r-enks.net\/?p=26021#breadcrumb","itemListElement":[{"@type":"ListItem","position":1,"name":"Home","item":"https:\/\/ku.r-enks.net\/"},{"@type":"ListItem","position":2,"name":"N\u00dbNERATIYA ENKS\u00ca LI HER\u00caMA KURDISTAN\u00ca P\u00ca\u015eWAZ\u00ce LI R\u00caZDAR XEL\u00ceL \u00ceBRAH\u00ceM KIR"}]},{"@type":"WebSite","@id":"https:\/\/ku.r-enks.net\/#website","url":"https:\/\/ku.r-enks.net\/","name":"Ragihandina Enc\u00fbmena Ni\u015ft\u00eeman\u00ee kurd\u00ee li S\u00fbriy\u00ea","description":"\u0627\u0644\u0645\u062c\u0644\u0633 \u0627\u0644\u0648\u0637\u0646\u064a \u0627\u0644\u0643\u0648\u0631\u062f\u064a \u0641\u064a \u0633\u0648\u0631\u064a\u0627","publisher":{"@id":"https:\/\/ku.r-enks.net\/#organization"},"potentialAction":[{"@type":"SearchAction","target":{"@type":"EntryPoint","urlTemplate":"https:\/\/ku.r-enks.net\/?s={search_term_string}"},"query-input":{"@type":"PropertyValueSpecification","valueRequired":true,"valueName":"search_term_string"}}],"inLanguage":"en-GB"},{"@type":"Organization","@id":"https:\/\/ku.r-enks.net\/#organization","name":"Ragihandina Enc\u00fbmena Ni\u015ft\u00eeman\u00ee kurd\u00ee li S\u00fbriy\u00ea","url":"https:\/\/ku.r-enks.net\/","logo":{"@type":"ImageObject","inLanguage":"en-GB","@id":"https:\/\/ku.r-enks.net\/#\/schema\/logo\/image\/","url":"https:\/\/ku.r-enks.net\/wp-content\/uploads\/2025\/08\/IMG_1702.jpeg","contentUrl":"https:\/\/ku.r-enks.net\/wp-content\/uploads\/2025\/08\/IMG_1702.jpeg","width":283,"height":178,"caption":"Ragihandina Enc\u00fbmena Ni\u015ft\u00eeman\u00ee kurd\u00ee li S\u00fbriy\u00ea"},"image":{"@id":"https:\/\/ku.r-enks.net\/#\/schema\/logo\/image\/"}},{"@type":"Person","@id":"https:\/\/ku.r-enks.net\/#\/schema\/person\/b5083e97489c8f4a39ec5ef09a24d63e","name":"ferhad \u015e\u00eaxo","image":{"@type":"ImageObject","inLanguage":"en-GB","@id":"https:\/\/secure.gravatar.com\/avatar\/07bbc22fb9fb2ef801b2fbaa0aabbccce9823f175eecbf6562ba080b1c55e14a?s=96&d=mm&r=g","url":"https:\/\/secure.gravatar.com\/avatar\/07bbc22fb9fb2ef801b2fbaa0aabbccce9823f175eecbf6562ba080b1c55e14a?s=96&d=mm&r=g","contentUrl":"https:\/\/secure.gravatar.com\/avatar\/07bbc22fb9fb2ef801b2fbaa0aabbccce9823f175eecbf6562ba080b1c55e14a?s=96&d=mm&r=g","caption":"ferhad \u015e\u00eaxo"},"sameAs":["http:\/\/Ferhad"],"url":"https:\/\/ku.r-enks.net\/?author=9"}]}},"_links":{"self":[{"href":"https:\/\/ku.r-enks.net\/index.php?rest_route=\/wp\/v2\/posts\/26021","targetHints":{"allow":["GET"]}}],"collection":[{"href":"https:\/\/ku.r-enks.net\/index.php?rest_route=\/wp\/v2\/posts"}],"about":[{"href":"https:\/\/ku.r-enks.net\/index.php?rest_route=\/wp\/v2\/types\/post"}],"author":[{"embeddable":true,"href":"https:\/\/ku.r-enks.net\/index.php?rest_route=\/wp\/v2\/users\/9"}],"replies":[{"embeddable":true,"href":"https:\/\/ku.r-enks.net\/index.php?rest_route=%2Fwp%2Fv2%2Fcomments&post=26021"}],"version-history":[{"count":1,"href":"https:\/\/ku.r-enks.net\/index.php?rest_route=\/wp\/v2\/posts\/26021\/revisions"}],"predecessor-version":[{"id":26023,"href":"https:\/\/ku.r-enks.net\/index.php?rest_route=\/wp\/v2\/posts\/26021\/revisions\/26023"}],"wp:featuredmedia":[{"embeddable":true,"href":"https:\/\/ku.r-enks.net\/index.php?rest_route=\/wp\/v2\/media\/26022"}],"wp:attachment":[{"href":"https:\/\/ku.r-enks.net\/index.php?rest_route=%2Fwp%2Fv2%2Fmedia&parent=26021"}],"wp:term":[{"taxonomy":"category","embeddable":true,"href":"https:\/\/ku.r-enks.net\/index.php?rest_route=%2Fwp%2Fv2%2Fcategories&post=26021"},{"taxonomy":"post_tag","embeddable":true,"href":"https:\/\/ku.r-enks.net\/index.php?rest_route=%2Fwp%2Fv2%2Ftags&post=26021"}],"curies":[{"name":"wp","href":"https:\/\/api.w.org\/{rel}","templated":true}]}}