{"id":26015,"date":"2026-09-02T21:52:58","date_gmt":"2026-09-02T21:52:58","guid":{"rendered":"https:\/\/ku.r-enks.net\/?p=26015"},"modified":"2026-09-02T21:52:58","modified_gmt":"2026-09-02T21:52:58","slug":"emindariya-gisti-ya-enkse-li-qamislo-civiya","status":"publish","type":"post","link":"https:\/\/ku.r-enks.net\/?p=26015","title":{"rendered":"EM\u00ceNDARIYA GI\u015eT\u00ce YA ENKS\u00ca LI QAMI\u015eLO CIV\u00ceYA"},"content":{"rendered":"<p>&nbsp;<\/p>\n<p>Em\u00eendariya Gi\u015ft\u00ee ya Enc\u00fbmena Ni\u015ftiman\u00ee ya Kurd\u00ee li S\u00fbriy\u00ea (ENKS), \u00eero \u00c7ar\u015fem\u00ea, 2\u2019y\u00ea \u00celona 2026\u2019an, civ\u00eena xwe ya asay\u00ee li of\u00eesa Partiya Demokrat a Kurdistan\u00ee \u2013 S\u00fbriye (PDK-S) li dar xist.<\/p>\n<p>Civ\u00een bi amadeb\u00fbna Serok\u00ea Enc\u00fbmen\u00ea bir\u00eaz Mihemed \u00cesma\u00eel, Serokatiya Enc\u00fbmen\u00ea \u00fb endam\u00ean Em\u00eendariya Gi\u015ft\u00ee, di bin \u015fert \u00fb merc\u00ean lezg\u00een \u00ean siyas\u00ee \u00fb meydan\u00ee y\u00ean ku S\u00fbriya \u00fb her\u00eam t\u00ea de derbas dibin, hat lidarxistin.<br \/>\nCiv\u00een bi x\u00earhatina amadeb\u00fbyan \u00fb deqeyek r\u00eazgirtin ji bo giyan\u00ea \u015feh\u00eed\u00ean Kurd \u00fb Kurdistan\u00ea \u00fb di ser\u00ee de Barzaniy\u00ea<br \/>\nNemir dest p\u00ea kir,<\/p>\n<p>ber\u00ee ku derbas\u00ee genge\u015fekirina \u00e7end\u00een mijar\u00ean siyas\u00ee, r\u00eaxistin\u00ee \u00fb jiyan\u00ee bibin ku di bala Enc\u00fbmen\u00ea de ne.<\/p>\n<p>Di civ\u00een\u00ea de ge\u015fedan \u00fb guhertin\u00ean daw\u00ee y\u00ean li ser qada S\u00fbriy\u00ea \u00fb her\u00eam\u00ee, her wiha merc\u00ean dijwar \u00ean jiyan\u00ea li her\u00eam\u00ea \u00fb bandora wan li ser jiyana welatiyan hatin nirxandin.<\/p>\n<p>Her wiha behsa \u00e7end mijar\u00ean gir\u00eaday\u00ee rew\u015fa Kurd\u00ee \u00fb ge\u015fedan\u00ean lezg\u00een \u00ean siyas\u00ee li S\u00fbriy\u00ea hat kirin.<\/p>\n<p>Di daxuyaniyeke taybet de, endam\u00ea desteya serokatiya ENKS\u00ea bir\u00eaz Nimet Dawid r\u00ean\u00ee\u015fan kir ku ev civ\u00een di \u00e7ar\u00e7oveya civ\u00een\u00ean asay\u00ee y\u00ean Em\u00eendariya Gi\u015ft\u00ee ya ENKS\u00ea de t\u00ea, l\u00ea ji ber \u015fert \u00fb merc\u00ean awarte y\u00ean S\u00fbriya \u00fb her\u00eam t\u00ea re derbas dibin \u00fb lezb\u00fbna b\u00fbyer \u00fb ge\u015fedan\u00ean siyas\u00ee, xwed\u00ee gir\u00eengiyeke taybet e.<\/p>\n<p>Dawid destn\u00ee\u015fan kir ku ge\u015fedan\u00ean gir\u00eaday\u00ee yekb\u00fbna H\u00eaz\u00ean S\u00fbriyeya Demokrat\u00eek (HSD) \u00fb R\u00eaveberiya Xweser di nava saziy\u00ean dewleta S\u00fbriy\u00ea de, yek ji dosyay\u00ean giring e ku Enc\u00fbmen di\u015fop\u00eene.<\/p>\n<p>W\u00ee tekez kir ku p\u00eaw\u00eest e ev ge\u015fedan \u00fb bandor\u00ean wan li ser pa\u015feroja welat \u00fb her\u00eam\u00ea, bi taybet\u00ee li ser doza Kurd\u00ee, bi h\u00fbrgul\u00ee werin xwendin.<\/p>\n<p>Her wiha endam\u00ea desteya serokatiya ENKS\u00ea behsa kongreya li bende ya Enc\u00fbmena Ni\u015ftiman\u00ee ya Kurd\u00ee j\u00ee kir \u00fb e\u015fkere kir ku kongre n\u00eaz\u00eek b\u00fbye \u00fb Enc\u00fbmen d\u00ea di dema her\u00ee n\u00eaz de d\u00eeroka lidarxistina w\u00ea ragih\u00eene.<br \/>\nW\u00ee tekez kir ku gir\u00eeng e kongre bi her p\u00eevan\u00ee serkeft\u00ee be, ji ber ku gir\u00eengiya w\u00ea di diyarkirina r\u00fb\u00e7ik\u00ean qonaxa b\u00ea \u00fb xurtkirina rola Enc\u00fbmen\u00ea di S\u00fbriyeya pa\u015feroj\u00ea de heye.<br \/>\nCiv\u00eena Em\u00eendariya Gi\u015ft\u00ee ya ENKS\u00ea di demek\u00ea de t\u00ea ku qada S\u00fbriy\u00ea di bin guhertin\u00ean lezg\u00een \u00ean siyas\u00ee de ye, ku ev yek li gor\u00ee be\u015fdaran, h\u00eaz\u00ean siyas\u00ee dixe p\u00ea\u015fber\u00ee p\u00eangav\u00ean n\u00fb ku hewcey\u00ee hevaheng\u00ee, diyalog \u00fb zelaliya d\u00eetin\u00ea beramber\u00ee pa\u015feroja welat \u00fb maf\u00ean p\u00eakhatey\u00ean c\u00fbda ne.<\/p>\n<p>T\u00ea \u00e7aver\u00eakirin ku Enc\u00fbmena Ni\u015ftiman\u00ee ya Kurd\u00ee di qonaxa b\u00ea de amadekariy\u00ean xwe y\u00ean ji bo lidarxistina kongrey\u00ea berdewam bike, di nav \u00e7avd\u00eariya helwest \u00fb biryar\u00ean ku d\u00ea j\u00ea derkevin \u00fb gir\u00eaday\u00ee qonaxa siyas\u00ee ya p\u00ea\u015f \u00fb rola Enc\u00fbmen\u00ea di ge\u0634edan\u00ean S\u00fbriy\u00ea de ne.<\/p>\n<p>Ragihandina ENKS\u00ea<br \/>\nRapor: El\u00ee Fetah<\/p>\n","protected":false},"excerpt":{"rendered":"<p>&nbsp; Em\u00eendariya Gi\u015ft\u00ee ya Enc\u00fbmena Ni\u015ftiman\u00ee ya Kurd\u00ee li S\u00fbriy\u00ea (ENKS), \u00eero \u00c7ar\u015fem\u00ea, 2\u2019y\u00ea \u00celona 2026\u2019an, civ\u00eena xwe ya asay\u00ee li of\u00eesa Partiya Demokrat a Kurdistan\u00ee \u2013 S\u00fbriye (PDK-S) li dar xist. Civ\u00een bi amadeb\u00fbna Serok\u00ea Enc\u00fbmen\u00ea bir\u00eaz Mihemed \u00cesma\u00eel, Serokatiya Enc\u00fbmen\u00ea \u00fb endam\u00ean Em\u00eendariya Gi\u015ft\u00ee, di bin \u015fert \u00fb merc\u00ean lezg\u00een \u00ean siyas\u00ee \u00fb [&hellip;]<\/p>\n","protected":false},"author":9,"featured_media":26016,"comment_status":"open","ping_status":"open","sticky":false,"template":"","format":"standard","meta":{"jnews-multi-image_gallery":[],"jnews_single_post":[],"jnews_primary_category":[],"jnews_override_counter":[],"footnotes":""},"categories":[64,39,58,38,47],"tags":[],"class_list":["post-26015","post","type-post","status-publish","format-standard","has-post-thumbnail","hentry","category-breaking-news","category-nuce","category-nuceyen-bilez","category-nuceyen-kurdistani","category-raporen-taybet"],"yoast_head":"<!-- This site is optimized with the Yoast SEO plugin v28.4 - https:\/\/yoast.com\/product\/yoast-seo-wordpress\/ -->\n<title>EM\u00ceNDARIYA GI\u015eT\u00ce YA ENKS\u00ca LI QAMI\u015eLO CIV\u00ceYA - Ragihandina Enc\u00fbmena Ni\u015ft\u00eeman\u00ee kurd\u00ee li S\u00fbriy\u00ea<\/title>\n<meta name=\"robots\" content=\"index, follow, max-snippet:-1, max-image-preview:large, max-video-preview:-1\" \/>\n<link rel=\"canonical\" href=\"https:\/\/ku.r-enks.net\/?p=26015\" \/>\n<meta property=\"og:locale\" content=\"en_GB\" \/>\n<meta property=\"og:type\" content=\"article\" \/>\n<meta property=\"og:title\" content=\"EM\u00ceNDARIYA GI\u015eT\u00ce YA ENKS\u00ca LI QAMI\u015eLO CIV\u00ceYA - Ragihandina Enc\u00fbmena Ni\u015ft\u00eeman\u00ee kurd\u00ee li S\u00fbriy\u00ea\" \/>\n<meta property=\"og:description\" content=\"&nbsp; Em\u00eendariya Gi\u015ft\u00ee ya Enc\u00fbmena Ni\u015ftiman\u00ee ya Kurd\u00ee li S\u00fbriy\u00ea (ENKS), \u00eero \u00c7ar\u015fem\u00ea, 2\u2019y\u00ea \u00celona 2026\u2019an, civ\u00eena xwe ya asay\u00ee li of\u00eesa Partiya Demokrat a Kurdistan\u00ee \u2013 S\u00fbriye (PDK-S) li dar xist. Civ\u00een bi amadeb\u00fbna Serok\u00ea Enc\u00fbmen\u00ea bir\u00eaz Mihemed \u00cesma\u00eel, Serokatiya Enc\u00fbmen\u00ea \u00fb endam\u00ean Em\u00eendariya Gi\u015ft\u00ee, di bin \u015fert \u00fb merc\u00ean lezg\u00een \u00ean siyas\u00ee \u00fb [&hellip;]\" \/>\n<meta property=\"og:url\" content=\"https:\/\/ku.r-enks.net\/?p=26015\" \/>\n<meta property=\"og:site_name\" content=\"Ragihandina Enc\u00fbmena Ni\u015ft\u00eeman\u00ee kurd\u00ee li S\u00fbriy\u00ea\" \/>\n<meta property=\"article:published_time\" content=\"2026-09-02T21:52:58+00:00\" \/>\n<meta property=\"og:image\" content=\"https:\/\/ku.r-enks.net\/wp-content\/uploads\/2026\/09\/0c472b67-dc29-4f14-910f-555802b2094f.jpeg\" \/>\n\t<meta property=\"og:image:width\" content=\"1020\" \/>\n\t<meta property=\"og:image:height\" content=\"574\" \/>\n\t<meta property=\"og:image:type\" content=\"image\/jpeg\" \/>\n<meta name=\"author\" content=\"ferhad \u015e\u00eaxo\" \/>\n<meta name=\"twitter:card\" content=\"summary_large_image\" \/>\n<meta name=\"twitter:label1\" content=\"Written by\" \/>\n\t<meta name=\"twitter:data1\" content=\"ferhad \u015e\u00eaxo\" \/>\n\t<meta name=\"twitter:label2\" content=\"Estimated reading time\" \/>\n\t<meta name=\"twitter:data2\" content=\"2 minutes\" \/>\n<script type=\"application\/ld+json\" class=\"yoast-schema-graph\">{\"@context\":\"https:\\\/\\\/schema.org\",\"@graph\":[{\"@type\":\"Article\",\"@id\":\"https:\\\/\\\/ku.r-enks.net\\\/?p=26015#article\",\"isPartOf\":{\"@id\":\"https:\\\/\\\/ku.r-enks.net\\\/?p=26015\"},\"author\":{\"name\":\"ferhad \u015e\u00eaxo\",\"@id\":\"https:\\\/\\\/ku.r-enks.net\\\/#\\\/schema\\\/person\\\/b5083e97489c8f4a39ec5ef09a24d63e\"},\"headline\":\"EM\u00ceNDARIYA GI\u015eT\u00ce YA ENKS\u00ca LI QAMI\u015eLO CIV\u00ceYA\",\"datePublished\":\"2026-09-02T21:52:58+00:00\",\"mainEntityOfPage\":{\"@id\":\"https:\\\/\\\/ku.r-enks.net\\\/?p=26015\"},\"wordCount\":547,\"commentCount\":0,\"publisher\":{\"@id\":\"https:\\\/\\\/ku.r-enks.net\\\/#organization\"},\"image\":{\"@id\":\"https:\\\/\\\/ku.r-enks.net\\\/?p=26015#primaryimage\"},\"thumbnailUrl\":\"https:\\\/\\\/ku.r-enks.net\\\/wp-content\\\/uploads\\\/2026\\\/09\\\/0c472b67-dc29-4f14-910f-555802b2094f.jpeg\",\"articleSection\":[\"Breaking news\",\"N\u00fb\u00e7e\",\"N\u00fb\u00e7ey\u00ean Bilez\",\"N\u00fb\u00e7ey\u00ean Kurdistan\u00ee\",\"Rapor\u00ean Taybet\"],\"inLanguage\":\"en-GB\",\"potentialAction\":[{\"@type\":\"CommentAction\",\"name\":\"Comment\",\"target\":[\"https:\\\/\\\/ku.r-enks.net\\\/?p=26015#respond\"]}]},{\"@type\":\"WebPage\",\"@id\":\"https:\\\/\\\/ku.r-enks.net\\\/?p=26015\",\"url\":\"https:\\\/\\\/ku.r-enks.net\\\/?p=26015\",\"name\":\"EM\u00ceNDARIYA GI\u015eT\u00ce YA ENKS\u00ca LI QAMI\u015eLO CIV\u00ceYA - Ragihandina Enc\u00fbmena Ni\u015ft\u00eeman\u00ee kurd\u00ee li S\u00fbriy\u00ea\",\"isPartOf\":{\"@id\":\"https:\\\/\\\/ku.r-enks.net\\\/#website\"},\"primaryImageOfPage\":{\"@id\":\"https:\\\/\\\/ku.r-enks.net\\\/?p=26015#primaryimage\"},\"image\":{\"@id\":\"https:\\\/\\\/ku.r-enks.net\\\/?p=26015#primaryimage\"},\"thumbnailUrl\":\"https:\\\/\\\/ku.r-enks.net\\\/wp-content\\\/uploads\\\/2026\\\/09\\\/0c472b67-dc29-4f14-910f-555802b2094f.jpeg\",\"datePublished\":\"2026-09-02T21:52:58+00:00\",\"breadcrumb\":{\"@id\":\"https:\\\/\\\/ku.r-enks.net\\\/?p=26015#breadcrumb\"},\"inLanguage\":\"en-GB\",\"potentialAction\":[{\"@type\":\"ReadAction\",\"target\":[\"https:\\\/\\\/ku.r-enks.net\\\/?p=26015\"]}]},{\"@type\":\"ImageObject\",\"inLanguage\":\"en-GB\",\"@id\":\"https:\\\/\\\/ku.r-enks.net\\\/?p=26015#primaryimage\",\"url\":\"https:\\\/\\\/ku.r-enks.net\\\/wp-content\\\/uploads\\\/2026\\\/09\\\/0c472b67-dc29-4f14-910f-555802b2094f.jpeg\",\"contentUrl\":\"https:\\\/\\\/ku.r-enks.net\\\/wp-content\\\/uploads\\\/2026\\\/09\\\/0c472b67-dc29-4f14-910f-555802b2094f.jpeg\",\"width\":1020,\"height\":574},{\"@type\":\"BreadcrumbList\",\"@id\":\"https:\\\/\\\/ku.r-enks.net\\\/?p=26015#breadcrumb\",\"itemListElement\":[{\"@type\":\"ListItem\",\"position\":1,\"name\":\"Home\",\"item\":\"https:\\\/\\\/ku.r-enks.net\\\/\"},{\"@type\":\"ListItem\",\"position\":2,\"name\":\"EM\u00ceNDARIYA GI\u015eT\u00ce YA ENKS\u00ca LI QAMI\u015eLO CIV\u00ceYA\"}]},{\"@type\":\"WebSite\",\"@id\":\"https:\\\/\\\/ku.r-enks.net\\\/#website\",\"url\":\"https:\\\/\\\/ku.r-enks.net\\\/\",\"name\":\"Ragihandina Enc\u00fbmena Ni\u015ft\u00eeman\u00ee kurd\u00ee li S\u00fbriy\u00ea\",\"description\":\"\u0627\u0644\u0645\u062c\u0644\u0633 \u0627\u0644\u0648\u0637\u0646\u064a \u0627\u0644\u0643\u0648\u0631\u062f\u064a \u0641\u064a \u0633\u0648\u0631\u064a\u0627\",\"publisher\":{\"@id\":\"https:\\\/\\\/ku.r-enks.net\\\/#organization\"},\"potentialAction\":[{\"@type\":\"SearchAction\",\"target\":{\"@type\":\"EntryPoint\",\"urlTemplate\":\"https:\\\/\\\/ku.r-enks.net\\\/?s={search_term_string}\"},\"query-input\":{\"@type\":\"PropertyValueSpecification\",\"valueRequired\":true,\"valueName\":\"search_term_string\"}}],\"inLanguage\":\"en-GB\"},{\"@type\":\"Organization\",\"@id\":\"https:\\\/\\\/ku.r-enks.net\\\/#organization\",\"name\":\"Ragihandina Enc\u00fbmena Ni\u015ft\u00eeman\u00ee kurd\u00ee li S\u00fbriy\u00ea\",\"url\":\"https:\\\/\\\/ku.r-enks.net\\\/\",\"logo\":{\"@type\":\"ImageObject\",\"inLanguage\":\"en-GB\",\"@id\":\"https:\\\/\\\/ku.r-enks.net\\\/#\\\/schema\\\/logo\\\/image\\\/\",\"url\":\"https:\\\/\\\/ku.r-enks.net\\\/wp-content\\\/uploads\\\/2025\\\/08\\\/IMG_1702.jpeg\",\"contentUrl\":\"https:\\\/\\\/ku.r-enks.net\\\/wp-content\\\/uploads\\\/2025\\\/08\\\/IMG_1702.jpeg\",\"width\":283,\"height\":178,\"caption\":\"Ragihandina Enc\u00fbmena Ni\u015ft\u00eeman\u00ee kurd\u00ee li S\u00fbriy\u00ea\"},\"image\":{\"@id\":\"https:\\\/\\\/ku.r-enks.net\\\/#\\\/schema\\\/logo\\\/image\\\/\"}},{\"@type\":\"Person\",\"@id\":\"https:\\\/\\\/ku.r-enks.net\\\/#\\\/schema\\\/person\\\/b5083e97489c8f4a39ec5ef09a24d63e\",\"name\":\"ferhad \u015e\u00eaxo\",\"image\":{\"@type\":\"ImageObject\",\"inLanguage\":\"en-GB\",\"@id\":\"https:\\\/\\\/secure.gravatar.com\\\/avatar\\\/07bbc22fb9fb2ef801b2fbaa0aabbccce9823f175eecbf6562ba080b1c55e14a?s=96&d=mm&r=g\",\"url\":\"https:\\\/\\\/secure.gravatar.com\\\/avatar\\\/07bbc22fb9fb2ef801b2fbaa0aabbccce9823f175eecbf6562ba080b1c55e14a?s=96&d=mm&r=g\",\"contentUrl\":\"https:\\\/\\\/secure.gravatar.com\\\/avatar\\\/07bbc22fb9fb2ef801b2fbaa0aabbccce9823f175eecbf6562ba080b1c55e14a?s=96&d=mm&r=g\",\"caption\":\"ferhad \u015e\u00eaxo\"},\"sameAs\":[\"http:\\\/\\\/Ferhad\"],\"url\":\"https:\\\/\\\/ku.r-enks.net\\\/?author=9\"}]}<\/script>\n<!-- \/ Yoast SEO plugin. -->","yoast_head_json":{"title":"EM\u00ceNDARIYA GI\u015eT\u00ce YA ENKS\u00ca LI QAMI\u015eLO CIV\u00ceYA - Ragihandina Enc\u00fbmena Ni\u015ft\u00eeman\u00ee kurd\u00ee li S\u00fbriy\u00ea","robots":{"index":"index","follow":"follow","max-snippet":"max-snippet:-1","max-image-preview":"max-image-preview:large","max-video-preview":"max-video-preview:-1"},"canonical":"https:\/\/ku.r-enks.net\/?p=26015","og_locale":"en_GB","og_type":"article","og_title":"EM\u00ceNDARIYA GI\u015eT\u00ce YA ENKS\u00ca LI QAMI\u015eLO CIV\u00ceYA - Ragihandina Enc\u00fbmena Ni\u015ft\u00eeman\u00ee kurd\u00ee li S\u00fbriy\u00ea","og_description":"&nbsp; Em\u00eendariya Gi\u015ft\u00ee ya Enc\u00fbmena Ni\u015ftiman\u00ee ya Kurd\u00ee li S\u00fbriy\u00ea (ENKS), \u00eero \u00c7ar\u015fem\u00ea, 2\u2019y\u00ea \u00celona 2026\u2019an, civ\u00eena xwe ya asay\u00ee li of\u00eesa Partiya Demokrat a Kurdistan\u00ee \u2013 S\u00fbriye (PDK-S) li dar xist. Civ\u00een bi amadeb\u00fbna Serok\u00ea Enc\u00fbmen\u00ea bir\u00eaz Mihemed \u00cesma\u00eel, Serokatiya Enc\u00fbmen\u00ea \u00fb endam\u00ean Em\u00eendariya Gi\u015ft\u00ee, di bin \u015fert \u00fb merc\u00ean lezg\u00een \u00ean siyas\u00ee \u00fb [&hellip;]","og_url":"https:\/\/ku.r-enks.net\/?p=26015","og_site_name":"Ragihandina Enc\u00fbmena Ni\u015ft\u00eeman\u00ee kurd\u00ee li S\u00fbriy\u00ea","article_published_time":"2026-09-02T21:52:58+00:00","og_image":[{"width":1020,"height":574,"url":"https:\/\/ku.r-enks.net\/wp-content\/uploads\/2026\/09\/0c472b67-dc29-4f14-910f-555802b2094f.jpeg","type":"image\/jpeg"}],"author":"ferhad \u015e\u00eaxo","twitter_card":"summary_large_image","twitter_misc":{"Written by":"ferhad \u015e\u00eaxo","Estimated reading time":"2 minutes"},"schema":{"@context":"https:\/\/schema.org","@graph":[{"@type":"Article","@id":"https:\/\/ku.r-enks.net\/?p=26015#article","isPartOf":{"@id":"https:\/\/ku.r-enks.net\/?p=26015"},"author":{"name":"ferhad \u015e\u00eaxo","@id":"https:\/\/ku.r-enks.net\/#\/schema\/person\/b5083e97489c8f4a39ec5ef09a24d63e"},"headline":"EM\u00ceNDARIYA GI\u015eT\u00ce YA ENKS\u00ca LI QAMI\u015eLO CIV\u00ceYA","datePublished":"2026-09-02T21:52:58+00:00","mainEntityOfPage":{"@id":"https:\/\/ku.r-enks.net\/?p=26015"},"wordCount":547,"commentCount":0,"publisher":{"@id":"https:\/\/ku.r-enks.net\/#organization"},"image":{"@id":"https:\/\/ku.r-enks.net\/?p=26015#primaryimage"},"thumbnailUrl":"https:\/\/ku.r-enks.net\/wp-content\/uploads\/2026\/09\/0c472b67-dc29-4f14-910f-555802b2094f.jpeg","articleSection":["Breaking news","N\u00fb\u00e7e","N\u00fb\u00e7ey\u00ean Bilez","N\u00fb\u00e7ey\u00ean Kurdistan\u00ee","Rapor\u00ean Taybet"],"inLanguage":"en-GB","potentialAction":[{"@type":"CommentAction","name":"Comment","target":["https:\/\/ku.r-enks.net\/?p=26015#respond"]}]},{"@type":"WebPage","@id":"https:\/\/ku.r-enks.net\/?p=26015","url":"https:\/\/ku.r-enks.net\/?p=26015","name":"EM\u00ceNDARIYA GI\u015eT\u00ce YA ENKS\u00ca LI QAMI\u015eLO CIV\u00ceYA - Ragihandina Enc\u00fbmena Ni\u015ft\u00eeman\u00ee kurd\u00ee li S\u00fbriy\u00ea","isPartOf":{"@id":"https:\/\/ku.r-enks.net\/#website"},"primaryImageOfPage":{"@id":"https:\/\/ku.r-enks.net\/?p=26015#primaryimage"},"image":{"@id":"https:\/\/ku.r-enks.net\/?p=26015#primaryimage"},"thumbnailUrl":"https:\/\/ku.r-enks.net\/wp-content\/uploads\/2026\/09\/0c472b67-dc29-4f14-910f-555802b2094f.jpeg","datePublished":"2026-09-02T21:52:58+00:00","breadcrumb":{"@id":"https:\/\/ku.r-enks.net\/?p=26015#breadcrumb"},"inLanguage":"en-GB","potentialAction":[{"@type":"ReadAction","target":["https:\/\/ku.r-enks.net\/?p=26015"]}]},{"@type":"ImageObject","inLanguage":"en-GB","@id":"https:\/\/ku.r-enks.net\/?p=26015#primaryimage","url":"https:\/\/ku.r-enks.net\/wp-content\/uploads\/2026\/09\/0c472b67-dc29-4f14-910f-555802b2094f.jpeg","contentUrl":"https:\/\/ku.r-enks.net\/wp-content\/uploads\/2026\/09\/0c472b67-dc29-4f14-910f-555802b2094f.jpeg","width":1020,"height":574},{"@type":"BreadcrumbList","@id":"https:\/\/ku.r-enks.net\/?p=26015#breadcrumb","itemListElement":[{"@type":"ListItem","position":1,"name":"Home","item":"https:\/\/ku.r-enks.net\/"},{"@type":"ListItem","position":2,"name":"EM\u00ceNDARIYA GI\u015eT\u00ce YA ENKS\u00ca LI QAMI\u015eLO CIV\u00ceYA"}]},{"@type":"WebSite","@id":"https:\/\/ku.r-enks.net\/#website","url":"https:\/\/ku.r-enks.net\/","name":"Ragihandina Enc\u00fbmena Ni\u015ft\u00eeman\u00ee kurd\u00ee li S\u00fbriy\u00ea","description":"\u0627\u0644\u0645\u062c\u0644\u0633 \u0627\u0644\u0648\u0637\u0646\u064a \u0627\u0644\u0643\u0648\u0631\u062f\u064a \u0641\u064a \u0633\u0648\u0631\u064a\u0627","publisher":{"@id":"https:\/\/ku.r-enks.net\/#organization"},"potentialAction":[{"@type":"SearchAction","target":{"@type":"EntryPoint","urlTemplate":"https:\/\/ku.r-enks.net\/?s={search_term_string}"},"query-input":{"@type":"PropertyValueSpecification","valueRequired":true,"valueName":"search_term_string"}}],"inLanguage":"en-GB"},{"@type":"Organization","@id":"https:\/\/ku.r-enks.net\/#organization","name":"Ragihandina Enc\u00fbmena Ni\u015ft\u00eeman\u00ee kurd\u00ee li S\u00fbriy\u00ea","url":"https:\/\/ku.r-enks.net\/","logo":{"@type":"ImageObject","inLanguage":"en-GB","@id":"https:\/\/ku.r-enks.net\/#\/schema\/logo\/image\/","url":"https:\/\/ku.r-enks.net\/wp-content\/uploads\/2025\/08\/IMG_1702.jpeg","contentUrl":"https:\/\/ku.r-enks.net\/wp-content\/uploads\/2025\/08\/IMG_1702.jpeg","width":283,"height":178,"caption":"Ragihandina Enc\u00fbmena Ni\u015ft\u00eeman\u00ee kurd\u00ee li S\u00fbriy\u00ea"},"image":{"@id":"https:\/\/ku.r-enks.net\/#\/schema\/logo\/image\/"}},{"@type":"Person","@id":"https:\/\/ku.r-enks.net\/#\/schema\/person\/b5083e97489c8f4a39ec5ef09a24d63e","name":"ferhad \u015e\u00eaxo","image":{"@type":"ImageObject","inLanguage":"en-GB","@id":"https:\/\/secure.gravatar.com\/avatar\/07bbc22fb9fb2ef801b2fbaa0aabbccce9823f175eecbf6562ba080b1c55e14a?s=96&d=mm&r=g","url":"https:\/\/secure.gravatar.com\/avatar\/07bbc22fb9fb2ef801b2fbaa0aabbccce9823f175eecbf6562ba080b1c55e14a?s=96&d=mm&r=g","contentUrl":"https:\/\/secure.gravatar.com\/avatar\/07bbc22fb9fb2ef801b2fbaa0aabbccce9823f175eecbf6562ba080b1c55e14a?s=96&d=mm&r=g","caption":"ferhad \u015e\u00eaxo"},"sameAs":["http:\/\/Ferhad"],"url":"https:\/\/ku.r-enks.net\/?author=9"}]}},"_links":{"self":[{"href":"https:\/\/ku.r-enks.net\/index.php?rest_route=\/wp\/v2\/posts\/26015","targetHints":{"allow":["GET"]}}],"collection":[{"href":"https:\/\/ku.r-enks.net\/index.php?rest_route=\/wp\/v2\/posts"}],"about":[{"href":"https:\/\/ku.r-enks.net\/index.php?rest_route=\/wp\/v2\/types\/post"}],"author":[{"embeddable":true,"href":"https:\/\/ku.r-enks.net\/index.php?rest_route=\/wp\/v2\/users\/9"}],"replies":[{"embeddable":true,"href":"https:\/\/ku.r-enks.net\/index.php?rest_route=%2Fwp%2Fv2%2Fcomments&post=26015"}],"version-history":[{"count":1,"href":"https:\/\/ku.r-enks.net\/index.php?rest_route=\/wp\/v2\/posts\/26015\/revisions"}],"predecessor-version":[{"id":26017,"href":"https:\/\/ku.r-enks.net\/index.php?rest_route=\/wp\/v2\/posts\/26015\/revisions\/26017"}],"wp:featuredmedia":[{"embeddable":true,"href":"https:\/\/ku.r-enks.net\/index.php?rest_route=\/wp\/v2\/media\/26016"}],"wp:attachment":[{"href":"https:\/\/ku.r-enks.net\/index.php?rest_route=%2Fwp%2Fv2%2Fmedia&parent=26015"}],"wp:term":[{"taxonomy":"category","embeddable":true,"href":"https:\/\/ku.r-enks.net\/index.php?rest_route=%2Fwp%2Fv2%2Fcategories&post=26015"},{"taxonomy":"post_tag","embeddable":true,"href":"https:\/\/ku.r-enks.net\/index.php?rest_route=%2Fwp%2Fv2%2Ftags&post=26015"}],"curies":[{"name":"wp","href":"https:\/\/api.w.org\/{rel}","templated":true}]}}