{"id":26009,"date":"2026-09-02T21:48:39","date_gmt":"2026-09-02T21:48:39","guid":{"rendered":"https:\/\/ku.r-enks.net\/?p=26009"},"modified":"2026-09-02T21:48:39","modified_gmt":"2026-09-02T21:48:39","slug":"efrin-bawernameyen-zimanen-kurdi-li-ser-60-xwendevani-hatin-belavkirin","status":"publish","type":"post","link":"https:\/\/ku.r-enks.net\/?p=26009","title":{"rendered":"Efr\u00een, Bawernamey\u00ean ziman\u00ean Kurd\u00ee li ser 60 xwendevan\u00ee hatin belavkirin."},"content":{"rendered":"<p>&nbsp;<\/p>\n<p>&nbsp;<\/p>\n<p>Roja s\u00ea\u015fem\u00ea 1\/9\/2026, Dezgeha X\u00earxwaziya Barzan\u00ee li navenda xwe ya li bajar\u00ea Efr\u00een\u00ea ahingek belavkirina bawernameyan li darxist.<\/p>\n<p>Herwiha Dezgeha X\u00earxwaziya Barzan\u00ee bawernamey\u00ean ziman\u00ea Kurd\u00ee li ser 60 xwendevan\u00ee belavkir, \u00fb t\u00eade dezgeh\u00ea giring\u00ee \u00fb p\u00eaw\u00eestiya f\u00earb\u00fbna ziman\u00ea kurd\u00ee y\u00ea Day\u00eek\u00ea daxuyan\u00eekirin,<\/p>\n<p>\u00fb ji aliy\u00ea xwe ve xwendevanan spasiya Dezgeh\u00ea kirin li ser v\u00ea derfet\u00ea .<\/p>\n<p>T\u00ea zan\u00een ku Dezgeha X\u00earxwaziya Barzan\u00ee di al\u00eekariya milet \u00fb vekirina xuley\u00ean f\u00earkirin\u00ea de berdewam e.<\/p>\n<p>H\u00eajaya were gotin ku Dezgeha X\u00earxwaziya Barzan\u00ee di 10 \u00ea sibata 2023an, derbas\u00ee nava xaka Efr\u00een\u00ea b\u00fb, \u00fb di 19 \u00ea heman meh\u00ea de Of\u00eesa xwe li navenda Baj\u00ear de vekir.<\/p>\n<p>&nbsp;<\/p>\n<p>Ragihandina ENKS\u00ea<br \/>\nQami\u015flo<\/p>\n","protected":false},"excerpt":{"rendered":"<p>&nbsp; &nbsp; Roja s\u00ea\u015fem\u00ea 1\/9\/2026, Dezgeha X\u00earxwaziya Barzan\u00ee li navenda xwe ya li bajar\u00ea Efr\u00een\u00ea ahingek belavkirina bawernameyan li darxist. Herwiha Dezgeha X\u00earxwaziya Barzan\u00ee bawernamey\u00ean ziman\u00ea Kurd\u00ee li ser 60 xwendevan\u00ee belavkir, \u00fb t\u00eade dezgeh\u00ea giring\u00ee \u00fb p\u00eaw\u00eestiya f\u00earb\u00fbna ziman\u00ea kurd\u00ee y\u00ea Day\u00eek\u00ea daxuyan\u00eekirin, \u00fb ji aliy\u00ea xwe ve xwendevanan spasiya Dezgeh\u00ea kirin li ser [&hellip;]<\/p>\n","protected":false},"author":9,"featured_media":26010,"comment_status":"open","ping_status":"open","sticky":false,"template":"","format":"standard","meta":{"jnews-multi-image_gallery":[],"jnews_single_post":[],"jnews_primary_category":[],"jnews_override_counter":[],"footnotes":""},"categories":[64,43,51,39,58,47],"tags":[],"class_list":["post-26009","post","type-post","status-publish","format-standard","has-post-thumbnail","hentry","category-breaking-news","category-calaki","category-civak","category-nuce","category-nuceyen-bilez","category-raporen-taybet"],"yoast_head":"<!-- This site is optimized with the Yoast SEO plugin v28.4 - https:\/\/yoast.com\/product\/yoast-seo-wordpress\/ -->\n<title>Efr\u00een, Bawernamey\u00ean ziman\u00ean Kurd\u00ee li ser 60 xwendevan\u00ee hatin belavkirin. - Ragihandina Enc\u00fbmena Ni\u015ft\u00eeman\u00ee kurd\u00ee li S\u00fbriy\u00ea<\/title>\n<meta name=\"robots\" content=\"index, follow, max-snippet:-1, max-image-preview:large, max-video-preview:-1\" \/>\n<link rel=\"canonical\" href=\"https:\/\/ku.r-enks.net\/?p=26009\" \/>\n<meta property=\"og:locale\" content=\"en_GB\" \/>\n<meta property=\"og:type\" content=\"article\" \/>\n<meta property=\"og:title\" content=\"Efr\u00een, Bawernamey\u00ean ziman\u00ean Kurd\u00ee li ser 60 xwendevan\u00ee hatin belavkirin. - Ragihandina Enc\u00fbmena Ni\u015ft\u00eeman\u00ee kurd\u00ee li S\u00fbriy\u00ea\" \/>\n<meta property=\"og:description\" content=\"&nbsp; &nbsp; Roja s\u00ea\u015fem\u00ea 1\/9\/2026, Dezgeha X\u00earxwaziya Barzan\u00ee li navenda xwe ya li bajar\u00ea Efr\u00een\u00ea ahingek belavkirina bawernameyan li darxist. Herwiha Dezgeha X\u00earxwaziya Barzan\u00ee bawernamey\u00ean ziman\u00ea Kurd\u00ee li ser 60 xwendevan\u00ee belavkir, \u00fb t\u00eade dezgeh\u00ea giring\u00ee \u00fb p\u00eaw\u00eestiya f\u00earb\u00fbna ziman\u00ea kurd\u00ee y\u00ea Day\u00eek\u00ea daxuyan\u00eekirin, \u00fb ji aliy\u00ea xwe ve xwendevanan spasiya Dezgeh\u00ea kirin li ser [&hellip;]\" \/>\n<meta property=\"og:url\" content=\"https:\/\/ku.r-enks.net\/?p=26009\" \/>\n<meta property=\"og:site_name\" content=\"Ragihandina Enc\u00fbmena Ni\u015ft\u00eeman\u00ee kurd\u00ee li S\u00fbriy\u00ea\" \/>\n<meta property=\"article:published_time\" content=\"2026-09-02T21:48:39+00:00\" \/>\n<meta property=\"og:image\" content=\"https:\/\/ku.r-enks.net\/wp-content\/uploads\/2026\/09\/481b9e83-a629-4f2a-aea3-e0f3f7bcd410.jpeg\" \/>\n\t<meta property=\"og:image:width\" content=\"1280\" \/>\n\t<meta property=\"og:image:height\" content=\"720\" \/>\n\t<meta property=\"og:image:type\" content=\"image\/jpeg\" \/>\n<meta name=\"author\" content=\"ferhad \u015e\u00eaxo\" \/>\n<meta name=\"twitter:card\" content=\"summary_large_image\" \/>\n<meta name=\"twitter:label1\" content=\"Written by\" \/>\n\t<meta name=\"twitter:data1\" content=\"ferhad \u015e\u00eaxo\" \/>\n\t<meta name=\"twitter:label2\" content=\"Estimated reading time\" \/>\n\t<meta name=\"twitter:data2\" content=\"1 minute\" \/>\n<script type=\"application\/ld+json\" class=\"yoast-schema-graph\">{\"@context\":\"https:\\\/\\\/schema.org\",\"@graph\":[{\"@type\":\"Article\",\"@id\":\"https:\\\/\\\/ku.r-enks.net\\\/?p=26009#article\",\"isPartOf\":{\"@id\":\"https:\\\/\\\/ku.r-enks.net\\\/?p=26009\"},\"author\":{\"name\":\"ferhad \u015e\u00eaxo\",\"@id\":\"https:\\\/\\\/ku.r-enks.net\\\/#\\\/schema\\\/person\\\/b5083e97489c8f4a39ec5ef09a24d63e\"},\"headline\":\"Efr\u00een, Bawernamey\u00ean ziman\u00ean Kurd\u00ee li ser 60 xwendevan\u00ee hatin belavkirin.\",\"datePublished\":\"2026-09-02T21:48:39+00:00\",\"mainEntityOfPage\":{\"@id\":\"https:\\\/\\\/ku.r-enks.net\\\/?p=26009\"},\"wordCount\":132,\"commentCount\":0,\"publisher\":{\"@id\":\"https:\\\/\\\/ku.r-enks.net\\\/#organization\"},\"image\":{\"@id\":\"https:\\\/\\\/ku.r-enks.net\\\/?p=26009#primaryimage\"},\"thumbnailUrl\":\"https:\\\/\\\/ku.r-enks.net\\\/wp-content\\\/uploads\\\/2026\\\/09\\\/481b9e83-a629-4f2a-aea3-e0f3f7bcd410.jpeg\",\"articleSection\":[\"Breaking news\",\"\u00c7alak\u00ee\",\"Civak\",\"N\u00fb\u00e7e\",\"N\u00fb\u00e7ey\u00ean Bilez\",\"Rapor\u00ean Taybet\"],\"inLanguage\":\"en-GB\",\"potentialAction\":[{\"@type\":\"CommentAction\",\"name\":\"Comment\",\"target\":[\"https:\\\/\\\/ku.r-enks.net\\\/?p=26009#respond\"]}]},{\"@type\":\"WebPage\",\"@id\":\"https:\\\/\\\/ku.r-enks.net\\\/?p=26009\",\"url\":\"https:\\\/\\\/ku.r-enks.net\\\/?p=26009\",\"name\":\"Efr\u00een, Bawernamey\u00ean ziman\u00ean Kurd\u00ee li ser 60 xwendevan\u00ee hatin belavkirin. - Ragihandina Enc\u00fbmena Ni\u015ft\u00eeman\u00ee kurd\u00ee li S\u00fbriy\u00ea\",\"isPartOf\":{\"@id\":\"https:\\\/\\\/ku.r-enks.net\\\/#website\"},\"primaryImageOfPage\":{\"@id\":\"https:\\\/\\\/ku.r-enks.net\\\/?p=26009#primaryimage\"},\"image\":{\"@id\":\"https:\\\/\\\/ku.r-enks.net\\\/?p=26009#primaryimage\"},\"thumbnailUrl\":\"https:\\\/\\\/ku.r-enks.net\\\/wp-content\\\/uploads\\\/2026\\\/09\\\/481b9e83-a629-4f2a-aea3-e0f3f7bcd410.jpeg\",\"datePublished\":\"2026-09-02T21:48:39+00:00\",\"breadcrumb\":{\"@id\":\"https:\\\/\\\/ku.r-enks.net\\\/?p=26009#breadcrumb\"},\"inLanguage\":\"en-GB\",\"potentialAction\":[{\"@type\":\"ReadAction\",\"target\":[\"https:\\\/\\\/ku.r-enks.net\\\/?p=26009\"]}]},{\"@type\":\"ImageObject\",\"inLanguage\":\"en-GB\",\"@id\":\"https:\\\/\\\/ku.r-enks.net\\\/?p=26009#primaryimage\",\"url\":\"https:\\\/\\\/ku.r-enks.net\\\/wp-content\\\/uploads\\\/2026\\\/09\\\/481b9e83-a629-4f2a-aea3-e0f3f7bcd410.jpeg\",\"contentUrl\":\"https:\\\/\\\/ku.r-enks.net\\\/wp-content\\\/uploads\\\/2026\\\/09\\\/481b9e83-a629-4f2a-aea3-e0f3f7bcd410.jpeg\",\"width\":1280,\"height\":720},{\"@type\":\"BreadcrumbList\",\"@id\":\"https:\\\/\\\/ku.r-enks.net\\\/?p=26009#breadcrumb\",\"itemListElement\":[{\"@type\":\"ListItem\",\"position\":1,\"name\":\"Home\",\"item\":\"https:\\\/\\\/ku.r-enks.net\\\/\"},{\"@type\":\"ListItem\",\"position\":2,\"name\":\"Efr\u00een, Bawernamey\u00ean ziman\u00ean Kurd\u00ee li ser 60 xwendevan\u00ee hatin belavkirin.\"}]},{\"@type\":\"WebSite\",\"@id\":\"https:\\\/\\\/ku.r-enks.net\\\/#website\",\"url\":\"https:\\\/\\\/ku.r-enks.net\\\/\",\"name\":\"Ragihandina Enc\u00fbmena Ni\u015ft\u00eeman\u00ee kurd\u00ee li S\u00fbriy\u00ea\",\"description\":\"\u0627\u0644\u0645\u062c\u0644\u0633 \u0627\u0644\u0648\u0637\u0646\u064a \u0627\u0644\u0643\u0648\u0631\u062f\u064a \u0641\u064a \u0633\u0648\u0631\u064a\u0627\",\"publisher\":{\"@id\":\"https:\\\/\\\/ku.r-enks.net\\\/#organization\"},\"potentialAction\":[{\"@type\":\"SearchAction\",\"target\":{\"@type\":\"EntryPoint\",\"urlTemplate\":\"https:\\\/\\\/ku.r-enks.net\\\/?s={search_term_string}\"},\"query-input\":{\"@type\":\"PropertyValueSpecification\",\"valueRequired\":true,\"valueName\":\"search_term_string\"}}],\"inLanguage\":\"en-GB\"},{\"@type\":\"Organization\",\"@id\":\"https:\\\/\\\/ku.r-enks.net\\\/#organization\",\"name\":\"Ragihandina Enc\u00fbmena Ni\u015ft\u00eeman\u00ee kurd\u00ee li S\u00fbriy\u00ea\",\"url\":\"https:\\\/\\\/ku.r-enks.net\\\/\",\"logo\":{\"@type\":\"ImageObject\",\"inLanguage\":\"en-GB\",\"@id\":\"https:\\\/\\\/ku.r-enks.net\\\/#\\\/schema\\\/logo\\\/image\\\/\",\"url\":\"https:\\\/\\\/ku.r-enks.net\\\/wp-content\\\/uploads\\\/2025\\\/08\\\/IMG_1702.jpeg\",\"contentUrl\":\"https:\\\/\\\/ku.r-enks.net\\\/wp-content\\\/uploads\\\/2025\\\/08\\\/IMG_1702.jpeg\",\"width\":283,\"height\":178,\"caption\":\"Ragihandina Enc\u00fbmena Ni\u015ft\u00eeman\u00ee kurd\u00ee li S\u00fbriy\u00ea\"},\"image\":{\"@id\":\"https:\\\/\\\/ku.r-enks.net\\\/#\\\/schema\\\/logo\\\/image\\\/\"}},{\"@type\":\"Person\",\"@id\":\"https:\\\/\\\/ku.r-enks.net\\\/#\\\/schema\\\/person\\\/b5083e97489c8f4a39ec5ef09a24d63e\",\"name\":\"ferhad \u015e\u00eaxo\",\"image\":{\"@type\":\"ImageObject\",\"inLanguage\":\"en-GB\",\"@id\":\"https:\\\/\\\/secure.gravatar.com\\\/avatar\\\/07bbc22fb9fb2ef801b2fbaa0aabbccce9823f175eecbf6562ba080b1c55e14a?s=96&d=mm&r=g\",\"url\":\"https:\\\/\\\/secure.gravatar.com\\\/avatar\\\/07bbc22fb9fb2ef801b2fbaa0aabbccce9823f175eecbf6562ba080b1c55e14a?s=96&d=mm&r=g\",\"contentUrl\":\"https:\\\/\\\/secure.gravatar.com\\\/avatar\\\/07bbc22fb9fb2ef801b2fbaa0aabbccce9823f175eecbf6562ba080b1c55e14a?s=96&d=mm&r=g\",\"caption\":\"ferhad \u015e\u00eaxo\"},\"sameAs\":[\"http:\\\/\\\/Ferhad\"],\"url\":\"https:\\\/\\\/ku.r-enks.net\\\/?author=9\"}]}<\/script>\n<!-- \/ Yoast SEO plugin. -->","yoast_head_json":{"title":"Efr\u00een, Bawernamey\u00ean ziman\u00ean Kurd\u00ee li ser 60 xwendevan\u00ee hatin belavkirin. - Ragihandina Enc\u00fbmena Ni\u015ft\u00eeman\u00ee kurd\u00ee li S\u00fbriy\u00ea","robots":{"index":"index","follow":"follow","max-snippet":"max-snippet:-1","max-image-preview":"max-image-preview:large","max-video-preview":"max-video-preview:-1"},"canonical":"https:\/\/ku.r-enks.net\/?p=26009","og_locale":"en_GB","og_type":"article","og_title":"Efr\u00een, Bawernamey\u00ean ziman\u00ean Kurd\u00ee li ser 60 xwendevan\u00ee hatin belavkirin. - Ragihandina Enc\u00fbmena Ni\u015ft\u00eeman\u00ee kurd\u00ee li S\u00fbriy\u00ea","og_description":"&nbsp; &nbsp; Roja s\u00ea\u015fem\u00ea 1\/9\/2026, Dezgeha X\u00earxwaziya Barzan\u00ee li navenda xwe ya li bajar\u00ea Efr\u00een\u00ea ahingek belavkirina bawernameyan li darxist. Herwiha Dezgeha X\u00earxwaziya Barzan\u00ee bawernamey\u00ean ziman\u00ea Kurd\u00ee li ser 60 xwendevan\u00ee belavkir, \u00fb t\u00eade dezgeh\u00ea giring\u00ee \u00fb p\u00eaw\u00eestiya f\u00earb\u00fbna ziman\u00ea kurd\u00ee y\u00ea Day\u00eek\u00ea daxuyan\u00eekirin, \u00fb ji aliy\u00ea xwe ve xwendevanan spasiya Dezgeh\u00ea kirin li ser [&hellip;]","og_url":"https:\/\/ku.r-enks.net\/?p=26009","og_site_name":"Ragihandina Enc\u00fbmena Ni\u015ft\u00eeman\u00ee kurd\u00ee li S\u00fbriy\u00ea","article_published_time":"2026-09-02T21:48:39+00:00","og_image":[{"width":1280,"height":720,"url":"https:\/\/ku.r-enks.net\/wp-content\/uploads\/2026\/09\/481b9e83-a629-4f2a-aea3-e0f3f7bcd410.jpeg","type":"image\/jpeg"}],"author":"ferhad \u015e\u00eaxo","twitter_card":"summary_large_image","twitter_misc":{"Written by":"ferhad \u015e\u00eaxo","Estimated reading time":"1 minute"},"schema":{"@context":"https:\/\/schema.org","@graph":[{"@type":"Article","@id":"https:\/\/ku.r-enks.net\/?p=26009#article","isPartOf":{"@id":"https:\/\/ku.r-enks.net\/?p=26009"},"author":{"name":"ferhad \u015e\u00eaxo","@id":"https:\/\/ku.r-enks.net\/#\/schema\/person\/b5083e97489c8f4a39ec5ef09a24d63e"},"headline":"Efr\u00een, Bawernamey\u00ean ziman\u00ean Kurd\u00ee li ser 60 xwendevan\u00ee hatin belavkirin.","datePublished":"2026-09-02T21:48:39+00:00","mainEntityOfPage":{"@id":"https:\/\/ku.r-enks.net\/?p=26009"},"wordCount":132,"commentCount":0,"publisher":{"@id":"https:\/\/ku.r-enks.net\/#organization"},"image":{"@id":"https:\/\/ku.r-enks.net\/?p=26009#primaryimage"},"thumbnailUrl":"https:\/\/ku.r-enks.net\/wp-content\/uploads\/2026\/09\/481b9e83-a629-4f2a-aea3-e0f3f7bcd410.jpeg","articleSection":["Breaking news","\u00c7alak\u00ee","Civak","N\u00fb\u00e7e","N\u00fb\u00e7ey\u00ean Bilez","Rapor\u00ean Taybet"],"inLanguage":"en-GB","potentialAction":[{"@type":"CommentAction","name":"Comment","target":["https:\/\/ku.r-enks.net\/?p=26009#respond"]}]},{"@type":"WebPage","@id":"https:\/\/ku.r-enks.net\/?p=26009","url":"https:\/\/ku.r-enks.net\/?p=26009","name":"Efr\u00een, Bawernamey\u00ean ziman\u00ean Kurd\u00ee li ser 60 xwendevan\u00ee hatin belavkirin. - Ragihandina Enc\u00fbmena Ni\u015ft\u00eeman\u00ee kurd\u00ee li S\u00fbriy\u00ea","isPartOf":{"@id":"https:\/\/ku.r-enks.net\/#website"},"primaryImageOfPage":{"@id":"https:\/\/ku.r-enks.net\/?p=26009#primaryimage"},"image":{"@id":"https:\/\/ku.r-enks.net\/?p=26009#primaryimage"},"thumbnailUrl":"https:\/\/ku.r-enks.net\/wp-content\/uploads\/2026\/09\/481b9e83-a629-4f2a-aea3-e0f3f7bcd410.jpeg","datePublished":"2026-09-02T21:48:39+00:00","breadcrumb":{"@id":"https:\/\/ku.r-enks.net\/?p=26009#breadcrumb"},"inLanguage":"en-GB","potentialAction":[{"@type":"ReadAction","target":["https:\/\/ku.r-enks.net\/?p=26009"]}]},{"@type":"ImageObject","inLanguage":"en-GB","@id":"https:\/\/ku.r-enks.net\/?p=26009#primaryimage","url":"https:\/\/ku.r-enks.net\/wp-content\/uploads\/2026\/09\/481b9e83-a629-4f2a-aea3-e0f3f7bcd410.jpeg","contentUrl":"https:\/\/ku.r-enks.net\/wp-content\/uploads\/2026\/09\/481b9e83-a629-4f2a-aea3-e0f3f7bcd410.jpeg","width":1280,"height":720},{"@type":"BreadcrumbList","@id":"https:\/\/ku.r-enks.net\/?p=26009#breadcrumb","itemListElement":[{"@type":"ListItem","position":1,"name":"Home","item":"https:\/\/ku.r-enks.net\/"},{"@type":"ListItem","position":2,"name":"Efr\u00een, Bawernamey\u00ean ziman\u00ean Kurd\u00ee li ser 60 xwendevan\u00ee hatin belavkirin."}]},{"@type":"WebSite","@id":"https:\/\/ku.r-enks.net\/#website","url":"https:\/\/ku.r-enks.net\/","name":"Ragihandina Enc\u00fbmena Ni\u015ft\u00eeman\u00ee kurd\u00ee li S\u00fbriy\u00ea","description":"\u0627\u0644\u0645\u062c\u0644\u0633 \u0627\u0644\u0648\u0637\u0646\u064a \u0627\u0644\u0643\u0648\u0631\u062f\u064a \u0641\u064a \u0633\u0648\u0631\u064a\u0627","publisher":{"@id":"https:\/\/ku.r-enks.net\/#organization"},"potentialAction":[{"@type":"SearchAction","target":{"@type":"EntryPoint","urlTemplate":"https:\/\/ku.r-enks.net\/?s={search_term_string}"},"query-input":{"@type":"PropertyValueSpecification","valueRequired":true,"valueName":"search_term_string"}}],"inLanguage":"en-GB"},{"@type":"Organization","@id":"https:\/\/ku.r-enks.net\/#organization","name":"Ragihandina Enc\u00fbmena Ni\u015ft\u00eeman\u00ee kurd\u00ee li S\u00fbriy\u00ea","url":"https:\/\/ku.r-enks.net\/","logo":{"@type":"ImageObject","inLanguage":"en-GB","@id":"https:\/\/ku.r-enks.net\/#\/schema\/logo\/image\/","url":"https:\/\/ku.r-enks.net\/wp-content\/uploads\/2025\/08\/IMG_1702.jpeg","contentUrl":"https:\/\/ku.r-enks.net\/wp-content\/uploads\/2025\/08\/IMG_1702.jpeg","width":283,"height":178,"caption":"Ragihandina Enc\u00fbmena Ni\u015ft\u00eeman\u00ee kurd\u00ee li S\u00fbriy\u00ea"},"image":{"@id":"https:\/\/ku.r-enks.net\/#\/schema\/logo\/image\/"}},{"@type":"Person","@id":"https:\/\/ku.r-enks.net\/#\/schema\/person\/b5083e97489c8f4a39ec5ef09a24d63e","name":"ferhad \u015e\u00eaxo","image":{"@type":"ImageObject","inLanguage":"en-GB","@id":"https:\/\/secure.gravatar.com\/avatar\/07bbc22fb9fb2ef801b2fbaa0aabbccce9823f175eecbf6562ba080b1c55e14a?s=96&d=mm&r=g","url":"https:\/\/secure.gravatar.com\/avatar\/07bbc22fb9fb2ef801b2fbaa0aabbccce9823f175eecbf6562ba080b1c55e14a?s=96&d=mm&r=g","contentUrl":"https:\/\/secure.gravatar.com\/avatar\/07bbc22fb9fb2ef801b2fbaa0aabbccce9823f175eecbf6562ba080b1c55e14a?s=96&d=mm&r=g","caption":"ferhad \u015e\u00eaxo"},"sameAs":["http:\/\/Ferhad"],"url":"https:\/\/ku.r-enks.net\/?author=9"}]}},"_links":{"self":[{"href":"https:\/\/ku.r-enks.net\/index.php?rest_route=\/wp\/v2\/posts\/26009","targetHints":{"allow":["GET"]}}],"collection":[{"href":"https:\/\/ku.r-enks.net\/index.php?rest_route=\/wp\/v2\/posts"}],"about":[{"href":"https:\/\/ku.r-enks.net\/index.php?rest_route=\/wp\/v2\/types\/post"}],"author":[{"embeddable":true,"href":"https:\/\/ku.r-enks.net\/index.php?rest_route=\/wp\/v2\/users\/9"}],"replies":[{"embeddable":true,"href":"https:\/\/ku.r-enks.net\/index.php?rest_route=%2Fwp%2Fv2%2Fcomments&post=26009"}],"version-history":[{"count":1,"href":"https:\/\/ku.r-enks.net\/index.php?rest_route=\/wp\/v2\/posts\/26009\/revisions"}],"predecessor-version":[{"id":26011,"href":"https:\/\/ku.r-enks.net\/index.php?rest_route=\/wp\/v2\/posts\/26009\/revisions\/26011"}],"wp:featuredmedia":[{"embeddable":true,"href":"https:\/\/ku.r-enks.net\/index.php?rest_route=\/wp\/v2\/media\/26010"}],"wp:attachment":[{"href":"https:\/\/ku.r-enks.net\/index.php?rest_route=%2Fwp%2Fv2%2Fmedia&parent=26009"}],"wp:term":[{"taxonomy":"category","embeddable":true,"href":"https:\/\/ku.r-enks.net\/index.php?rest_route=%2Fwp%2Fv2%2Fcategories&post=26009"},{"taxonomy":"post_tag","embeddable":true,"href":"https:\/\/ku.r-enks.net\/index.php?rest_route=%2Fwp%2Fv2%2Ftags&post=26009"}],"curies":[{"name":"wp","href":"https:\/\/api.w.org\/{rel}","templated":true}]}}