{"id":26006,"date":"2026-09-02T21:46:51","date_gmt":"2026-09-02T21:46:51","guid":{"rendered":"https:\/\/ku.r-enks.net\/?p=26006"},"modified":"2026-09-02T21:46:51","modified_gmt":"2026-09-02T21:46:51","slug":"buyeren-qezayen-trafike-li-seranseri-suriye-zede-bune-2","status":"publish","type":"post","link":"https:\/\/ku.r-enks.net\/?p=26006","title":{"rendered":"B\u00fbyer\u00ean qezay\u00ean traf\u00eek\u00ea li seranser\u00ee S\u00fbriy\u00ea z\u00eade b\u00fbne."},"content":{"rendered":"<p>&nbsp;<\/p>\n<p>&nbsp;<\/p>\n<p>&nbsp;<\/p>\n<p>Roja s\u00ea\u015fem\u00ea1 \u00ea \u00cal\u00fbna 2026an,Parastina Siv\u00eel a S\u00fbriyay\u00ea di raporteke xwe de ragihand ku roja s\u00ea\u015fem\u00ea, 1\u00ea \u00cal\u00fbna 2026an, mirina du kesan \u00fb bir\u00eendarb\u00fbna 34 kes\u00ean din ji ber qezay\u00ean traf\u00eek\u00ea \u00fb agir li seranser\u00ea S\u00fbriyay\u00ea ragihand.<\/p>\n<p>Parastina Siv\u00eel a S\u00fbriyay\u00ea li ser r\u00fbpela xwe ya fasebook\u00ea diyar kir ku di 27 qezay\u00ean traf\u00eek\u00ea de ku li par\u00eazgeh\u00ean c\u00fbda y\u00ean S\u00fbriy\u00ea \u00e7\u00eab\u00fbne, du kes mirine \u00fb 34 kes\u00ean din j\u00ee bir\u00eendar b\u00fbne.<\/p>\n<p>Herwiha Parastina Siv\u00eel a S\u00fbriyay\u00ea daxuyan\u00eekirin ku t\u00eem\u00ean w\u00ea bersiva 70 agiran dane, di encam\u00ea de 4 kes bir\u00eendarb\u00fbne, ji wan agiran di zev\u00ee \u00fb berhem\u00ean \u00e7andiniy\u00ea de b\u00fbn, \u00fb y\u00ean may\u00ee j\u00ee li dever\u00ean c\u00fbda (mal, dikan, giya, dar, \u00fb t\u00eal\u00ean elektr\u00eek\u00ea) b\u00fbn.<\/p>\n<p>\u00c7avkaniy\u00ea tekez kir ku di encama agir de \u00e7ar siv\u00eel bir\u00eendar b\u00fbn, ku al\u00eekariya piz\u00ee\u015fk\u00ee wergirtin \u00fb ji bo dermankirin\u00ea ji bo nexwe\u015fxaneyan hatin veguhastin Zirar\u00ean din j\u00ee \u00ean mad\u00ee b\u00fbn.<\/p>\n<p>&nbsp;<\/p>\n<p>Ragihandina ENKS\u00ea<br \/>\nQami\u015flo<\/p>\n","protected":false},"excerpt":{"rendered":"<p>&nbsp; &nbsp; &nbsp; Roja s\u00ea\u015fem\u00ea1 \u00ea \u00cal\u00fbna 2026an,Parastina Siv\u00eel a S\u00fbriyay\u00ea di raporteke xwe de ragihand ku roja s\u00ea\u015fem\u00ea, 1\u00ea \u00cal\u00fbna 2026an, mirina du kesan \u00fb bir\u00eendarb\u00fbna 34 kes\u00ean din ji ber qezay\u00ean traf\u00eek\u00ea \u00fb agir li seranser\u00ea S\u00fbriyay\u00ea ragihand. Parastina Siv\u00eel a S\u00fbriyay\u00ea li ser r\u00fbpela xwe ya fasebook\u00ea diyar kir ku di 27 [&hellip;]<\/p>\n","protected":false},"author":9,"featured_media":26007,"comment_status":"open","ping_status":"open","sticky":false,"template":"","format":"standard","meta":{"jnews-multi-image_gallery":[],"jnews_single_post":[],"jnews_primary_category":[],"jnews_override_counter":[],"footnotes":""},"categories":[64,39,58,38,47],"tags":[],"class_list":["post-26006","post","type-post","status-publish","format-standard","has-post-thumbnail","hentry","category-breaking-news","category-nuce","category-nuceyen-bilez","category-nuceyen-kurdistani","category-raporen-taybet"],"yoast_head":"<!-- This site is optimized with the Yoast SEO plugin v28.4 - https:\/\/yoast.com\/product\/yoast-seo-wordpress\/ -->\n<title>B\u00fbyer\u00ean qezay\u00ean traf\u00eek\u00ea li seranser\u00ee S\u00fbriy\u00ea z\u00eade b\u00fbne. - Ragihandina Enc\u00fbmena Ni\u015ft\u00eeman\u00ee kurd\u00ee li S\u00fbriy\u00ea<\/title>\n<meta name=\"robots\" content=\"index, follow, max-snippet:-1, max-image-preview:large, max-video-preview:-1\" \/>\n<link rel=\"canonical\" href=\"https:\/\/ku.r-enks.net\/?p=26006\" \/>\n<meta property=\"og:locale\" content=\"en_GB\" \/>\n<meta property=\"og:type\" content=\"article\" \/>\n<meta property=\"og:title\" content=\"B\u00fbyer\u00ean qezay\u00ean traf\u00eek\u00ea li seranser\u00ee S\u00fbriy\u00ea z\u00eade b\u00fbne. - Ragihandina Enc\u00fbmena Ni\u015ft\u00eeman\u00ee kurd\u00ee li S\u00fbriy\u00ea\" \/>\n<meta property=\"og:description\" content=\"&nbsp; &nbsp; &nbsp; Roja s\u00ea\u015fem\u00ea1 \u00ea \u00cal\u00fbna 2026an,Parastina Siv\u00eel a S\u00fbriyay\u00ea di raporteke xwe de ragihand ku roja s\u00ea\u015fem\u00ea, 1\u00ea \u00cal\u00fbna 2026an, mirina du kesan \u00fb bir\u00eendarb\u00fbna 34 kes\u00ean din ji ber qezay\u00ean traf\u00eek\u00ea \u00fb agir li seranser\u00ea S\u00fbriyay\u00ea ragihand. Parastina Siv\u00eel a S\u00fbriyay\u00ea li ser r\u00fbpela xwe ya fasebook\u00ea diyar kir ku di 27 [&hellip;]\" \/>\n<meta property=\"og:url\" content=\"https:\/\/ku.r-enks.net\/?p=26006\" \/>\n<meta property=\"og:site_name\" content=\"Ragihandina Enc\u00fbmena Ni\u015ft\u00eeman\u00ee kurd\u00ee li S\u00fbriy\u00ea\" \/>\n<meta property=\"article:published_time\" content=\"2026-09-02T21:46:51+00:00\" \/>\n<meta property=\"og:image\" content=\"https:\/\/ku.r-enks.net\/wp-content\/uploads\/2026\/09\/5f7f1f59-d841-4e01-bdc3-83331fc25612.jpeg\" \/>\n\t<meta property=\"og:image:width\" content=\"1080\" \/>\n\t<meta property=\"og:image:height\" content=\"720\" \/>\n\t<meta property=\"og:image:type\" content=\"image\/jpeg\" \/>\n<meta name=\"author\" content=\"ferhad \u015e\u00eaxo\" \/>\n<meta name=\"twitter:card\" content=\"summary_large_image\" \/>\n<meta name=\"twitter:label1\" content=\"Written by\" \/>\n\t<meta name=\"twitter:data1\" content=\"ferhad \u015e\u00eaxo\" \/>\n\t<meta name=\"twitter:label2\" content=\"Estimated reading time\" \/>\n\t<meta name=\"twitter:data2\" content=\"1 minute\" \/>\n<script type=\"application\/ld+json\" class=\"yoast-schema-graph\">{\"@context\":\"https:\\\/\\\/schema.org\",\"@graph\":[{\"@type\":\"Article\",\"@id\":\"https:\\\/\\\/ku.r-enks.net\\\/?p=26006#article\",\"isPartOf\":{\"@id\":\"https:\\\/\\\/ku.r-enks.net\\\/?p=26006\"},\"author\":{\"name\":\"ferhad \u015e\u00eaxo\",\"@id\":\"https:\\\/\\\/ku.r-enks.net\\\/#\\\/schema\\\/person\\\/b5083e97489c8f4a39ec5ef09a24d63e\"},\"headline\":\"B\u00fbyer\u00ean qezay\u00ean traf\u00eek\u00ea li seranser\u00ee S\u00fbriy\u00ea z\u00eade b\u00fbne.\",\"datePublished\":\"2026-09-02T21:46:51+00:00\",\"mainEntityOfPage\":{\"@id\":\"https:\\\/\\\/ku.r-enks.net\\\/?p=26006\"},\"wordCount\":207,\"commentCount\":0,\"publisher\":{\"@id\":\"https:\\\/\\\/ku.r-enks.net\\\/#organization\"},\"image\":{\"@id\":\"https:\\\/\\\/ku.r-enks.net\\\/?p=26006#primaryimage\"},\"thumbnailUrl\":\"https:\\\/\\\/ku.r-enks.net\\\/wp-content\\\/uploads\\\/2026\\\/09\\\/5f7f1f59-d841-4e01-bdc3-83331fc25612.jpeg\",\"articleSection\":[\"Breaking news\",\"N\u00fb\u00e7e\",\"N\u00fb\u00e7ey\u00ean Bilez\",\"N\u00fb\u00e7ey\u00ean Kurdistan\u00ee\",\"Rapor\u00ean Taybet\"],\"inLanguage\":\"en-GB\",\"potentialAction\":[{\"@type\":\"CommentAction\",\"name\":\"Comment\",\"target\":[\"https:\\\/\\\/ku.r-enks.net\\\/?p=26006#respond\"]}]},{\"@type\":\"WebPage\",\"@id\":\"https:\\\/\\\/ku.r-enks.net\\\/?p=26006\",\"url\":\"https:\\\/\\\/ku.r-enks.net\\\/?p=26006\",\"name\":\"B\u00fbyer\u00ean qezay\u00ean traf\u00eek\u00ea li seranser\u00ee S\u00fbriy\u00ea z\u00eade b\u00fbne. - Ragihandina Enc\u00fbmena Ni\u015ft\u00eeman\u00ee kurd\u00ee li S\u00fbriy\u00ea\",\"isPartOf\":{\"@id\":\"https:\\\/\\\/ku.r-enks.net\\\/#website\"},\"primaryImageOfPage\":{\"@id\":\"https:\\\/\\\/ku.r-enks.net\\\/?p=26006#primaryimage\"},\"image\":{\"@id\":\"https:\\\/\\\/ku.r-enks.net\\\/?p=26006#primaryimage\"},\"thumbnailUrl\":\"https:\\\/\\\/ku.r-enks.net\\\/wp-content\\\/uploads\\\/2026\\\/09\\\/5f7f1f59-d841-4e01-bdc3-83331fc25612.jpeg\",\"datePublished\":\"2026-09-02T21:46:51+00:00\",\"breadcrumb\":{\"@id\":\"https:\\\/\\\/ku.r-enks.net\\\/?p=26006#breadcrumb\"},\"inLanguage\":\"en-GB\",\"potentialAction\":[{\"@type\":\"ReadAction\",\"target\":[\"https:\\\/\\\/ku.r-enks.net\\\/?p=26006\"]}]},{\"@type\":\"ImageObject\",\"inLanguage\":\"en-GB\",\"@id\":\"https:\\\/\\\/ku.r-enks.net\\\/?p=26006#primaryimage\",\"url\":\"https:\\\/\\\/ku.r-enks.net\\\/wp-content\\\/uploads\\\/2026\\\/09\\\/5f7f1f59-d841-4e01-bdc3-83331fc25612.jpeg\",\"contentUrl\":\"https:\\\/\\\/ku.r-enks.net\\\/wp-content\\\/uploads\\\/2026\\\/09\\\/5f7f1f59-d841-4e01-bdc3-83331fc25612.jpeg\",\"width\":1080,\"height\":720},{\"@type\":\"BreadcrumbList\",\"@id\":\"https:\\\/\\\/ku.r-enks.net\\\/?p=26006#breadcrumb\",\"itemListElement\":[{\"@type\":\"ListItem\",\"position\":1,\"name\":\"Home\",\"item\":\"https:\\\/\\\/ku.r-enks.net\\\/\"},{\"@type\":\"ListItem\",\"position\":2,\"name\":\"B\u00fbyer\u00ean qezay\u00ean traf\u00eek\u00ea li seranser\u00ee S\u00fbriy\u00ea z\u00eade b\u00fbne.\"}]},{\"@type\":\"WebSite\",\"@id\":\"https:\\\/\\\/ku.r-enks.net\\\/#website\",\"url\":\"https:\\\/\\\/ku.r-enks.net\\\/\",\"name\":\"Ragihandina Enc\u00fbmena Ni\u015ft\u00eeman\u00ee kurd\u00ee li S\u00fbriy\u00ea\",\"description\":\"\u0627\u0644\u0645\u062c\u0644\u0633 \u0627\u0644\u0648\u0637\u0646\u064a \u0627\u0644\u0643\u0648\u0631\u062f\u064a \u0641\u064a \u0633\u0648\u0631\u064a\u0627\",\"publisher\":{\"@id\":\"https:\\\/\\\/ku.r-enks.net\\\/#organization\"},\"potentialAction\":[{\"@type\":\"SearchAction\",\"target\":{\"@type\":\"EntryPoint\",\"urlTemplate\":\"https:\\\/\\\/ku.r-enks.net\\\/?s={search_term_string}\"},\"query-input\":{\"@type\":\"PropertyValueSpecification\",\"valueRequired\":true,\"valueName\":\"search_term_string\"}}],\"inLanguage\":\"en-GB\"},{\"@type\":\"Organization\",\"@id\":\"https:\\\/\\\/ku.r-enks.net\\\/#organization\",\"name\":\"Ragihandina Enc\u00fbmena Ni\u015ft\u00eeman\u00ee kurd\u00ee li S\u00fbriy\u00ea\",\"url\":\"https:\\\/\\\/ku.r-enks.net\\\/\",\"logo\":{\"@type\":\"ImageObject\",\"inLanguage\":\"en-GB\",\"@id\":\"https:\\\/\\\/ku.r-enks.net\\\/#\\\/schema\\\/logo\\\/image\\\/\",\"url\":\"https:\\\/\\\/ku.r-enks.net\\\/wp-content\\\/uploads\\\/2025\\\/08\\\/IMG_1702.jpeg\",\"contentUrl\":\"https:\\\/\\\/ku.r-enks.net\\\/wp-content\\\/uploads\\\/2025\\\/08\\\/IMG_1702.jpeg\",\"width\":283,\"height\":178,\"caption\":\"Ragihandina Enc\u00fbmena Ni\u015ft\u00eeman\u00ee kurd\u00ee li S\u00fbriy\u00ea\"},\"image\":{\"@id\":\"https:\\\/\\\/ku.r-enks.net\\\/#\\\/schema\\\/logo\\\/image\\\/\"}},{\"@type\":\"Person\",\"@id\":\"https:\\\/\\\/ku.r-enks.net\\\/#\\\/schema\\\/person\\\/b5083e97489c8f4a39ec5ef09a24d63e\",\"name\":\"ferhad \u015e\u00eaxo\",\"image\":{\"@type\":\"ImageObject\",\"inLanguage\":\"en-GB\",\"@id\":\"https:\\\/\\\/secure.gravatar.com\\\/avatar\\\/07bbc22fb9fb2ef801b2fbaa0aabbccce9823f175eecbf6562ba080b1c55e14a?s=96&d=mm&r=g\",\"url\":\"https:\\\/\\\/secure.gravatar.com\\\/avatar\\\/07bbc22fb9fb2ef801b2fbaa0aabbccce9823f175eecbf6562ba080b1c55e14a?s=96&d=mm&r=g\",\"contentUrl\":\"https:\\\/\\\/secure.gravatar.com\\\/avatar\\\/07bbc22fb9fb2ef801b2fbaa0aabbccce9823f175eecbf6562ba080b1c55e14a?s=96&d=mm&r=g\",\"caption\":\"ferhad \u015e\u00eaxo\"},\"sameAs\":[\"http:\\\/\\\/Ferhad\"],\"url\":\"https:\\\/\\\/ku.r-enks.net\\\/?author=9\"}]}<\/script>\n<!-- \/ Yoast SEO plugin. -->","yoast_head_json":{"title":"B\u00fbyer\u00ean qezay\u00ean traf\u00eek\u00ea li seranser\u00ee S\u00fbriy\u00ea z\u00eade b\u00fbne. - Ragihandina Enc\u00fbmena Ni\u015ft\u00eeman\u00ee kurd\u00ee li S\u00fbriy\u00ea","robots":{"index":"index","follow":"follow","max-snippet":"max-snippet:-1","max-image-preview":"max-image-preview:large","max-video-preview":"max-video-preview:-1"},"canonical":"https:\/\/ku.r-enks.net\/?p=26006","og_locale":"en_GB","og_type":"article","og_title":"B\u00fbyer\u00ean qezay\u00ean traf\u00eek\u00ea li seranser\u00ee S\u00fbriy\u00ea z\u00eade b\u00fbne. - Ragihandina Enc\u00fbmena Ni\u015ft\u00eeman\u00ee kurd\u00ee li S\u00fbriy\u00ea","og_description":"&nbsp; &nbsp; &nbsp; Roja s\u00ea\u015fem\u00ea1 \u00ea \u00cal\u00fbna 2026an,Parastina Siv\u00eel a S\u00fbriyay\u00ea di raporteke xwe de ragihand ku roja s\u00ea\u015fem\u00ea, 1\u00ea \u00cal\u00fbna 2026an, mirina du kesan \u00fb bir\u00eendarb\u00fbna 34 kes\u00ean din ji ber qezay\u00ean traf\u00eek\u00ea \u00fb agir li seranser\u00ea S\u00fbriyay\u00ea ragihand. Parastina Siv\u00eel a S\u00fbriyay\u00ea li ser r\u00fbpela xwe ya fasebook\u00ea diyar kir ku di 27 [&hellip;]","og_url":"https:\/\/ku.r-enks.net\/?p=26006","og_site_name":"Ragihandina Enc\u00fbmena Ni\u015ft\u00eeman\u00ee kurd\u00ee li S\u00fbriy\u00ea","article_published_time":"2026-09-02T21:46:51+00:00","og_image":[{"width":1080,"height":720,"url":"https:\/\/ku.r-enks.net\/wp-content\/uploads\/2026\/09\/5f7f1f59-d841-4e01-bdc3-83331fc25612.jpeg","type":"image\/jpeg"}],"author":"ferhad \u015e\u00eaxo","twitter_card":"summary_large_image","twitter_misc":{"Written by":"ferhad \u015e\u00eaxo","Estimated reading time":"1 minute"},"schema":{"@context":"https:\/\/schema.org","@graph":[{"@type":"Article","@id":"https:\/\/ku.r-enks.net\/?p=26006#article","isPartOf":{"@id":"https:\/\/ku.r-enks.net\/?p=26006"},"author":{"name":"ferhad \u015e\u00eaxo","@id":"https:\/\/ku.r-enks.net\/#\/schema\/person\/b5083e97489c8f4a39ec5ef09a24d63e"},"headline":"B\u00fbyer\u00ean qezay\u00ean traf\u00eek\u00ea li seranser\u00ee S\u00fbriy\u00ea z\u00eade b\u00fbne.","datePublished":"2026-09-02T21:46:51+00:00","mainEntityOfPage":{"@id":"https:\/\/ku.r-enks.net\/?p=26006"},"wordCount":207,"commentCount":0,"publisher":{"@id":"https:\/\/ku.r-enks.net\/#organization"},"image":{"@id":"https:\/\/ku.r-enks.net\/?p=26006#primaryimage"},"thumbnailUrl":"https:\/\/ku.r-enks.net\/wp-content\/uploads\/2026\/09\/5f7f1f59-d841-4e01-bdc3-83331fc25612.jpeg","articleSection":["Breaking news","N\u00fb\u00e7e","N\u00fb\u00e7ey\u00ean Bilez","N\u00fb\u00e7ey\u00ean Kurdistan\u00ee","Rapor\u00ean Taybet"],"inLanguage":"en-GB","potentialAction":[{"@type":"CommentAction","name":"Comment","target":["https:\/\/ku.r-enks.net\/?p=26006#respond"]}]},{"@type":"WebPage","@id":"https:\/\/ku.r-enks.net\/?p=26006","url":"https:\/\/ku.r-enks.net\/?p=26006","name":"B\u00fbyer\u00ean qezay\u00ean traf\u00eek\u00ea li seranser\u00ee S\u00fbriy\u00ea z\u00eade b\u00fbne. - Ragihandina Enc\u00fbmena Ni\u015ft\u00eeman\u00ee kurd\u00ee li S\u00fbriy\u00ea","isPartOf":{"@id":"https:\/\/ku.r-enks.net\/#website"},"primaryImageOfPage":{"@id":"https:\/\/ku.r-enks.net\/?p=26006#primaryimage"},"image":{"@id":"https:\/\/ku.r-enks.net\/?p=26006#primaryimage"},"thumbnailUrl":"https:\/\/ku.r-enks.net\/wp-content\/uploads\/2026\/09\/5f7f1f59-d841-4e01-bdc3-83331fc25612.jpeg","datePublished":"2026-09-02T21:46:51+00:00","breadcrumb":{"@id":"https:\/\/ku.r-enks.net\/?p=26006#breadcrumb"},"inLanguage":"en-GB","potentialAction":[{"@type":"ReadAction","target":["https:\/\/ku.r-enks.net\/?p=26006"]}]},{"@type":"ImageObject","inLanguage":"en-GB","@id":"https:\/\/ku.r-enks.net\/?p=26006#primaryimage","url":"https:\/\/ku.r-enks.net\/wp-content\/uploads\/2026\/09\/5f7f1f59-d841-4e01-bdc3-83331fc25612.jpeg","contentUrl":"https:\/\/ku.r-enks.net\/wp-content\/uploads\/2026\/09\/5f7f1f59-d841-4e01-bdc3-83331fc25612.jpeg","width":1080,"height":720},{"@type":"BreadcrumbList","@id":"https:\/\/ku.r-enks.net\/?p=26006#breadcrumb","itemListElement":[{"@type":"ListItem","position":1,"name":"Home","item":"https:\/\/ku.r-enks.net\/"},{"@type":"ListItem","position":2,"name":"B\u00fbyer\u00ean qezay\u00ean traf\u00eek\u00ea li seranser\u00ee S\u00fbriy\u00ea z\u00eade b\u00fbne."}]},{"@type":"WebSite","@id":"https:\/\/ku.r-enks.net\/#website","url":"https:\/\/ku.r-enks.net\/","name":"Ragihandina Enc\u00fbmena Ni\u015ft\u00eeman\u00ee kurd\u00ee li S\u00fbriy\u00ea","description":"\u0627\u0644\u0645\u062c\u0644\u0633 \u0627\u0644\u0648\u0637\u0646\u064a \u0627\u0644\u0643\u0648\u0631\u062f\u064a \u0641\u064a \u0633\u0648\u0631\u064a\u0627","publisher":{"@id":"https:\/\/ku.r-enks.net\/#organization"},"potentialAction":[{"@type":"SearchAction","target":{"@type":"EntryPoint","urlTemplate":"https:\/\/ku.r-enks.net\/?s={search_term_string}"},"query-input":{"@type":"PropertyValueSpecification","valueRequired":true,"valueName":"search_term_string"}}],"inLanguage":"en-GB"},{"@type":"Organization","@id":"https:\/\/ku.r-enks.net\/#organization","name":"Ragihandina Enc\u00fbmena Ni\u015ft\u00eeman\u00ee kurd\u00ee li S\u00fbriy\u00ea","url":"https:\/\/ku.r-enks.net\/","logo":{"@type":"ImageObject","inLanguage":"en-GB","@id":"https:\/\/ku.r-enks.net\/#\/schema\/logo\/image\/","url":"https:\/\/ku.r-enks.net\/wp-content\/uploads\/2025\/08\/IMG_1702.jpeg","contentUrl":"https:\/\/ku.r-enks.net\/wp-content\/uploads\/2025\/08\/IMG_1702.jpeg","width":283,"height":178,"caption":"Ragihandina Enc\u00fbmena Ni\u015ft\u00eeman\u00ee kurd\u00ee li S\u00fbriy\u00ea"},"image":{"@id":"https:\/\/ku.r-enks.net\/#\/schema\/logo\/image\/"}},{"@type":"Person","@id":"https:\/\/ku.r-enks.net\/#\/schema\/person\/b5083e97489c8f4a39ec5ef09a24d63e","name":"ferhad \u015e\u00eaxo","image":{"@type":"ImageObject","inLanguage":"en-GB","@id":"https:\/\/secure.gravatar.com\/avatar\/07bbc22fb9fb2ef801b2fbaa0aabbccce9823f175eecbf6562ba080b1c55e14a?s=96&d=mm&r=g","url":"https:\/\/secure.gravatar.com\/avatar\/07bbc22fb9fb2ef801b2fbaa0aabbccce9823f175eecbf6562ba080b1c55e14a?s=96&d=mm&r=g","contentUrl":"https:\/\/secure.gravatar.com\/avatar\/07bbc22fb9fb2ef801b2fbaa0aabbccce9823f175eecbf6562ba080b1c55e14a?s=96&d=mm&r=g","caption":"ferhad \u015e\u00eaxo"},"sameAs":["http:\/\/Ferhad"],"url":"https:\/\/ku.r-enks.net\/?author=9"}]}},"_links":{"self":[{"href":"https:\/\/ku.r-enks.net\/index.php?rest_route=\/wp\/v2\/posts\/26006","targetHints":{"allow":["GET"]}}],"collection":[{"href":"https:\/\/ku.r-enks.net\/index.php?rest_route=\/wp\/v2\/posts"}],"about":[{"href":"https:\/\/ku.r-enks.net\/index.php?rest_route=\/wp\/v2\/types\/post"}],"author":[{"embeddable":true,"href":"https:\/\/ku.r-enks.net\/index.php?rest_route=\/wp\/v2\/users\/9"}],"replies":[{"embeddable":true,"href":"https:\/\/ku.r-enks.net\/index.php?rest_route=%2Fwp%2Fv2%2Fcomments&post=26006"}],"version-history":[{"count":1,"href":"https:\/\/ku.r-enks.net\/index.php?rest_route=\/wp\/v2\/posts\/26006\/revisions"}],"predecessor-version":[{"id":26008,"href":"https:\/\/ku.r-enks.net\/index.php?rest_route=\/wp\/v2\/posts\/26006\/revisions\/26008"}],"wp:featuredmedia":[{"embeddable":true,"href":"https:\/\/ku.r-enks.net\/index.php?rest_route=\/wp\/v2\/media\/26007"}],"wp:attachment":[{"href":"https:\/\/ku.r-enks.net\/index.php?rest_route=%2Fwp%2Fv2%2Fmedia&parent=26006"}],"wp:term":[{"taxonomy":"category","embeddable":true,"href":"https:\/\/ku.r-enks.net\/index.php?rest_route=%2Fwp%2Fv2%2Fcategories&post=26006"},{"taxonomy":"post_tag","embeddable":true,"href":"https:\/\/ku.r-enks.net\/index.php?rest_route=%2Fwp%2Fv2%2Ftags&post=26006"}],"curies":[{"name":"wp","href":"https:\/\/api.w.org\/{rel}","templated":true}]}}