{"id":26003,"date":"2026-09-01T19:43:18","date_gmt":"2026-09-01T19:43:18","guid":{"rendered":"https:\/\/ku.r-enks.net\/?p=26003"},"modified":"2026-09-01T19:43:18","modified_gmt":"2026-09-01T19:43:18","slug":"dezgeha-xerxwaziya-barzani-di-peskeskirina-alikariyen-tendirusti-de-berdewam-e","status":"publish","type":"post","link":"https:\/\/ku.r-enks.net\/?p=26003","title":{"rendered":"Dezgeha x\u00earxwaziya Barzan\u00ee di p\u00ea\u015fk\u00ea\u015fkirina al\u00eekariy\u00ean tendir\u00fbst\u00ee de berdewam e."},"content":{"rendered":"<p>&nbsp;<\/p>\n<p>&nbsp;<\/p>\n<p>Dezgeha X\u00earxwaziya Barzan\u00ee derman \u00fb p\u00eadiviy\u00ean bij\u00eejk\u00ee ji bo navenda Elaya ya \u015e\u00fb\u015ftina gur\u00e7ikan peyda kir .<\/p>\n<p>Ji 46 karton derman \u00fb p\u00eadiviy\u00ean piz\u00ee\u015fk\u00ee p\u00eak hatib\u00fb.<\/p>\n<p>H\u00eajaya were gotin ku roja \u00e7ar\u015fem\u00ea 21 \u00ea \u00c7ileya 2026an, Dezgeha X\u00earxwaziya Barzan\u00ee ber\u00ea xwe da Rojavay\u00ea Kurdistan\u00ea \u00fb bi hewara biray\u00ean xwe y\u00ean derbider ve hatin ji bo al\u00eekariy\u00ean mirov\u00ee p\u00ea\u015fk\u00ea\u015f\u00ee wan bikin , ku ( BCF) ,yekem dezgeha Kurd\u00ee b\u00fb ku derbas\u00ee nava xaka Qami\u015flo b\u00fb \u00fb milet bi moral\u00ean bilind \u00fb bilindkirina alaya Kurdistan\u00ea p\u00ea\u015fwaziya wan kirin..<\/p>\n<p>\u00db herwiha (BCF), roja \u015eemiy\u00ea 14 \u00ea, Adara 2026an, roja ji day\u00eekb\u00fbna bav\u00ea netewa milet\u00ea Kurd Mela Mistefa Barzan\u00ee de, bi ferm\u00ee of\u00eesa li bajar\u00ea Qami\u015flo vekir.<\/p>\n<p>&nbsp;<\/p>\n<p>Ragihandina ENKS\u00ea<br \/>\nQami\u015flo<\/p>\n","protected":false},"excerpt":{"rendered":"<p>&nbsp; &nbsp; Dezgeha X\u00earxwaziya Barzan\u00ee derman \u00fb p\u00eadiviy\u00ean bij\u00eejk\u00ee ji bo navenda Elaya ya \u015e\u00fb\u015ftina gur\u00e7ikan peyda kir . Ji 46 karton derman \u00fb p\u00eadiviy\u00ean piz\u00ee\u015fk\u00ee p\u00eak hatib\u00fb. H\u00eajaya were gotin ku roja \u00e7ar\u015fem\u00ea 21 \u00ea \u00c7ileya 2026an, Dezgeha X\u00earxwaziya Barzan\u00ee ber\u00ea xwe da Rojavay\u00ea Kurdistan\u00ea \u00fb bi hewara biray\u00ean xwe y\u00ean derbider ve hatin [&hellip;]<\/p>\n","protected":false},"author":9,"featured_media":26004,"comment_status":"open","ping_status":"open","sticky":false,"template":"","format":"standard","meta":{"jnews-multi-image_gallery":[],"jnews_single_post":[],"jnews_primary_category":[],"jnews_override_counter":[],"footnotes":""},"categories":[64,39,58,38,47],"tags":[],"class_list":["post-26003","post","type-post","status-publish","format-standard","has-post-thumbnail","hentry","category-breaking-news","category-nuce","category-nuceyen-bilez","category-nuceyen-kurdistani","category-raporen-taybet"],"yoast_head":"<!-- This site is optimized with the Yoast SEO plugin v28.4 - https:\/\/yoast.com\/product\/yoast-seo-wordpress\/ -->\n<title>Dezgeha x\u00earxwaziya Barzan\u00ee di p\u00ea\u015fk\u00ea\u015fkirina al\u00eekariy\u00ean tendir\u00fbst\u00ee de berdewam e. - Ragihandina Enc\u00fbmena Ni\u015ft\u00eeman\u00ee kurd\u00ee li S\u00fbriy\u00ea<\/title>\n<meta name=\"robots\" content=\"index, follow, max-snippet:-1, max-image-preview:large, max-video-preview:-1\" \/>\n<link rel=\"canonical\" href=\"https:\/\/ku.r-enks.net\/?p=26003\" \/>\n<meta property=\"og:locale\" content=\"en_GB\" \/>\n<meta property=\"og:type\" content=\"article\" \/>\n<meta property=\"og:title\" content=\"Dezgeha x\u00earxwaziya Barzan\u00ee di p\u00ea\u015fk\u00ea\u015fkirina al\u00eekariy\u00ean tendir\u00fbst\u00ee de berdewam e. - Ragihandina Enc\u00fbmena Ni\u015ft\u00eeman\u00ee kurd\u00ee li S\u00fbriy\u00ea\" \/>\n<meta property=\"og:description\" content=\"&nbsp; &nbsp; Dezgeha X\u00earxwaziya Barzan\u00ee derman \u00fb p\u00eadiviy\u00ean bij\u00eejk\u00ee ji bo navenda Elaya ya \u015e\u00fb\u015ftina gur\u00e7ikan peyda kir . Ji 46 karton derman \u00fb p\u00eadiviy\u00ean piz\u00ee\u015fk\u00ee p\u00eak hatib\u00fb. H\u00eajaya were gotin ku roja \u00e7ar\u015fem\u00ea 21 \u00ea \u00c7ileya 2026an, Dezgeha X\u00earxwaziya Barzan\u00ee ber\u00ea xwe da Rojavay\u00ea Kurdistan\u00ea \u00fb bi hewara biray\u00ean xwe y\u00ean derbider ve hatin [&hellip;]\" \/>\n<meta property=\"og:url\" content=\"https:\/\/ku.r-enks.net\/?p=26003\" \/>\n<meta property=\"og:site_name\" content=\"Ragihandina Enc\u00fbmena Ni\u015ft\u00eeman\u00ee kurd\u00ee li S\u00fbriy\u00ea\" \/>\n<meta property=\"article:published_time\" content=\"2026-09-01T19:43:18+00:00\" \/>\n<meta property=\"og:image\" content=\"https:\/\/ku.r-enks.net\/wp-content\/uploads\/2026\/09\/5e52ada7-cf88-42e1-b1b2-35a809ddc07d.jpeg\" \/>\n\t<meta property=\"og:image:width\" content=\"720\" \/>\n\t<meta property=\"og:image:height\" content=\"480\" \/>\n\t<meta property=\"og:image:type\" content=\"image\/jpeg\" \/>\n<meta name=\"author\" content=\"ferhad \u015e\u00eaxo\" \/>\n<meta name=\"twitter:card\" content=\"summary_large_image\" \/>\n<meta name=\"twitter:label1\" content=\"Written by\" \/>\n\t<meta name=\"twitter:data1\" content=\"ferhad \u015e\u00eaxo\" \/>\n\t<meta name=\"twitter:label2\" content=\"Estimated reading time\" \/>\n\t<meta name=\"twitter:data2\" content=\"1 minute\" \/>\n<script type=\"application\/ld+json\" class=\"yoast-schema-graph\">{\"@context\":\"https:\\\/\\\/schema.org\",\"@graph\":[{\"@type\":\"Article\",\"@id\":\"https:\\\/\\\/ku.r-enks.net\\\/?p=26003#article\",\"isPartOf\":{\"@id\":\"https:\\\/\\\/ku.r-enks.net\\\/?p=26003\"},\"author\":{\"name\":\"ferhad \u015e\u00eaxo\",\"@id\":\"https:\\\/\\\/ku.r-enks.net\\\/#\\\/schema\\\/person\\\/b5083e97489c8f4a39ec5ef09a24d63e\"},\"headline\":\"Dezgeha x\u00earxwaziya Barzan\u00ee di p\u00ea\u015fk\u00ea\u015fkirina al\u00eekariy\u00ean tendir\u00fbst\u00ee de berdewam e.\",\"datePublished\":\"2026-09-01T19:43:18+00:00\",\"mainEntityOfPage\":{\"@id\":\"https:\\\/\\\/ku.r-enks.net\\\/?p=26003\"},\"wordCount\":146,\"commentCount\":0,\"publisher\":{\"@id\":\"https:\\\/\\\/ku.r-enks.net\\\/#organization\"},\"image\":{\"@id\":\"https:\\\/\\\/ku.r-enks.net\\\/?p=26003#primaryimage\"},\"thumbnailUrl\":\"https:\\\/\\\/ku.r-enks.net\\\/wp-content\\\/uploads\\\/2026\\\/09\\\/5e52ada7-cf88-42e1-b1b2-35a809ddc07d.jpeg\",\"articleSection\":[\"Breaking news\",\"N\u00fb\u00e7e\",\"N\u00fb\u00e7ey\u00ean Bilez\",\"N\u00fb\u00e7ey\u00ean Kurdistan\u00ee\",\"Rapor\u00ean Taybet\"],\"inLanguage\":\"en-GB\",\"potentialAction\":[{\"@type\":\"CommentAction\",\"name\":\"Comment\",\"target\":[\"https:\\\/\\\/ku.r-enks.net\\\/?p=26003#respond\"]}]},{\"@type\":\"WebPage\",\"@id\":\"https:\\\/\\\/ku.r-enks.net\\\/?p=26003\",\"url\":\"https:\\\/\\\/ku.r-enks.net\\\/?p=26003\",\"name\":\"Dezgeha x\u00earxwaziya Barzan\u00ee di p\u00ea\u015fk\u00ea\u015fkirina al\u00eekariy\u00ean tendir\u00fbst\u00ee de berdewam e. - Ragihandina Enc\u00fbmena Ni\u015ft\u00eeman\u00ee kurd\u00ee li S\u00fbriy\u00ea\",\"isPartOf\":{\"@id\":\"https:\\\/\\\/ku.r-enks.net\\\/#website\"},\"primaryImageOfPage\":{\"@id\":\"https:\\\/\\\/ku.r-enks.net\\\/?p=26003#primaryimage\"},\"image\":{\"@id\":\"https:\\\/\\\/ku.r-enks.net\\\/?p=26003#primaryimage\"},\"thumbnailUrl\":\"https:\\\/\\\/ku.r-enks.net\\\/wp-content\\\/uploads\\\/2026\\\/09\\\/5e52ada7-cf88-42e1-b1b2-35a809ddc07d.jpeg\",\"datePublished\":\"2026-09-01T19:43:18+00:00\",\"breadcrumb\":{\"@id\":\"https:\\\/\\\/ku.r-enks.net\\\/?p=26003#breadcrumb\"},\"inLanguage\":\"en-GB\",\"potentialAction\":[{\"@type\":\"ReadAction\",\"target\":[\"https:\\\/\\\/ku.r-enks.net\\\/?p=26003\"]}]},{\"@type\":\"ImageObject\",\"inLanguage\":\"en-GB\",\"@id\":\"https:\\\/\\\/ku.r-enks.net\\\/?p=26003#primaryimage\",\"url\":\"https:\\\/\\\/ku.r-enks.net\\\/wp-content\\\/uploads\\\/2026\\\/09\\\/5e52ada7-cf88-42e1-b1b2-35a809ddc07d.jpeg\",\"contentUrl\":\"https:\\\/\\\/ku.r-enks.net\\\/wp-content\\\/uploads\\\/2026\\\/09\\\/5e52ada7-cf88-42e1-b1b2-35a809ddc07d.jpeg\",\"width\":720,\"height\":480},{\"@type\":\"BreadcrumbList\",\"@id\":\"https:\\\/\\\/ku.r-enks.net\\\/?p=26003#breadcrumb\",\"itemListElement\":[{\"@type\":\"ListItem\",\"position\":1,\"name\":\"Home\",\"item\":\"https:\\\/\\\/ku.r-enks.net\\\/\"},{\"@type\":\"ListItem\",\"position\":2,\"name\":\"Dezgeha x\u00earxwaziya Barzan\u00ee di p\u00ea\u015fk\u00ea\u015fkirina al\u00eekariy\u00ean tendir\u00fbst\u00ee de berdewam e.\"}]},{\"@type\":\"WebSite\",\"@id\":\"https:\\\/\\\/ku.r-enks.net\\\/#website\",\"url\":\"https:\\\/\\\/ku.r-enks.net\\\/\",\"name\":\"Ragihandina Enc\u00fbmena Ni\u015ft\u00eeman\u00ee kurd\u00ee li S\u00fbriy\u00ea\",\"description\":\"\u0627\u0644\u0645\u062c\u0644\u0633 \u0627\u0644\u0648\u0637\u0646\u064a \u0627\u0644\u0643\u0648\u0631\u062f\u064a \u0641\u064a \u0633\u0648\u0631\u064a\u0627\",\"publisher\":{\"@id\":\"https:\\\/\\\/ku.r-enks.net\\\/#organization\"},\"potentialAction\":[{\"@type\":\"SearchAction\",\"target\":{\"@type\":\"EntryPoint\",\"urlTemplate\":\"https:\\\/\\\/ku.r-enks.net\\\/?s={search_term_string}\"},\"query-input\":{\"@type\":\"PropertyValueSpecification\",\"valueRequired\":true,\"valueName\":\"search_term_string\"}}],\"inLanguage\":\"en-GB\"},{\"@type\":\"Organization\",\"@id\":\"https:\\\/\\\/ku.r-enks.net\\\/#organization\",\"name\":\"Ragihandina Enc\u00fbmena Ni\u015ft\u00eeman\u00ee kurd\u00ee li S\u00fbriy\u00ea\",\"url\":\"https:\\\/\\\/ku.r-enks.net\\\/\",\"logo\":{\"@type\":\"ImageObject\",\"inLanguage\":\"en-GB\",\"@id\":\"https:\\\/\\\/ku.r-enks.net\\\/#\\\/schema\\\/logo\\\/image\\\/\",\"url\":\"https:\\\/\\\/ku.r-enks.net\\\/wp-content\\\/uploads\\\/2025\\\/08\\\/IMG_1702.jpeg\",\"contentUrl\":\"https:\\\/\\\/ku.r-enks.net\\\/wp-content\\\/uploads\\\/2025\\\/08\\\/IMG_1702.jpeg\",\"width\":283,\"height\":178,\"caption\":\"Ragihandina Enc\u00fbmena Ni\u015ft\u00eeman\u00ee kurd\u00ee li S\u00fbriy\u00ea\"},\"image\":{\"@id\":\"https:\\\/\\\/ku.r-enks.net\\\/#\\\/schema\\\/logo\\\/image\\\/\"}},{\"@type\":\"Person\",\"@id\":\"https:\\\/\\\/ku.r-enks.net\\\/#\\\/schema\\\/person\\\/b5083e97489c8f4a39ec5ef09a24d63e\",\"name\":\"ferhad \u015e\u00eaxo\",\"image\":{\"@type\":\"ImageObject\",\"inLanguage\":\"en-GB\",\"@id\":\"https:\\\/\\\/secure.gravatar.com\\\/avatar\\\/07bbc22fb9fb2ef801b2fbaa0aabbccce9823f175eecbf6562ba080b1c55e14a?s=96&d=mm&r=g\",\"url\":\"https:\\\/\\\/secure.gravatar.com\\\/avatar\\\/07bbc22fb9fb2ef801b2fbaa0aabbccce9823f175eecbf6562ba080b1c55e14a?s=96&d=mm&r=g\",\"contentUrl\":\"https:\\\/\\\/secure.gravatar.com\\\/avatar\\\/07bbc22fb9fb2ef801b2fbaa0aabbccce9823f175eecbf6562ba080b1c55e14a?s=96&d=mm&r=g\",\"caption\":\"ferhad \u015e\u00eaxo\"},\"sameAs\":[\"http:\\\/\\\/Ferhad\"],\"url\":\"https:\\\/\\\/ku.r-enks.net\\\/?author=9\"}]}<\/script>\n<!-- \/ Yoast SEO plugin. -->","yoast_head_json":{"title":"Dezgeha x\u00earxwaziya Barzan\u00ee di p\u00ea\u015fk\u00ea\u015fkirina al\u00eekariy\u00ean tendir\u00fbst\u00ee de berdewam e. - Ragihandina Enc\u00fbmena Ni\u015ft\u00eeman\u00ee kurd\u00ee li S\u00fbriy\u00ea","robots":{"index":"index","follow":"follow","max-snippet":"max-snippet:-1","max-image-preview":"max-image-preview:large","max-video-preview":"max-video-preview:-1"},"canonical":"https:\/\/ku.r-enks.net\/?p=26003","og_locale":"en_GB","og_type":"article","og_title":"Dezgeha x\u00earxwaziya Barzan\u00ee di p\u00ea\u015fk\u00ea\u015fkirina al\u00eekariy\u00ean tendir\u00fbst\u00ee de berdewam e. - Ragihandina Enc\u00fbmena Ni\u015ft\u00eeman\u00ee kurd\u00ee li S\u00fbriy\u00ea","og_description":"&nbsp; &nbsp; Dezgeha X\u00earxwaziya Barzan\u00ee derman \u00fb p\u00eadiviy\u00ean bij\u00eejk\u00ee ji bo navenda Elaya ya \u015e\u00fb\u015ftina gur\u00e7ikan peyda kir . Ji 46 karton derman \u00fb p\u00eadiviy\u00ean piz\u00ee\u015fk\u00ee p\u00eak hatib\u00fb. H\u00eajaya were gotin ku roja \u00e7ar\u015fem\u00ea 21 \u00ea \u00c7ileya 2026an, Dezgeha X\u00earxwaziya Barzan\u00ee ber\u00ea xwe da Rojavay\u00ea Kurdistan\u00ea \u00fb bi hewara biray\u00ean xwe y\u00ean derbider ve hatin [&hellip;]","og_url":"https:\/\/ku.r-enks.net\/?p=26003","og_site_name":"Ragihandina Enc\u00fbmena Ni\u015ft\u00eeman\u00ee kurd\u00ee li S\u00fbriy\u00ea","article_published_time":"2026-09-01T19:43:18+00:00","og_image":[{"width":720,"height":480,"url":"https:\/\/ku.r-enks.net\/wp-content\/uploads\/2026\/09\/5e52ada7-cf88-42e1-b1b2-35a809ddc07d.jpeg","type":"image\/jpeg"}],"author":"ferhad \u015e\u00eaxo","twitter_card":"summary_large_image","twitter_misc":{"Written by":"ferhad \u015e\u00eaxo","Estimated reading time":"1 minute"},"schema":{"@context":"https:\/\/schema.org","@graph":[{"@type":"Article","@id":"https:\/\/ku.r-enks.net\/?p=26003#article","isPartOf":{"@id":"https:\/\/ku.r-enks.net\/?p=26003"},"author":{"name":"ferhad \u015e\u00eaxo","@id":"https:\/\/ku.r-enks.net\/#\/schema\/person\/b5083e97489c8f4a39ec5ef09a24d63e"},"headline":"Dezgeha x\u00earxwaziya Barzan\u00ee di p\u00ea\u015fk\u00ea\u015fkirina al\u00eekariy\u00ean tendir\u00fbst\u00ee de berdewam e.","datePublished":"2026-09-01T19:43:18+00:00","mainEntityOfPage":{"@id":"https:\/\/ku.r-enks.net\/?p=26003"},"wordCount":146,"commentCount":0,"publisher":{"@id":"https:\/\/ku.r-enks.net\/#organization"},"image":{"@id":"https:\/\/ku.r-enks.net\/?p=26003#primaryimage"},"thumbnailUrl":"https:\/\/ku.r-enks.net\/wp-content\/uploads\/2026\/09\/5e52ada7-cf88-42e1-b1b2-35a809ddc07d.jpeg","articleSection":["Breaking news","N\u00fb\u00e7e","N\u00fb\u00e7ey\u00ean Bilez","N\u00fb\u00e7ey\u00ean Kurdistan\u00ee","Rapor\u00ean Taybet"],"inLanguage":"en-GB","potentialAction":[{"@type":"CommentAction","name":"Comment","target":["https:\/\/ku.r-enks.net\/?p=26003#respond"]}]},{"@type":"WebPage","@id":"https:\/\/ku.r-enks.net\/?p=26003","url":"https:\/\/ku.r-enks.net\/?p=26003","name":"Dezgeha x\u00earxwaziya Barzan\u00ee di p\u00ea\u015fk\u00ea\u015fkirina al\u00eekariy\u00ean tendir\u00fbst\u00ee de berdewam e. - Ragihandina Enc\u00fbmena Ni\u015ft\u00eeman\u00ee kurd\u00ee li S\u00fbriy\u00ea","isPartOf":{"@id":"https:\/\/ku.r-enks.net\/#website"},"primaryImageOfPage":{"@id":"https:\/\/ku.r-enks.net\/?p=26003#primaryimage"},"image":{"@id":"https:\/\/ku.r-enks.net\/?p=26003#primaryimage"},"thumbnailUrl":"https:\/\/ku.r-enks.net\/wp-content\/uploads\/2026\/09\/5e52ada7-cf88-42e1-b1b2-35a809ddc07d.jpeg","datePublished":"2026-09-01T19:43:18+00:00","breadcrumb":{"@id":"https:\/\/ku.r-enks.net\/?p=26003#breadcrumb"},"inLanguage":"en-GB","potentialAction":[{"@type":"ReadAction","target":["https:\/\/ku.r-enks.net\/?p=26003"]}]},{"@type":"ImageObject","inLanguage":"en-GB","@id":"https:\/\/ku.r-enks.net\/?p=26003#primaryimage","url":"https:\/\/ku.r-enks.net\/wp-content\/uploads\/2026\/09\/5e52ada7-cf88-42e1-b1b2-35a809ddc07d.jpeg","contentUrl":"https:\/\/ku.r-enks.net\/wp-content\/uploads\/2026\/09\/5e52ada7-cf88-42e1-b1b2-35a809ddc07d.jpeg","width":720,"height":480},{"@type":"BreadcrumbList","@id":"https:\/\/ku.r-enks.net\/?p=26003#breadcrumb","itemListElement":[{"@type":"ListItem","position":1,"name":"Home","item":"https:\/\/ku.r-enks.net\/"},{"@type":"ListItem","position":2,"name":"Dezgeha x\u00earxwaziya Barzan\u00ee di p\u00ea\u015fk\u00ea\u015fkirina al\u00eekariy\u00ean tendir\u00fbst\u00ee de berdewam e."}]},{"@type":"WebSite","@id":"https:\/\/ku.r-enks.net\/#website","url":"https:\/\/ku.r-enks.net\/","name":"Ragihandina Enc\u00fbmena Ni\u015ft\u00eeman\u00ee kurd\u00ee li S\u00fbriy\u00ea","description":"\u0627\u0644\u0645\u062c\u0644\u0633 \u0627\u0644\u0648\u0637\u0646\u064a \u0627\u0644\u0643\u0648\u0631\u062f\u064a \u0641\u064a \u0633\u0648\u0631\u064a\u0627","publisher":{"@id":"https:\/\/ku.r-enks.net\/#organization"},"potentialAction":[{"@type":"SearchAction","target":{"@type":"EntryPoint","urlTemplate":"https:\/\/ku.r-enks.net\/?s={search_term_string}"},"query-input":{"@type":"PropertyValueSpecification","valueRequired":true,"valueName":"search_term_string"}}],"inLanguage":"en-GB"},{"@type":"Organization","@id":"https:\/\/ku.r-enks.net\/#organization","name":"Ragihandina Enc\u00fbmena Ni\u015ft\u00eeman\u00ee kurd\u00ee li S\u00fbriy\u00ea","url":"https:\/\/ku.r-enks.net\/","logo":{"@type":"ImageObject","inLanguage":"en-GB","@id":"https:\/\/ku.r-enks.net\/#\/schema\/logo\/image\/","url":"https:\/\/ku.r-enks.net\/wp-content\/uploads\/2025\/08\/IMG_1702.jpeg","contentUrl":"https:\/\/ku.r-enks.net\/wp-content\/uploads\/2025\/08\/IMG_1702.jpeg","width":283,"height":178,"caption":"Ragihandina Enc\u00fbmena Ni\u015ft\u00eeman\u00ee kurd\u00ee li S\u00fbriy\u00ea"},"image":{"@id":"https:\/\/ku.r-enks.net\/#\/schema\/logo\/image\/"}},{"@type":"Person","@id":"https:\/\/ku.r-enks.net\/#\/schema\/person\/b5083e97489c8f4a39ec5ef09a24d63e","name":"ferhad \u015e\u00eaxo","image":{"@type":"ImageObject","inLanguage":"en-GB","@id":"https:\/\/secure.gravatar.com\/avatar\/07bbc22fb9fb2ef801b2fbaa0aabbccce9823f175eecbf6562ba080b1c55e14a?s=96&d=mm&r=g","url":"https:\/\/secure.gravatar.com\/avatar\/07bbc22fb9fb2ef801b2fbaa0aabbccce9823f175eecbf6562ba080b1c55e14a?s=96&d=mm&r=g","contentUrl":"https:\/\/secure.gravatar.com\/avatar\/07bbc22fb9fb2ef801b2fbaa0aabbccce9823f175eecbf6562ba080b1c55e14a?s=96&d=mm&r=g","caption":"ferhad \u015e\u00eaxo"},"sameAs":["http:\/\/Ferhad"],"url":"https:\/\/ku.r-enks.net\/?author=9"}]}},"_links":{"self":[{"href":"https:\/\/ku.r-enks.net\/index.php?rest_route=\/wp\/v2\/posts\/26003","targetHints":{"allow":["GET"]}}],"collection":[{"href":"https:\/\/ku.r-enks.net\/index.php?rest_route=\/wp\/v2\/posts"}],"about":[{"href":"https:\/\/ku.r-enks.net\/index.php?rest_route=\/wp\/v2\/types\/post"}],"author":[{"embeddable":true,"href":"https:\/\/ku.r-enks.net\/index.php?rest_route=\/wp\/v2\/users\/9"}],"replies":[{"embeddable":true,"href":"https:\/\/ku.r-enks.net\/index.php?rest_route=%2Fwp%2Fv2%2Fcomments&post=26003"}],"version-history":[{"count":1,"href":"https:\/\/ku.r-enks.net\/index.php?rest_route=\/wp\/v2\/posts\/26003\/revisions"}],"predecessor-version":[{"id":26005,"href":"https:\/\/ku.r-enks.net\/index.php?rest_route=\/wp\/v2\/posts\/26003\/revisions\/26005"}],"wp:featuredmedia":[{"embeddable":true,"href":"https:\/\/ku.r-enks.net\/index.php?rest_route=\/wp\/v2\/media\/26004"}],"wp:attachment":[{"href":"https:\/\/ku.r-enks.net\/index.php?rest_route=%2Fwp%2Fv2%2Fmedia&parent=26003"}],"wp:term":[{"taxonomy":"category","embeddable":true,"href":"https:\/\/ku.r-enks.net\/index.php?rest_route=%2Fwp%2Fv2%2Fcategories&post=26003"},{"taxonomy":"post_tag","embeddable":true,"href":"https:\/\/ku.r-enks.net\/index.php?rest_route=%2Fwp%2Fv2%2Ftags&post=26003"}],"curies":[{"name":"wp","href":"https:\/\/api.w.org\/{rel}","templated":true}]}}