{"id":25994,"date":"2026-09-01T19:39:22","date_gmt":"2026-09-01T19:39:22","guid":{"rendered":"https:\/\/ku.r-enks.net\/?p=25994"},"modified":"2026-09-01T19:39:22","modified_gmt":"2026-09-01T19:39:22","slug":"di-meha-tebaxe-de-179-sivil-li-seranseri-suriye-de-hatine-kustin","status":"publish","type":"post","link":"https:\/\/ku.r-enks.net\/?p=25994","title":{"rendered":"Di meha Tebax\u00ea de 179 siv\u00eel li seranser\u00ee S\u00fbriy\u00ea de hatine ku\u015ftin."},"content":{"rendered":"<p>Di meha Tebax\u00ea de 179 siv\u00eel li seranser\u00ee S\u00fbriy\u00ea de hatine ku\u015ftin.<\/p>\n<p>&nbsp;<\/p>\n<p>Hejmara Ku\u015ftiyan Li S\u00fbriy\u00ea di meha Tebax\u00ea de gihi\u015ftiye 179 kes\u00ee, ji wan 123 m\u00ear, 10 jin, 24 zarok.<\/p>\n<p>Rewangeha S\u00fbr\u00ee ya maf\u00ea mirovan ku\u015ftina 157 kes\u00ean siv\u00eel ji destp\u00eaka meha Tebaxa 2026an, an belge kir,ku 123 ji wan m\u00ear \u00fb ciwan,\u00fb 10 jin, \u00fb di nav wan de 24 zarok b\u00fbn.<\/p>\n<p>Herwiha Rewangeha S\u00fbriy\u00ea tekez\u00ee li ser berdewamiya \u00e7avd\u00ear\u00eekirin \u00fb belgekirina komkuj\u00ee, binp\u00eakirin, tawan\u00ean \u015fer \u00fb tawan\u00ean dij\u00ee mirovatiy\u00ea y\u00ean ku li dij\u00ee gel\u00ea S\u00fbriy\u00ea hatine encamdan, ji bil\u00ee we\u015fandina amar\u00ean derbar\u00ea wan \u00fb ziyan\u00ean mirov\u00ee, ji bo rawestandina berdewamiya kom\u00eesyona van tawan, binp\u00eakirin \u00fb tawan\u00ean li dij\u00ee gel\u00ea S\u00fbriy\u00ea, \u00fb dadgehkirina tawankar\u00ean wan bo dadgeh\u00ean dewlet\u00ea y\u00ean taybet were kirin.<\/p>\n<p>Rewangeha S\u00fbr\u00ee herwiha daxwaz dike ku tawanbar\u00ean tawanan ji dadgeh\u00ean navdewlet\u00ee y\u00ean taybet re b\u00ean \u015fandin, daku ji sizakirina tawan\u00ean ku li dij\u00ee gel\u00ea S\u00fbriy\u00ea.<\/p>\n<p>&nbsp;<\/p>\n<p>Ragihandina ENKS\u00ea<br \/>\nQami\u015flo<\/p>\n","protected":false},"excerpt":{"rendered":"<p>Di meha Tebax\u00ea de 179 siv\u00eel li seranser\u00ee S\u00fbriy\u00ea de hatine ku\u015ftin. &nbsp; Hejmara Ku\u015ftiyan Li S\u00fbriy\u00ea di meha Tebax\u00ea de gihi\u015ftiye 179 kes\u00ee, ji wan 123 m\u00ear, 10 jin, 24 zarok. Rewangeha S\u00fbr\u00ee ya maf\u00ea mirovan ku\u015ftina 157 kes\u00ean siv\u00eel ji destp\u00eaka meha Tebaxa 2026an, an belge kir,ku 123 ji wan m\u00ear \u00fb ciwan,\u00fb [&hellip;]<\/p>\n","protected":false},"author":9,"featured_media":25995,"comment_status":"open","ping_status":"open","sticky":false,"template":"","format":"standard","meta":{"jnews-multi-image_gallery":[],"jnews_single_post":[],"jnews_primary_category":[],"jnews_override_counter":[],"footnotes":""},"categories":[64,39,45,47],"tags":[],"class_list":["post-25994","post","type-post","status-publish","format-standard","has-post-thumbnail","hentry","category-breaking-news","category-nuce","category-cihan","category-raporen-taybet"],"yoast_head":"<!-- This site is optimized with the Yoast SEO plugin v28.4 - https:\/\/yoast.com\/product\/yoast-seo-wordpress\/ -->\n<title>Di meha Tebax\u00ea de 179 siv\u00eel li seranser\u00ee S\u00fbriy\u00ea de hatine ku\u015ftin. - Ragihandina Enc\u00fbmena Ni\u015ft\u00eeman\u00ee kurd\u00ee li S\u00fbriy\u00ea<\/title>\n<meta name=\"robots\" content=\"index, follow, max-snippet:-1, max-image-preview:large, max-video-preview:-1\" \/>\n<link rel=\"canonical\" href=\"https:\/\/ku.r-enks.net\/?p=25994\" \/>\n<meta property=\"og:locale\" content=\"en_GB\" \/>\n<meta property=\"og:type\" content=\"article\" \/>\n<meta property=\"og:title\" content=\"Di meha Tebax\u00ea de 179 siv\u00eel li seranser\u00ee S\u00fbriy\u00ea de hatine ku\u015ftin. - Ragihandina Enc\u00fbmena Ni\u015ft\u00eeman\u00ee kurd\u00ee li S\u00fbriy\u00ea\" \/>\n<meta property=\"og:description\" content=\"Di meha Tebax\u00ea de 179 siv\u00eel li seranser\u00ee S\u00fbriy\u00ea de hatine ku\u015ftin. &nbsp; Hejmara Ku\u015ftiyan Li S\u00fbriy\u00ea di meha Tebax\u00ea de gihi\u015ftiye 179 kes\u00ee, ji wan 123 m\u00ear, 10 jin, 24 zarok. Rewangeha S\u00fbr\u00ee ya maf\u00ea mirovan ku\u015ftina 157 kes\u00ean siv\u00eel ji destp\u00eaka meha Tebaxa 2026an, an belge kir,ku 123 ji wan m\u00ear \u00fb ciwan,\u00fb [&hellip;]\" \/>\n<meta property=\"og:url\" content=\"https:\/\/ku.r-enks.net\/?p=25994\" \/>\n<meta property=\"og:site_name\" content=\"Ragihandina Enc\u00fbmena Ni\u015ft\u00eeman\u00ee kurd\u00ee li S\u00fbriy\u00ea\" \/>\n<meta property=\"article:published_time\" content=\"2026-09-01T19:39:22+00:00\" \/>\n<meta property=\"og:image\" content=\"https:\/\/ku.r-enks.net\/wp-content\/uploads\/2026\/09\/f2c2459c-71d7-4a78-98d6-1bb8a8dacc6b.jpeg\" \/>\n\t<meta property=\"og:image:width\" content=\"1080\" \/>\n\t<meta property=\"og:image:height\" content=\"454\" \/>\n\t<meta property=\"og:image:type\" content=\"image\/jpeg\" \/>\n<meta name=\"author\" content=\"ferhad \u015e\u00eaxo\" \/>\n<meta name=\"twitter:card\" content=\"summary_large_image\" \/>\n<meta name=\"twitter:label1\" content=\"Written by\" \/>\n\t<meta name=\"twitter:data1\" content=\"ferhad \u015e\u00eaxo\" \/>\n\t<meta name=\"twitter:label2\" content=\"Estimated reading time\" \/>\n\t<meta name=\"twitter:data2\" content=\"1 minute\" \/>\n<script type=\"application\/ld+json\" class=\"yoast-schema-graph\">{\"@context\":\"https:\\\/\\\/schema.org\",\"@graph\":[{\"@type\":\"Article\",\"@id\":\"https:\\\/\\\/ku.r-enks.net\\\/?p=25994#article\",\"isPartOf\":{\"@id\":\"https:\\\/\\\/ku.r-enks.net\\\/?p=25994\"},\"author\":{\"name\":\"ferhad \u015e\u00eaxo\",\"@id\":\"https:\\\/\\\/ku.r-enks.net\\\/#\\\/schema\\\/person\\\/b5083e97489c8f4a39ec5ef09a24d63e\"},\"headline\":\"Di meha Tebax\u00ea de 179 siv\u00eel li seranser\u00ee S\u00fbriy\u00ea de hatine ku\u015ftin.\",\"datePublished\":\"2026-09-01T19:39:22+00:00\",\"mainEntityOfPage\":{\"@id\":\"https:\\\/\\\/ku.r-enks.net\\\/?p=25994\"},\"wordCount\":193,\"commentCount\":0,\"publisher\":{\"@id\":\"https:\\\/\\\/ku.r-enks.net\\\/#organization\"},\"image\":{\"@id\":\"https:\\\/\\\/ku.r-enks.net\\\/?p=25994#primaryimage\"},\"thumbnailUrl\":\"https:\\\/\\\/ku.r-enks.net\\\/wp-content\\\/uploads\\\/2026\\\/09\\\/f2c2459c-71d7-4a78-98d6-1bb8a8dacc6b.jpeg\",\"articleSection\":[\"Breaking news\",\"N\u00fb\u00e7e\",\"N\u00fb\u00e7ey\u00ean C\u00eehan\",\"Rapor\u00ean Taybet\"],\"inLanguage\":\"en-GB\",\"potentialAction\":[{\"@type\":\"CommentAction\",\"name\":\"Comment\",\"target\":[\"https:\\\/\\\/ku.r-enks.net\\\/?p=25994#respond\"]}]},{\"@type\":\"WebPage\",\"@id\":\"https:\\\/\\\/ku.r-enks.net\\\/?p=25994\",\"url\":\"https:\\\/\\\/ku.r-enks.net\\\/?p=25994\",\"name\":\"Di meha Tebax\u00ea de 179 siv\u00eel li seranser\u00ee S\u00fbriy\u00ea de hatine ku\u015ftin. - Ragihandina Enc\u00fbmena Ni\u015ft\u00eeman\u00ee kurd\u00ee li S\u00fbriy\u00ea\",\"isPartOf\":{\"@id\":\"https:\\\/\\\/ku.r-enks.net\\\/#website\"},\"primaryImageOfPage\":{\"@id\":\"https:\\\/\\\/ku.r-enks.net\\\/?p=25994#primaryimage\"},\"image\":{\"@id\":\"https:\\\/\\\/ku.r-enks.net\\\/?p=25994#primaryimage\"},\"thumbnailUrl\":\"https:\\\/\\\/ku.r-enks.net\\\/wp-content\\\/uploads\\\/2026\\\/09\\\/f2c2459c-71d7-4a78-98d6-1bb8a8dacc6b.jpeg\",\"datePublished\":\"2026-09-01T19:39:22+00:00\",\"breadcrumb\":{\"@id\":\"https:\\\/\\\/ku.r-enks.net\\\/?p=25994#breadcrumb\"},\"inLanguage\":\"en-GB\",\"potentialAction\":[{\"@type\":\"ReadAction\",\"target\":[\"https:\\\/\\\/ku.r-enks.net\\\/?p=25994\"]}]},{\"@type\":\"ImageObject\",\"inLanguage\":\"en-GB\",\"@id\":\"https:\\\/\\\/ku.r-enks.net\\\/?p=25994#primaryimage\",\"url\":\"https:\\\/\\\/ku.r-enks.net\\\/wp-content\\\/uploads\\\/2026\\\/09\\\/f2c2459c-71d7-4a78-98d6-1bb8a8dacc6b.jpeg\",\"contentUrl\":\"https:\\\/\\\/ku.r-enks.net\\\/wp-content\\\/uploads\\\/2026\\\/09\\\/f2c2459c-71d7-4a78-98d6-1bb8a8dacc6b.jpeg\",\"width\":1080,\"height\":454},{\"@type\":\"BreadcrumbList\",\"@id\":\"https:\\\/\\\/ku.r-enks.net\\\/?p=25994#breadcrumb\",\"itemListElement\":[{\"@type\":\"ListItem\",\"position\":1,\"name\":\"Home\",\"item\":\"https:\\\/\\\/ku.r-enks.net\\\/\"},{\"@type\":\"ListItem\",\"position\":2,\"name\":\"Di meha Tebax\u00ea de 179 siv\u00eel li seranser\u00ee S\u00fbriy\u00ea de hatine ku\u015ftin.\"}]},{\"@type\":\"WebSite\",\"@id\":\"https:\\\/\\\/ku.r-enks.net\\\/#website\",\"url\":\"https:\\\/\\\/ku.r-enks.net\\\/\",\"name\":\"Ragihandina Enc\u00fbmena Ni\u015ft\u00eeman\u00ee kurd\u00ee li S\u00fbriy\u00ea\",\"description\":\"\u0627\u0644\u0645\u062c\u0644\u0633 \u0627\u0644\u0648\u0637\u0646\u064a \u0627\u0644\u0643\u0648\u0631\u062f\u064a \u0641\u064a \u0633\u0648\u0631\u064a\u0627\",\"publisher\":{\"@id\":\"https:\\\/\\\/ku.r-enks.net\\\/#organization\"},\"potentialAction\":[{\"@type\":\"SearchAction\",\"target\":{\"@type\":\"EntryPoint\",\"urlTemplate\":\"https:\\\/\\\/ku.r-enks.net\\\/?s={search_term_string}\"},\"query-input\":{\"@type\":\"PropertyValueSpecification\",\"valueRequired\":true,\"valueName\":\"search_term_string\"}}],\"inLanguage\":\"en-GB\"},{\"@type\":\"Organization\",\"@id\":\"https:\\\/\\\/ku.r-enks.net\\\/#organization\",\"name\":\"Ragihandina Enc\u00fbmena Ni\u015ft\u00eeman\u00ee kurd\u00ee li S\u00fbriy\u00ea\",\"url\":\"https:\\\/\\\/ku.r-enks.net\\\/\",\"logo\":{\"@type\":\"ImageObject\",\"inLanguage\":\"en-GB\",\"@id\":\"https:\\\/\\\/ku.r-enks.net\\\/#\\\/schema\\\/logo\\\/image\\\/\",\"url\":\"https:\\\/\\\/ku.r-enks.net\\\/wp-content\\\/uploads\\\/2025\\\/08\\\/IMG_1702.jpeg\",\"contentUrl\":\"https:\\\/\\\/ku.r-enks.net\\\/wp-content\\\/uploads\\\/2025\\\/08\\\/IMG_1702.jpeg\",\"width\":283,\"height\":178,\"caption\":\"Ragihandina Enc\u00fbmena Ni\u015ft\u00eeman\u00ee kurd\u00ee li S\u00fbriy\u00ea\"},\"image\":{\"@id\":\"https:\\\/\\\/ku.r-enks.net\\\/#\\\/schema\\\/logo\\\/image\\\/\"}},{\"@type\":\"Person\",\"@id\":\"https:\\\/\\\/ku.r-enks.net\\\/#\\\/schema\\\/person\\\/b5083e97489c8f4a39ec5ef09a24d63e\",\"name\":\"ferhad \u015e\u00eaxo\",\"image\":{\"@type\":\"ImageObject\",\"inLanguage\":\"en-GB\",\"@id\":\"https:\\\/\\\/secure.gravatar.com\\\/avatar\\\/07bbc22fb9fb2ef801b2fbaa0aabbccce9823f175eecbf6562ba080b1c55e14a?s=96&d=mm&r=g\",\"url\":\"https:\\\/\\\/secure.gravatar.com\\\/avatar\\\/07bbc22fb9fb2ef801b2fbaa0aabbccce9823f175eecbf6562ba080b1c55e14a?s=96&d=mm&r=g\",\"contentUrl\":\"https:\\\/\\\/secure.gravatar.com\\\/avatar\\\/07bbc22fb9fb2ef801b2fbaa0aabbccce9823f175eecbf6562ba080b1c55e14a?s=96&d=mm&r=g\",\"caption\":\"ferhad \u015e\u00eaxo\"},\"sameAs\":[\"http:\\\/\\\/Ferhad\"],\"url\":\"https:\\\/\\\/ku.r-enks.net\\\/?author=9\"}]}<\/script>\n<!-- \/ Yoast SEO plugin. -->","yoast_head_json":{"title":"Di meha Tebax\u00ea de 179 siv\u00eel li seranser\u00ee S\u00fbriy\u00ea de hatine ku\u015ftin. - Ragihandina Enc\u00fbmena Ni\u015ft\u00eeman\u00ee kurd\u00ee li S\u00fbriy\u00ea","robots":{"index":"index","follow":"follow","max-snippet":"max-snippet:-1","max-image-preview":"max-image-preview:large","max-video-preview":"max-video-preview:-1"},"canonical":"https:\/\/ku.r-enks.net\/?p=25994","og_locale":"en_GB","og_type":"article","og_title":"Di meha Tebax\u00ea de 179 siv\u00eel li seranser\u00ee S\u00fbriy\u00ea de hatine ku\u015ftin. - Ragihandina Enc\u00fbmena Ni\u015ft\u00eeman\u00ee kurd\u00ee li S\u00fbriy\u00ea","og_description":"Di meha Tebax\u00ea de 179 siv\u00eel li seranser\u00ee S\u00fbriy\u00ea de hatine ku\u015ftin. &nbsp; Hejmara Ku\u015ftiyan Li S\u00fbriy\u00ea di meha Tebax\u00ea de gihi\u015ftiye 179 kes\u00ee, ji wan 123 m\u00ear, 10 jin, 24 zarok. Rewangeha S\u00fbr\u00ee ya maf\u00ea mirovan ku\u015ftina 157 kes\u00ean siv\u00eel ji destp\u00eaka meha Tebaxa 2026an, an belge kir,ku 123 ji wan m\u00ear \u00fb ciwan,\u00fb [&hellip;]","og_url":"https:\/\/ku.r-enks.net\/?p=25994","og_site_name":"Ragihandina Enc\u00fbmena Ni\u015ft\u00eeman\u00ee kurd\u00ee li S\u00fbriy\u00ea","article_published_time":"2026-09-01T19:39:22+00:00","og_image":[{"width":1080,"height":454,"url":"https:\/\/ku.r-enks.net\/wp-content\/uploads\/2026\/09\/f2c2459c-71d7-4a78-98d6-1bb8a8dacc6b.jpeg","type":"image\/jpeg"}],"author":"ferhad \u015e\u00eaxo","twitter_card":"summary_large_image","twitter_misc":{"Written by":"ferhad \u015e\u00eaxo","Estimated reading time":"1 minute"},"schema":{"@context":"https:\/\/schema.org","@graph":[{"@type":"Article","@id":"https:\/\/ku.r-enks.net\/?p=25994#article","isPartOf":{"@id":"https:\/\/ku.r-enks.net\/?p=25994"},"author":{"name":"ferhad \u015e\u00eaxo","@id":"https:\/\/ku.r-enks.net\/#\/schema\/person\/b5083e97489c8f4a39ec5ef09a24d63e"},"headline":"Di meha Tebax\u00ea de 179 siv\u00eel li seranser\u00ee S\u00fbriy\u00ea de hatine ku\u015ftin.","datePublished":"2026-09-01T19:39:22+00:00","mainEntityOfPage":{"@id":"https:\/\/ku.r-enks.net\/?p=25994"},"wordCount":193,"commentCount":0,"publisher":{"@id":"https:\/\/ku.r-enks.net\/#organization"},"image":{"@id":"https:\/\/ku.r-enks.net\/?p=25994#primaryimage"},"thumbnailUrl":"https:\/\/ku.r-enks.net\/wp-content\/uploads\/2026\/09\/f2c2459c-71d7-4a78-98d6-1bb8a8dacc6b.jpeg","articleSection":["Breaking news","N\u00fb\u00e7e","N\u00fb\u00e7ey\u00ean C\u00eehan","Rapor\u00ean Taybet"],"inLanguage":"en-GB","potentialAction":[{"@type":"CommentAction","name":"Comment","target":["https:\/\/ku.r-enks.net\/?p=25994#respond"]}]},{"@type":"WebPage","@id":"https:\/\/ku.r-enks.net\/?p=25994","url":"https:\/\/ku.r-enks.net\/?p=25994","name":"Di meha Tebax\u00ea de 179 siv\u00eel li seranser\u00ee S\u00fbriy\u00ea de hatine ku\u015ftin. - Ragihandina Enc\u00fbmena Ni\u015ft\u00eeman\u00ee kurd\u00ee li S\u00fbriy\u00ea","isPartOf":{"@id":"https:\/\/ku.r-enks.net\/#website"},"primaryImageOfPage":{"@id":"https:\/\/ku.r-enks.net\/?p=25994#primaryimage"},"image":{"@id":"https:\/\/ku.r-enks.net\/?p=25994#primaryimage"},"thumbnailUrl":"https:\/\/ku.r-enks.net\/wp-content\/uploads\/2026\/09\/f2c2459c-71d7-4a78-98d6-1bb8a8dacc6b.jpeg","datePublished":"2026-09-01T19:39:22+00:00","breadcrumb":{"@id":"https:\/\/ku.r-enks.net\/?p=25994#breadcrumb"},"inLanguage":"en-GB","potentialAction":[{"@type":"ReadAction","target":["https:\/\/ku.r-enks.net\/?p=25994"]}]},{"@type":"ImageObject","inLanguage":"en-GB","@id":"https:\/\/ku.r-enks.net\/?p=25994#primaryimage","url":"https:\/\/ku.r-enks.net\/wp-content\/uploads\/2026\/09\/f2c2459c-71d7-4a78-98d6-1bb8a8dacc6b.jpeg","contentUrl":"https:\/\/ku.r-enks.net\/wp-content\/uploads\/2026\/09\/f2c2459c-71d7-4a78-98d6-1bb8a8dacc6b.jpeg","width":1080,"height":454},{"@type":"BreadcrumbList","@id":"https:\/\/ku.r-enks.net\/?p=25994#breadcrumb","itemListElement":[{"@type":"ListItem","position":1,"name":"Home","item":"https:\/\/ku.r-enks.net\/"},{"@type":"ListItem","position":2,"name":"Di meha Tebax\u00ea de 179 siv\u00eel li seranser\u00ee S\u00fbriy\u00ea de hatine ku\u015ftin."}]},{"@type":"WebSite","@id":"https:\/\/ku.r-enks.net\/#website","url":"https:\/\/ku.r-enks.net\/","name":"Ragihandina Enc\u00fbmena Ni\u015ft\u00eeman\u00ee kurd\u00ee li S\u00fbriy\u00ea","description":"\u0627\u0644\u0645\u062c\u0644\u0633 \u0627\u0644\u0648\u0637\u0646\u064a \u0627\u0644\u0643\u0648\u0631\u062f\u064a \u0641\u064a \u0633\u0648\u0631\u064a\u0627","publisher":{"@id":"https:\/\/ku.r-enks.net\/#organization"},"potentialAction":[{"@type":"SearchAction","target":{"@type":"EntryPoint","urlTemplate":"https:\/\/ku.r-enks.net\/?s={search_term_string}"},"query-input":{"@type":"PropertyValueSpecification","valueRequired":true,"valueName":"search_term_string"}}],"inLanguage":"en-GB"},{"@type":"Organization","@id":"https:\/\/ku.r-enks.net\/#organization","name":"Ragihandina Enc\u00fbmena Ni\u015ft\u00eeman\u00ee kurd\u00ee li S\u00fbriy\u00ea","url":"https:\/\/ku.r-enks.net\/","logo":{"@type":"ImageObject","inLanguage":"en-GB","@id":"https:\/\/ku.r-enks.net\/#\/schema\/logo\/image\/","url":"https:\/\/ku.r-enks.net\/wp-content\/uploads\/2025\/08\/IMG_1702.jpeg","contentUrl":"https:\/\/ku.r-enks.net\/wp-content\/uploads\/2025\/08\/IMG_1702.jpeg","width":283,"height":178,"caption":"Ragihandina Enc\u00fbmena Ni\u015ft\u00eeman\u00ee kurd\u00ee li S\u00fbriy\u00ea"},"image":{"@id":"https:\/\/ku.r-enks.net\/#\/schema\/logo\/image\/"}},{"@type":"Person","@id":"https:\/\/ku.r-enks.net\/#\/schema\/person\/b5083e97489c8f4a39ec5ef09a24d63e","name":"ferhad \u015e\u00eaxo","image":{"@type":"ImageObject","inLanguage":"en-GB","@id":"https:\/\/secure.gravatar.com\/avatar\/07bbc22fb9fb2ef801b2fbaa0aabbccce9823f175eecbf6562ba080b1c55e14a?s=96&d=mm&r=g","url":"https:\/\/secure.gravatar.com\/avatar\/07bbc22fb9fb2ef801b2fbaa0aabbccce9823f175eecbf6562ba080b1c55e14a?s=96&d=mm&r=g","contentUrl":"https:\/\/secure.gravatar.com\/avatar\/07bbc22fb9fb2ef801b2fbaa0aabbccce9823f175eecbf6562ba080b1c55e14a?s=96&d=mm&r=g","caption":"ferhad \u015e\u00eaxo"},"sameAs":["http:\/\/Ferhad"],"url":"https:\/\/ku.r-enks.net\/?author=9"}]}},"_links":{"self":[{"href":"https:\/\/ku.r-enks.net\/index.php?rest_route=\/wp\/v2\/posts\/25994","targetHints":{"allow":["GET"]}}],"collection":[{"href":"https:\/\/ku.r-enks.net\/index.php?rest_route=\/wp\/v2\/posts"}],"about":[{"href":"https:\/\/ku.r-enks.net\/index.php?rest_route=\/wp\/v2\/types\/post"}],"author":[{"embeddable":true,"href":"https:\/\/ku.r-enks.net\/index.php?rest_route=\/wp\/v2\/users\/9"}],"replies":[{"embeddable":true,"href":"https:\/\/ku.r-enks.net\/index.php?rest_route=%2Fwp%2Fv2%2Fcomments&post=25994"}],"version-history":[{"count":1,"href":"https:\/\/ku.r-enks.net\/index.php?rest_route=\/wp\/v2\/posts\/25994\/revisions"}],"predecessor-version":[{"id":25996,"href":"https:\/\/ku.r-enks.net\/index.php?rest_route=\/wp\/v2\/posts\/25994\/revisions\/25996"}],"wp:featuredmedia":[{"embeddable":true,"href":"https:\/\/ku.r-enks.net\/index.php?rest_route=\/wp\/v2\/media\/25995"}],"wp:attachment":[{"href":"https:\/\/ku.r-enks.net\/index.php?rest_route=%2Fwp%2Fv2%2Fmedia&parent=25994"}],"wp:term":[{"taxonomy":"category","embeddable":true,"href":"https:\/\/ku.r-enks.net\/index.php?rest_route=%2Fwp%2Fv2%2Fcategories&post=25994"},{"taxonomy":"post_tag","embeddable":true,"href":"https:\/\/ku.r-enks.net\/index.php?rest_route=%2Fwp%2Fv2%2Ftags&post=25994"}],"curies":[{"name":"wp","href":"https:\/\/api.w.org\/{rel}","templated":true}]}}