{"id":25984,"date":"2026-09-01T10:22:25","date_gmt":"2026-09-01T10:22:25","guid":{"rendered":"https:\/\/ku.r-enks.net\/?p=25984"},"modified":"2026-09-01T10:25:47","modified_gmt":"2026-09-01T10:25:47","slug":"xwecihiya-dirbesiye-civina-xwe-ya-asayi-li-dar-xist-6","status":"publish","type":"post","link":"https:\/\/ku.r-enks.net\/?p=25984","title":{"rendered":"XWECIHIYA DIRB\u00caSIY\u00ca CIV\u00ceNA XWE YA ASAY\u00ce LI DAR XIST ."},"content":{"rendered":"<p>\u200f<br \/>\n\u200f<br \/>\n\u200fEnc\u00fbmena xwecih\u00ee ya bajar\u00ea Dirb\u00easiy\u00ea \u00fb gundewar\u00ea w\u00ea ya bi ser ENKS\u00ea ve,enc\u00fbmena Pakrewan Ciwan Elqutna, di roja Du\u015fem\u00ea 30.8.2026an de, civ\u00eena xwe ya asay\u00ee lidarxist.<br \/>\n\u200f<br \/>\n\u200f<br \/>\n\u200fDi destp\u00eak\u00ea de,xwecih\u00ee k\u00eal\u00eekek b\u00eadeng li ser giyan\u00ean pakrewan\u00ean Kurd \u00fb Kurdistan\u00ea \u00fb t\u00eako\u015fera Munewer \u015eemd\u00een \u00fb di p\u00ea\u015f\u00ee de Barzaniy\u00ea Nemir rawestiyan.\u00db pi\u015ftre l\u00eesta kar genge\u015fe kirin.<br \/>\n\u200f<br \/>\n\u200f<br \/>\n\u200fDi civ\u00een\u00ea de, behsa rew\u015fa r\u00eaxistin\u00ee b\u00fb \u00fb amadeb\u00fbyan rew\u015fa r\u00eaxistin\u00ee bi taybet rapora ku ji of\u00eesa kar\u00fbbar\u00ea Enc\u00fbmen\u00ean xwecih\u00ee y\u00ean bi ser ENKS\u00ea ve, hate wergirtin, hate n\u00eeqa\u015fkirin.<br \/>\n\u200f<br \/>\n\u200f<br \/>\n\u200fDi derbar\u00ea rew\u015fa siyas\u00ee de, hem\u00fb b\u00fbyer \u00fb p\u00ea\u015fhat\u00ean siyas\u00ee li ser qada S\u00fbriy\u00ea bi gi\u015ft\u00ee \u00fb rew\u015fa kurd\u00ee bi taybet\u00ee hatin got\u00fbb\u00eajkirin.<br \/>\n\u200f<br \/>\n\u200fHer wiha Be\u015fdaran bal ki\u015fandin ser rew\u015fa dijwar a jiyan\u00ea ku her\u00eam ji ber xirabiya r\u00eaveberiya rojane dinal\u00eene, nexasim di derbar\u00ea siyaseta guhertina dirav\u00ee, k\u00eamb\u00fbna dirav\u00ea n\u00fb y\u00ea S\u00fbr\u00ee, \u00fb ne\u00e7arkirina welatiyan ku hewcedariy\u00ean xwe bi dirav\u00ea n\u00fb y\u00ea S\u00fbr\u00ee bikirin, ku ev yek daxwaz \u00fb azar\u00ean wan \u00ean rojane girantir dike<br \/>\n\u200f<br \/>\n\u200fHer wiha be\u015fdaran behsa mekan\u00eezmay\u00ean akt\u00eefkirina rol\u00ean niv\u00eesgeh\u00ean ser bi enc\u00fbmen\u00ea ve \u00fb ge\u015fedan\u00ean gir\u00eaday\u00ee lidarxistina kongreya Enc\u00fbmena Ni\u015ftiman\u00ee ya Kurd\u00ee kir<br \/>\n\u200f<br \/>\n\u200f<br \/>\n\u200fRagihandina ENKS\u00ea<br \/>\n\u200fRapor: El\u00ee Fetah<\/p>\n","protected":false},"excerpt":{"rendered":"<p>\u200f \u200f \u200fEnc\u00fbmena xwecih\u00ee ya bajar\u00ea Dirb\u00easiy\u00ea \u00fb gundewar\u00ea w\u00ea ya bi ser ENKS\u00ea ve,enc\u00fbmena Pakrewan Ciwan Elqutna, di roja Du\u015fem\u00ea 30.8.2026an de, civ\u00eena xwe ya asay\u00ee lidarxist. \u200f \u200f \u200fDi destp\u00eak\u00ea de,xwecih\u00ee k\u00eal\u00eekek b\u00eadeng li ser giyan\u00ean pakrewan\u00ean Kurd \u00fb Kurdistan\u00ea \u00fb t\u00eako\u015fera Munewer \u015eemd\u00een \u00fb di p\u00ea\u015f\u00ee de Barzaniy\u00ea Nemir rawestiyan.\u00db pi\u015ftre l\u00eesta [&hellip;]<\/p>\n","protected":false},"author":9,"featured_media":25985,"comment_status":"open","ping_status":"open","sticky":false,"template":"","format":"standard","meta":{"jnews-multi-image_gallery":[],"jnews_single_post":[],"jnews_primary_category":[],"jnews_override_counter":[],"footnotes":""},"categories":[64,39,38,47],"tags":[],"class_list":["post-25984","post","type-post","status-publish","format-standard","has-post-thumbnail","hentry","category-breaking-news","category-nuce","category-nuceyen-kurdistani","category-raporen-taybet"],"yoast_head":"<!-- This site is optimized with the Yoast SEO plugin v28.3 - https:\/\/yoast.com\/product\/yoast-seo-wordpress\/ -->\n<title>XWECIHIYA DIRB\u00caSIY\u00ca CIV\u00ceNA XWE YA ASAY\u00ce LI DAR XIST . - Ragihandina Enc\u00fbmena Ni\u015ft\u00eeman\u00ee kurd\u00ee li S\u00fbriy\u00ea<\/title>\n<meta name=\"robots\" content=\"index, follow, max-snippet:-1, max-image-preview:large, max-video-preview:-1\" \/>\n<link rel=\"canonical\" href=\"https:\/\/ku.r-enks.net\/?p=25984\" \/>\n<meta property=\"og:locale\" content=\"en_GB\" \/>\n<meta property=\"og:type\" content=\"article\" \/>\n<meta property=\"og:title\" content=\"XWECIHIYA DIRB\u00caSIY\u00ca CIV\u00ceNA XWE YA ASAY\u00ce LI DAR XIST . - Ragihandina Enc\u00fbmena Ni\u015ft\u00eeman\u00ee kurd\u00ee li S\u00fbriy\u00ea\" \/>\n<meta property=\"og:description\" content=\"\u200f \u200f \u200fEnc\u00fbmena xwecih\u00ee ya bajar\u00ea Dirb\u00easiy\u00ea \u00fb gundewar\u00ea w\u00ea ya bi ser ENKS\u00ea ve,enc\u00fbmena Pakrewan Ciwan Elqutna, di roja Du\u015fem\u00ea 30.8.2026an de, civ\u00eena xwe ya asay\u00ee lidarxist. \u200f \u200f \u200fDi destp\u00eak\u00ea de,xwecih\u00ee k\u00eal\u00eekek b\u00eadeng li ser giyan\u00ean pakrewan\u00ean Kurd \u00fb Kurdistan\u00ea \u00fb t\u00eako\u015fera Munewer \u015eemd\u00een \u00fb di p\u00ea\u015f\u00ee de Barzaniy\u00ea Nemir rawestiyan.\u00db pi\u015ftre l\u00eesta [&hellip;]\" \/>\n<meta property=\"og:url\" content=\"https:\/\/ku.r-enks.net\/?p=25984\" \/>\n<meta property=\"og:site_name\" content=\"Ragihandina Enc\u00fbmena Ni\u015ft\u00eeman\u00ee kurd\u00ee li S\u00fbriy\u00ea\" \/>\n<meta property=\"article:published_time\" content=\"2026-09-01T10:22:25+00:00\" \/>\n<meta property=\"article:modified_time\" content=\"2026-09-01T10:25:47+00:00\" \/>\n<meta property=\"og:image\" content=\"https:\/\/ku.r-enks.net\/wp-content\/uploads\/2026\/09\/42921e5c-66b5-4b71-9c9b-f417003bf20e.jpeg\" \/>\n\t<meta property=\"og:image:width\" content=\"1016\" \/>\n\t<meta property=\"og:image:height\" content=\"762\" \/>\n\t<meta property=\"og:image:type\" content=\"image\/jpeg\" \/>\n<meta name=\"author\" content=\"ferhad \u015e\u00eaxo\" \/>\n<meta name=\"twitter:card\" content=\"summary_large_image\" \/>\n<meta name=\"twitter:label1\" content=\"Written by\" \/>\n\t<meta name=\"twitter:data1\" content=\"ferhad \u015e\u00eaxo\" \/>\n\t<meta name=\"twitter:label2\" content=\"Estimated reading time\" \/>\n\t<meta name=\"twitter:data2\" content=\"2 minutes\" \/>\n<script type=\"application\/ld+json\" class=\"yoast-schema-graph\">{\"@context\":\"https:\\\/\\\/schema.org\",\"@graph\":[{\"@type\":\"Article\",\"@id\":\"https:\\\/\\\/ku.r-enks.net\\\/?p=25984#article\",\"isPartOf\":{\"@id\":\"https:\\\/\\\/ku.r-enks.net\\\/?p=25984\"},\"author\":{\"name\":\"ferhad \u015e\u00eaxo\",\"@id\":\"https:\\\/\\\/ku.r-enks.net\\\/#\\\/schema\\\/person\\\/b5083e97489c8f4a39ec5ef09a24d63e\"},\"headline\":\"XWECIHIYA DIRB\u00caSIY\u00ca CIV\u00ceNA XWE YA ASAY\u00ce LI DAR XIST .\",\"datePublished\":\"2026-09-01T10:22:25+00:00\",\"dateModified\":\"2026-09-01T10:25:47+00:00\",\"mainEntityOfPage\":{\"@id\":\"https:\\\/\\\/ku.r-enks.net\\\/?p=25984\"},\"wordCount\":253,\"commentCount\":0,\"publisher\":{\"@id\":\"https:\\\/\\\/ku.r-enks.net\\\/#organization\"},\"image\":{\"@id\":\"https:\\\/\\\/ku.r-enks.net\\\/?p=25984#primaryimage\"},\"thumbnailUrl\":\"https:\\\/\\\/ku.r-enks.net\\\/wp-content\\\/uploads\\\/2026\\\/09\\\/42921e5c-66b5-4b71-9c9b-f417003bf20e.jpeg\",\"articleSection\":[\"Breaking news\",\"N\u00fb\u00e7e\",\"N\u00fb\u00e7ey\u00ean Kurdistan\u00ee\",\"Rapor\u00ean Taybet\"],\"inLanguage\":\"en-GB\",\"potentialAction\":[{\"@type\":\"CommentAction\",\"name\":\"Comment\",\"target\":[\"https:\\\/\\\/ku.r-enks.net\\\/?p=25984#respond\"]}]},{\"@type\":\"WebPage\",\"@id\":\"https:\\\/\\\/ku.r-enks.net\\\/?p=25984\",\"url\":\"https:\\\/\\\/ku.r-enks.net\\\/?p=25984\",\"name\":\"XWECIHIYA DIRB\u00caSIY\u00ca CIV\u00ceNA XWE YA ASAY\u00ce LI DAR XIST . - Ragihandina Enc\u00fbmena Ni\u015ft\u00eeman\u00ee kurd\u00ee li S\u00fbriy\u00ea\",\"isPartOf\":{\"@id\":\"https:\\\/\\\/ku.r-enks.net\\\/#website\"},\"primaryImageOfPage\":{\"@id\":\"https:\\\/\\\/ku.r-enks.net\\\/?p=25984#primaryimage\"},\"image\":{\"@id\":\"https:\\\/\\\/ku.r-enks.net\\\/?p=25984#primaryimage\"},\"thumbnailUrl\":\"https:\\\/\\\/ku.r-enks.net\\\/wp-content\\\/uploads\\\/2026\\\/09\\\/42921e5c-66b5-4b71-9c9b-f417003bf20e.jpeg\",\"datePublished\":\"2026-09-01T10:22:25+00:00\",\"dateModified\":\"2026-09-01T10:25:47+00:00\",\"breadcrumb\":{\"@id\":\"https:\\\/\\\/ku.r-enks.net\\\/?p=25984#breadcrumb\"},\"inLanguage\":\"en-GB\",\"potentialAction\":[{\"@type\":\"ReadAction\",\"target\":[\"https:\\\/\\\/ku.r-enks.net\\\/?p=25984\"]}]},{\"@type\":\"ImageObject\",\"inLanguage\":\"en-GB\",\"@id\":\"https:\\\/\\\/ku.r-enks.net\\\/?p=25984#primaryimage\",\"url\":\"https:\\\/\\\/ku.r-enks.net\\\/wp-content\\\/uploads\\\/2026\\\/09\\\/42921e5c-66b5-4b71-9c9b-f417003bf20e.jpeg\",\"contentUrl\":\"https:\\\/\\\/ku.r-enks.net\\\/wp-content\\\/uploads\\\/2026\\\/09\\\/42921e5c-66b5-4b71-9c9b-f417003bf20e.jpeg\",\"width\":1016,\"height\":762},{\"@type\":\"BreadcrumbList\",\"@id\":\"https:\\\/\\\/ku.r-enks.net\\\/?p=25984#breadcrumb\",\"itemListElement\":[{\"@type\":\"ListItem\",\"position\":1,\"name\":\"Home\",\"item\":\"https:\\\/\\\/ku.r-enks.net\\\/\"},{\"@type\":\"ListItem\",\"position\":2,\"name\":\"XWECIHIYA DIRB\u00caSIY\u00ca CIV\u00ceNA XWE YA ASAY\u00ce LI DAR XIST .\"}]},{\"@type\":\"WebSite\",\"@id\":\"https:\\\/\\\/ku.r-enks.net\\\/#website\",\"url\":\"https:\\\/\\\/ku.r-enks.net\\\/\",\"name\":\"Ragihandina Enc\u00fbmena Ni\u015ft\u00eeman\u00ee kurd\u00ee li S\u00fbriy\u00ea\",\"description\":\"\u0627\u0644\u0645\u062c\u0644\u0633 \u0627\u0644\u0648\u0637\u0646\u064a \u0627\u0644\u0643\u0648\u0631\u062f\u064a \u0641\u064a \u0633\u0648\u0631\u064a\u0627\",\"publisher\":{\"@id\":\"https:\\\/\\\/ku.r-enks.net\\\/#organization\"},\"potentialAction\":[{\"@type\":\"SearchAction\",\"target\":{\"@type\":\"EntryPoint\",\"urlTemplate\":\"https:\\\/\\\/ku.r-enks.net\\\/?s={search_term_string}\"},\"query-input\":{\"@type\":\"PropertyValueSpecification\",\"valueRequired\":true,\"valueName\":\"search_term_string\"}}],\"inLanguage\":\"en-GB\"},{\"@type\":\"Organization\",\"@id\":\"https:\\\/\\\/ku.r-enks.net\\\/#organization\",\"name\":\"Ragihandina Enc\u00fbmena Ni\u015ft\u00eeman\u00ee kurd\u00ee li S\u00fbriy\u00ea\",\"url\":\"https:\\\/\\\/ku.r-enks.net\\\/\",\"logo\":{\"@type\":\"ImageObject\",\"inLanguage\":\"en-GB\",\"@id\":\"https:\\\/\\\/ku.r-enks.net\\\/#\\\/schema\\\/logo\\\/image\\\/\",\"url\":\"https:\\\/\\\/ku.r-enks.net\\\/wp-content\\\/uploads\\\/2025\\\/08\\\/IMG_1702.jpeg\",\"contentUrl\":\"https:\\\/\\\/ku.r-enks.net\\\/wp-content\\\/uploads\\\/2025\\\/08\\\/IMG_1702.jpeg\",\"width\":283,\"height\":178,\"caption\":\"Ragihandina Enc\u00fbmena Ni\u015ft\u00eeman\u00ee kurd\u00ee li S\u00fbriy\u00ea\"},\"image\":{\"@id\":\"https:\\\/\\\/ku.r-enks.net\\\/#\\\/schema\\\/logo\\\/image\\\/\"}},{\"@type\":\"Person\",\"@id\":\"https:\\\/\\\/ku.r-enks.net\\\/#\\\/schema\\\/person\\\/b5083e97489c8f4a39ec5ef09a24d63e\",\"name\":\"ferhad \u015e\u00eaxo\",\"image\":{\"@type\":\"ImageObject\",\"inLanguage\":\"en-GB\",\"@id\":\"https:\\\/\\\/secure.gravatar.com\\\/avatar\\\/07bbc22fb9fb2ef801b2fbaa0aabbccce9823f175eecbf6562ba080b1c55e14a?s=96&d=mm&r=g\",\"url\":\"https:\\\/\\\/secure.gravatar.com\\\/avatar\\\/07bbc22fb9fb2ef801b2fbaa0aabbccce9823f175eecbf6562ba080b1c55e14a?s=96&d=mm&r=g\",\"contentUrl\":\"https:\\\/\\\/secure.gravatar.com\\\/avatar\\\/07bbc22fb9fb2ef801b2fbaa0aabbccce9823f175eecbf6562ba080b1c55e14a?s=96&d=mm&r=g\",\"caption\":\"ferhad \u015e\u00eaxo\"},\"sameAs\":[\"http:\\\/\\\/Ferhad\"],\"url\":\"https:\\\/\\\/ku.r-enks.net\\\/?author=9\"}]}<\/script>\n<!-- \/ Yoast SEO plugin. -->","yoast_head_json":{"title":"XWECIHIYA DIRB\u00caSIY\u00ca CIV\u00ceNA XWE YA ASAY\u00ce LI DAR XIST . - Ragihandina Enc\u00fbmena Ni\u015ft\u00eeman\u00ee kurd\u00ee li S\u00fbriy\u00ea","robots":{"index":"index","follow":"follow","max-snippet":"max-snippet:-1","max-image-preview":"max-image-preview:large","max-video-preview":"max-video-preview:-1"},"canonical":"https:\/\/ku.r-enks.net\/?p=25984","og_locale":"en_GB","og_type":"article","og_title":"XWECIHIYA DIRB\u00caSIY\u00ca CIV\u00ceNA XWE YA ASAY\u00ce LI DAR XIST . - Ragihandina Enc\u00fbmena Ni\u015ft\u00eeman\u00ee kurd\u00ee li S\u00fbriy\u00ea","og_description":"\u200f \u200f \u200fEnc\u00fbmena xwecih\u00ee ya bajar\u00ea Dirb\u00easiy\u00ea \u00fb gundewar\u00ea w\u00ea ya bi ser ENKS\u00ea ve,enc\u00fbmena Pakrewan Ciwan Elqutna, di roja Du\u015fem\u00ea 30.8.2026an de, civ\u00eena xwe ya asay\u00ee lidarxist. \u200f \u200f \u200fDi destp\u00eak\u00ea de,xwecih\u00ee k\u00eal\u00eekek b\u00eadeng li ser giyan\u00ean pakrewan\u00ean Kurd \u00fb Kurdistan\u00ea \u00fb t\u00eako\u015fera Munewer \u015eemd\u00een \u00fb di p\u00ea\u015f\u00ee de Barzaniy\u00ea Nemir rawestiyan.\u00db pi\u015ftre l\u00eesta [&hellip;]","og_url":"https:\/\/ku.r-enks.net\/?p=25984","og_site_name":"Ragihandina Enc\u00fbmena Ni\u015ft\u00eeman\u00ee kurd\u00ee li S\u00fbriy\u00ea","article_published_time":"2026-09-01T10:22:25+00:00","article_modified_time":"2026-09-01T10:25:47+00:00","og_image":[{"width":1016,"height":762,"url":"https:\/\/ku.r-enks.net\/wp-content\/uploads\/2026\/09\/42921e5c-66b5-4b71-9c9b-f417003bf20e.jpeg","type":"image\/jpeg"}],"author":"ferhad \u015e\u00eaxo","twitter_card":"summary_large_image","twitter_misc":{"Written by":"ferhad \u015e\u00eaxo","Estimated reading time":"2 minutes"},"schema":{"@context":"https:\/\/schema.org","@graph":[{"@type":"Article","@id":"https:\/\/ku.r-enks.net\/?p=25984#article","isPartOf":{"@id":"https:\/\/ku.r-enks.net\/?p=25984"},"author":{"name":"ferhad \u015e\u00eaxo","@id":"https:\/\/ku.r-enks.net\/#\/schema\/person\/b5083e97489c8f4a39ec5ef09a24d63e"},"headline":"XWECIHIYA DIRB\u00caSIY\u00ca CIV\u00ceNA XWE YA ASAY\u00ce LI DAR XIST .","datePublished":"2026-09-01T10:22:25+00:00","dateModified":"2026-09-01T10:25:47+00:00","mainEntityOfPage":{"@id":"https:\/\/ku.r-enks.net\/?p=25984"},"wordCount":253,"commentCount":0,"publisher":{"@id":"https:\/\/ku.r-enks.net\/#organization"},"image":{"@id":"https:\/\/ku.r-enks.net\/?p=25984#primaryimage"},"thumbnailUrl":"https:\/\/ku.r-enks.net\/wp-content\/uploads\/2026\/09\/42921e5c-66b5-4b71-9c9b-f417003bf20e.jpeg","articleSection":["Breaking news","N\u00fb\u00e7e","N\u00fb\u00e7ey\u00ean Kurdistan\u00ee","Rapor\u00ean Taybet"],"inLanguage":"en-GB","potentialAction":[{"@type":"CommentAction","name":"Comment","target":["https:\/\/ku.r-enks.net\/?p=25984#respond"]}]},{"@type":"WebPage","@id":"https:\/\/ku.r-enks.net\/?p=25984","url":"https:\/\/ku.r-enks.net\/?p=25984","name":"XWECIHIYA DIRB\u00caSIY\u00ca CIV\u00ceNA XWE YA ASAY\u00ce LI DAR XIST . - Ragihandina Enc\u00fbmena Ni\u015ft\u00eeman\u00ee kurd\u00ee li S\u00fbriy\u00ea","isPartOf":{"@id":"https:\/\/ku.r-enks.net\/#website"},"primaryImageOfPage":{"@id":"https:\/\/ku.r-enks.net\/?p=25984#primaryimage"},"image":{"@id":"https:\/\/ku.r-enks.net\/?p=25984#primaryimage"},"thumbnailUrl":"https:\/\/ku.r-enks.net\/wp-content\/uploads\/2026\/09\/42921e5c-66b5-4b71-9c9b-f417003bf20e.jpeg","datePublished":"2026-09-01T10:22:25+00:00","dateModified":"2026-09-01T10:25:47+00:00","breadcrumb":{"@id":"https:\/\/ku.r-enks.net\/?p=25984#breadcrumb"},"inLanguage":"en-GB","potentialAction":[{"@type":"ReadAction","target":["https:\/\/ku.r-enks.net\/?p=25984"]}]},{"@type":"ImageObject","inLanguage":"en-GB","@id":"https:\/\/ku.r-enks.net\/?p=25984#primaryimage","url":"https:\/\/ku.r-enks.net\/wp-content\/uploads\/2026\/09\/42921e5c-66b5-4b71-9c9b-f417003bf20e.jpeg","contentUrl":"https:\/\/ku.r-enks.net\/wp-content\/uploads\/2026\/09\/42921e5c-66b5-4b71-9c9b-f417003bf20e.jpeg","width":1016,"height":762},{"@type":"BreadcrumbList","@id":"https:\/\/ku.r-enks.net\/?p=25984#breadcrumb","itemListElement":[{"@type":"ListItem","position":1,"name":"Home","item":"https:\/\/ku.r-enks.net\/"},{"@type":"ListItem","position":2,"name":"XWECIHIYA DIRB\u00caSIY\u00ca CIV\u00ceNA XWE YA ASAY\u00ce LI DAR XIST ."}]},{"@type":"WebSite","@id":"https:\/\/ku.r-enks.net\/#website","url":"https:\/\/ku.r-enks.net\/","name":"Ragihandina Enc\u00fbmena Ni\u015ft\u00eeman\u00ee kurd\u00ee li S\u00fbriy\u00ea","description":"\u0627\u0644\u0645\u062c\u0644\u0633 \u0627\u0644\u0648\u0637\u0646\u064a \u0627\u0644\u0643\u0648\u0631\u062f\u064a \u0641\u064a \u0633\u0648\u0631\u064a\u0627","publisher":{"@id":"https:\/\/ku.r-enks.net\/#organization"},"potentialAction":[{"@type":"SearchAction","target":{"@type":"EntryPoint","urlTemplate":"https:\/\/ku.r-enks.net\/?s={search_term_string}"},"query-input":{"@type":"PropertyValueSpecification","valueRequired":true,"valueName":"search_term_string"}}],"inLanguage":"en-GB"},{"@type":"Organization","@id":"https:\/\/ku.r-enks.net\/#organization","name":"Ragihandina Enc\u00fbmena Ni\u015ft\u00eeman\u00ee kurd\u00ee li S\u00fbriy\u00ea","url":"https:\/\/ku.r-enks.net\/","logo":{"@type":"ImageObject","inLanguage":"en-GB","@id":"https:\/\/ku.r-enks.net\/#\/schema\/logo\/image\/","url":"https:\/\/ku.r-enks.net\/wp-content\/uploads\/2025\/08\/IMG_1702.jpeg","contentUrl":"https:\/\/ku.r-enks.net\/wp-content\/uploads\/2025\/08\/IMG_1702.jpeg","width":283,"height":178,"caption":"Ragihandina Enc\u00fbmena Ni\u015ft\u00eeman\u00ee kurd\u00ee li S\u00fbriy\u00ea"},"image":{"@id":"https:\/\/ku.r-enks.net\/#\/schema\/logo\/image\/"}},{"@type":"Person","@id":"https:\/\/ku.r-enks.net\/#\/schema\/person\/b5083e97489c8f4a39ec5ef09a24d63e","name":"ferhad \u015e\u00eaxo","image":{"@type":"ImageObject","inLanguage":"en-GB","@id":"https:\/\/secure.gravatar.com\/avatar\/07bbc22fb9fb2ef801b2fbaa0aabbccce9823f175eecbf6562ba080b1c55e14a?s=96&d=mm&r=g","url":"https:\/\/secure.gravatar.com\/avatar\/07bbc22fb9fb2ef801b2fbaa0aabbccce9823f175eecbf6562ba080b1c55e14a?s=96&d=mm&r=g","contentUrl":"https:\/\/secure.gravatar.com\/avatar\/07bbc22fb9fb2ef801b2fbaa0aabbccce9823f175eecbf6562ba080b1c55e14a?s=96&d=mm&r=g","caption":"ferhad \u015e\u00eaxo"},"sameAs":["http:\/\/Ferhad"],"url":"https:\/\/ku.r-enks.net\/?author=9"}]}},"_links":{"self":[{"href":"https:\/\/ku.r-enks.net\/index.php?rest_route=\/wp\/v2\/posts\/25984","targetHints":{"allow":["GET"]}}],"collection":[{"href":"https:\/\/ku.r-enks.net\/index.php?rest_route=\/wp\/v2\/posts"}],"about":[{"href":"https:\/\/ku.r-enks.net\/index.php?rest_route=\/wp\/v2\/types\/post"}],"author":[{"embeddable":true,"href":"https:\/\/ku.r-enks.net\/index.php?rest_route=\/wp\/v2\/users\/9"}],"replies":[{"embeddable":true,"href":"https:\/\/ku.r-enks.net\/index.php?rest_route=%2Fwp%2Fv2%2Fcomments&post=25984"}],"version-history":[{"count":1,"href":"https:\/\/ku.r-enks.net\/index.php?rest_route=\/wp\/v2\/posts\/25984\/revisions"}],"predecessor-version":[{"id":25986,"href":"https:\/\/ku.r-enks.net\/index.php?rest_route=\/wp\/v2\/posts\/25984\/revisions\/25986"}],"wp:featuredmedia":[{"embeddable":true,"href":"https:\/\/ku.r-enks.net\/index.php?rest_route=\/wp\/v2\/media\/25985"}],"wp:attachment":[{"href":"https:\/\/ku.r-enks.net\/index.php?rest_route=%2Fwp%2Fv2%2Fmedia&parent=25984"}],"wp:term":[{"taxonomy":"category","embeddable":true,"href":"https:\/\/ku.r-enks.net\/index.php?rest_route=%2Fwp%2Fv2%2Fcategories&post=25984"},{"taxonomy":"post_tag","embeddable":true,"href":"https:\/\/ku.r-enks.net\/index.php?rest_route=%2Fwp%2Fv2%2Ftags&post=25984"}],"curies":[{"name":"wp","href":"https:\/\/api.w.org\/{rel}","templated":true}]}}