{"id":25981,"date":"2026-09-01T10:20:52","date_gmt":"2026-09-01T10:20:52","guid":{"rendered":"https:\/\/ku.r-enks.net\/?p=25981"},"modified":"2026-09-01T10:20:52","modified_gmt":"2026-09-01T10:20:52","slug":"naveroka-civina-xwecihi-ya-sere-kaniye","status":"publish","type":"post","link":"https:\/\/ku.r-enks.net\/?p=25981","title":{"rendered":"NAVEROKA CIV\u00ceNA XWECIH\u00ce YA SER\u00ca KANIY\u00ca"},"content":{"rendered":"<p>\u200f<br \/>\n\u200fEncumena Xwecih\u00ee ya Bajar\u00ea Ser\u00ea Kaniy\u00ea civ\u00eena xwe ya asay\u00ee roja Yek\u015fem\u00ea, 30\u00ea Tebaxa 2026an, li bajar\u00ea Qami\u015flo bi amadeb\u00fbna endam\u00ean xwecihiy\u00ea lidarxistin.<br \/>\n\u200f<br \/>\n\u200fCiv\u00een bi deqeyek r\u00eazgirtin ji bo giyan\u00ea \u015feh\u00eed\u00ean Kurd \u00fb Kurdistan\u00ea \u00fb di ser\u00ee de Barzaniy\u00ea Nemir dest p\u00ea kir. Pa\u015f\u00ea, amadeb\u00fbnan ev xal\u00ean j\u00ear\u00een got\u00fbb\u00eaj kirin:<br \/>\n\u200f<br \/>\n\u200fRew\u015fa R\u00eaxistin\u00ee: Rapora hat\u00ee hat xwendin \u00fb nirxandin. Her weha teqez\u00ee li ser giringiya amadeb\u00fbna bir\u00eak\u00fbp\u00eak di civ\u00een\u00ean mehane de \u00fb pabendb\u00fbna bi tevahiya biryar\u00ean Encumena Ni\u015ftiman\u00ee ya Kurd\u00ee (ENKS) hat kirin.<br \/>\n\u200f<br \/>\n\u200fRew\u015fa Siyas\u00ee: Tevahiya r\u00fbdan \u00fb ge\u015fedan\u00ean siyas\u00ee li ser asta S\u00fbriyey\u00ea bi gi\u015ft\u00ee \u00fb rew\u015fa Kurd\u00ee bi taybet\u00ee bi fireh\u00ee hatin n\u00eeqa\u015fkirin.Her weha, amadeb\u00fbnan rawestiyan li ser biryara hilwe\u015fandina H\u00eaz\u00ean S\u00fbriyeya Demokrat\u00eek (HSD) \u00fb R\u00eaveberiya ser bi w\u00ea ve \u00fb tevl\u00eekirina wan di nava Hik\u00fbmet\u00ea de, her weha bandor \u00fb encam\u00ean v\u00ea biryar\u00ea li ser her\u00eam\u00ea bi gi\u015ft\u00ee \u00fb li ser doza Kurd\u00ee bi taybet\u00ee nirxandin.Di dawiya civ\u00een\u00ea de, amadeb\u00fbnan teqez\u00ee li ser fersend \u00fb her\u00ee p\u00ea\u015f\u00eenkirina \u00e7alakkirin \u00fb bih\u00eazkirina rola Encumena Ni\u015ftiman\u00ee ya Kurd\u00ee di v\u00ea qonaxa hesas de kirin.<br \/>\n\u200fHer weha daxwaza xebateke cid\u00ee ji bo parastina maf\u00ean netewey\u00ee y\u00ean rewa y\u00ean gel\u00ea Kurd \u00fb \u00e7espandina wan di dest\u00fbr\u00ea de kirin<br \/>\n\u200f<br \/>\n\u200fRagihandina ENKS\u00ea<br \/>\n\u200fRapor: El\u00ee Fetah<\/p>\n","protected":false},"excerpt":{"rendered":"<p>\u200f \u200fEncumena Xwecih\u00ee ya Bajar\u00ea Ser\u00ea Kaniy\u00ea civ\u00eena xwe ya asay\u00ee roja Yek\u015fem\u00ea, 30\u00ea Tebaxa 2026an, li bajar\u00ea Qami\u015flo bi amadeb\u00fbna endam\u00ean xwecihiy\u00ea lidarxistin. \u200f \u200fCiv\u00een bi deqeyek r\u00eazgirtin ji bo giyan\u00ea \u015feh\u00eed\u00ean Kurd \u00fb Kurdistan\u00ea \u00fb di ser\u00ee de Barzaniy\u00ea Nemir dest p\u00ea kir. Pa\u015f\u00ea, amadeb\u00fbnan ev xal\u00ean j\u00ear\u00een got\u00fbb\u00eaj kirin: \u200f \u200fRew\u015fa R\u00eaxistin\u00ee: [&hellip;]<\/p>\n","protected":false},"author":9,"featured_media":25982,"comment_status":"open","ping_status":"open","sticky":false,"template":"","format":"standard","meta":{"jnews-multi-image_gallery":[],"jnews_single_post":[],"jnews_primary_category":[],"jnews_override_counter":[],"footnotes":""},"categories":[64,39,38,47],"tags":[],"class_list":["post-25981","post","type-post","status-publish","format-standard","has-post-thumbnail","hentry","category-breaking-news","category-nuce","category-nuceyen-kurdistani","category-raporen-taybet"],"yoast_head":"<!-- This site is optimized with the Yoast SEO plugin v28.3 - https:\/\/yoast.com\/product\/yoast-seo-wordpress\/ -->\n<title>NAVEROKA CIV\u00ceNA XWECIH\u00ce YA SER\u00ca KANIY\u00ca - Ragihandina Enc\u00fbmena Ni\u015ft\u00eeman\u00ee kurd\u00ee li S\u00fbriy\u00ea<\/title>\n<meta name=\"robots\" content=\"index, follow, max-snippet:-1, max-image-preview:large, max-video-preview:-1\" \/>\n<link rel=\"canonical\" href=\"https:\/\/ku.r-enks.net\/?p=25981\" \/>\n<meta property=\"og:locale\" content=\"en_GB\" \/>\n<meta property=\"og:type\" content=\"article\" \/>\n<meta property=\"og:title\" content=\"NAVEROKA CIV\u00ceNA XWECIH\u00ce YA SER\u00ca KANIY\u00ca - Ragihandina Enc\u00fbmena Ni\u015ft\u00eeman\u00ee kurd\u00ee li S\u00fbriy\u00ea\" \/>\n<meta property=\"og:description\" content=\"\u200f \u200fEncumena Xwecih\u00ee ya Bajar\u00ea Ser\u00ea Kaniy\u00ea civ\u00eena xwe ya asay\u00ee roja Yek\u015fem\u00ea, 30\u00ea Tebaxa 2026an, li bajar\u00ea Qami\u015flo bi amadeb\u00fbna endam\u00ean xwecihiy\u00ea lidarxistin. \u200f \u200fCiv\u00een bi deqeyek r\u00eazgirtin ji bo giyan\u00ea \u015feh\u00eed\u00ean Kurd \u00fb Kurdistan\u00ea \u00fb di ser\u00ee de Barzaniy\u00ea Nemir dest p\u00ea kir. Pa\u015f\u00ea, amadeb\u00fbnan ev xal\u00ean j\u00ear\u00een got\u00fbb\u00eaj kirin: \u200f \u200fRew\u015fa R\u00eaxistin\u00ee: [&hellip;]\" \/>\n<meta property=\"og:url\" content=\"https:\/\/ku.r-enks.net\/?p=25981\" \/>\n<meta property=\"og:site_name\" content=\"Ragihandina Enc\u00fbmena Ni\u015ft\u00eeman\u00ee kurd\u00ee li S\u00fbriy\u00ea\" \/>\n<meta property=\"article:published_time\" content=\"2026-09-01T10:20:52+00:00\" \/>\n<meta property=\"og:image\" content=\"https:\/\/ku.r-enks.net\/wp-content\/uploads\/2026\/09\/540b1c26-4fb2-48ef-b34e-9ab35cf93adb.jpeg\" \/>\n\t<meta property=\"og:image:width\" content=\"1024\" \/>\n\t<meta property=\"og:image:height\" content=\"461\" \/>\n\t<meta property=\"og:image:type\" content=\"image\/jpeg\" \/>\n<meta name=\"author\" content=\"ferhad \u015e\u00eaxo\" \/>\n<meta name=\"twitter:card\" content=\"summary_large_image\" \/>\n<meta name=\"twitter:label1\" content=\"Written by\" \/>\n\t<meta name=\"twitter:data1\" content=\"ferhad \u015e\u00eaxo\" \/>\n\t<meta name=\"twitter:label2\" content=\"Estimated reading time\" \/>\n\t<meta name=\"twitter:data2\" content=\"1 minute\" \/>\n<script type=\"application\/ld+json\" class=\"yoast-schema-graph\">{\"@context\":\"https:\\\/\\\/schema.org\",\"@graph\":[{\"@type\":\"Article\",\"@id\":\"https:\\\/\\\/ku.r-enks.net\\\/?p=25981#article\",\"isPartOf\":{\"@id\":\"https:\\\/\\\/ku.r-enks.net\\\/?p=25981\"},\"author\":{\"name\":\"ferhad \u015e\u00eaxo\",\"@id\":\"https:\\\/\\\/ku.r-enks.net\\\/#\\\/schema\\\/person\\\/b5083e97489c8f4a39ec5ef09a24d63e\"},\"headline\":\"NAVEROKA CIV\u00ceNA XWECIH\u00ce YA SER\u00ca KANIY\u00ca\",\"datePublished\":\"2026-09-01T10:20:52+00:00\",\"mainEntityOfPage\":{\"@id\":\"https:\\\/\\\/ku.r-enks.net\\\/?p=25981\"},\"wordCount\":251,\"commentCount\":0,\"publisher\":{\"@id\":\"https:\\\/\\\/ku.r-enks.net\\\/#organization\"},\"image\":{\"@id\":\"https:\\\/\\\/ku.r-enks.net\\\/?p=25981#primaryimage\"},\"thumbnailUrl\":\"https:\\\/\\\/ku.r-enks.net\\\/wp-content\\\/uploads\\\/2026\\\/09\\\/540b1c26-4fb2-48ef-b34e-9ab35cf93adb.jpeg\",\"articleSection\":[\"Breaking news\",\"N\u00fb\u00e7e\",\"N\u00fb\u00e7ey\u00ean Kurdistan\u00ee\",\"Rapor\u00ean Taybet\"],\"inLanguage\":\"en-GB\",\"potentialAction\":[{\"@type\":\"CommentAction\",\"name\":\"Comment\",\"target\":[\"https:\\\/\\\/ku.r-enks.net\\\/?p=25981#respond\"]}]},{\"@type\":\"WebPage\",\"@id\":\"https:\\\/\\\/ku.r-enks.net\\\/?p=25981\",\"url\":\"https:\\\/\\\/ku.r-enks.net\\\/?p=25981\",\"name\":\"NAVEROKA CIV\u00ceNA XWECIH\u00ce YA SER\u00ca KANIY\u00ca - Ragihandina Enc\u00fbmena Ni\u015ft\u00eeman\u00ee kurd\u00ee li S\u00fbriy\u00ea\",\"isPartOf\":{\"@id\":\"https:\\\/\\\/ku.r-enks.net\\\/#website\"},\"primaryImageOfPage\":{\"@id\":\"https:\\\/\\\/ku.r-enks.net\\\/?p=25981#primaryimage\"},\"image\":{\"@id\":\"https:\\\/\\\/ku.r-enks.net\\\/?p=25981#primaryimage\"},\"thumbnailUrl\":\"https:\\\/\\\/ku.r-enks.net\\\/wp-content\\\/uploads\\\/2026\\\/09\\\/540b1c26-4fb2-48ef-b34e-9ab35cf93adb.jpeg\",\"datePublished\":\"2026-09-01T10:20:52+00:00\",\"breadcrumb\":{\"@id\":\"https:\\\/\\\/ku.r-enks.net\\\/?p=25981#breadcrumb\"},\"inLanguage\":\"en-GB\",\"potentialAction\":[{\"@type\":\"ReadAction\",\"target\":[\"https:\\\/\\\/ku.r-enks.net\\\/?p=25981\"]}]},{\"@type\":\"ImageObject\",\"inLanguage\":\"en-GB\",\"@id\":\"https:\\\/\\\/ku.r-enks.net\\\/?p=25981#primaryimage\",\"url\":\"https:\\\/\\\/ku.r-enks.net\\\/wp-content\\\/uploads\\\/2026\\\/09\\\/540b1c26-4fb2-48ef-b34e-9ab35cf93adb.jpeg\",\"contentUrl\":\"https:\\\/\\\/ku.r-enks.net\\\/wp-content\\\/uploads\\\/2026\\\/09\\\/540b1c26-4fb2-48ef-b34e-9ab35cf93adb.jpeg\",\"width\":1024,\"height\":461},{\"@type\":\"BreadcrumbList\",\"@id\":\"https:\\\/\\\/ku.r-enks.net\\\/?p=25981#breadcrumb\",\"itemListElement\":[{\"@type\":\"ListItem\",\"position\":1,\"name\":\"Home\",\"item\":\"https:\\\/\\\/ku.r-enks.net\\\/\"},{\"@type\":\"ListItem\",\"position\":2,\"name\":\"NAVEROKA CIV\u00ceNA XWECIH\u00ce YA SER\u00ca KANIY\u00ca\"}]},{\"@type\":\"WebSite\",\"@id\":\"https:\\\/\\\/ku.r-enks.net\\\/#website\",\"url\":\"https:\\\/\\\/ku.r-enks.net\\\/\",\"name\":\"Ragihandina Enc\u00fbmena Ni\u015ft\u00eeman\u00ee kurd\u00ee li S\u00fbriy\u00ea\",\"description\":\"\u0627\u0644\u0645\u062c\u0644\u0633 \u0627\u0644\u0648\u0637\u0646\u064a \u0627\u0644\u0643\u0648\u0631\u062f\u064a \u0641\u064a \u0633\u0648\u0631\u064a\u0627\",\"publisher\":{\"@id\":\"https:\\\/\\\/ku.r-enks.net\\\/#organization\"},\"potentialAction\":[{\"@type\":\"SearchAction\",\"target\":{\"@type\":\"EntryPoint\",\"urlTemplate\":\"https:\\\/\\\/ku.r-enks.net\\\/?s={search_term_string}\"},\"query-input\":{\"@type\":\"PropertyValueSpecification\",\"valueRequired\":true,\"valueName\":\"search_term_string\"}}],\"inLanguage\":\"en-GB\"},{\"@type\":\"Organization\",\"@id\":\"https:\\\/\\\/ku.r-enks.net\\\/#organization\",\"name\":\"Ragihandina Enc\u00fbmena Ni\u015ft\u00eeman\u00ee kurd\u00ee li S\u00fbriy\u00ea\",\"url\":\"https:\\\/\\\/ku.r-enks.net\\\/\",\"logo\":{\"@type\":\"ImageObject\",\"inLanguage\":\"en-GB\",\"@id\":\"https:\\\/\\\/ku.r-enks.net\\\/#\\\/schema\\\/logo\\\/image\\\/\",\"url\":\"https:\\\/\\\/ku.r-enks.net\\\/wp-content\\\/uploads\\\/2025\\\/08\\\/IMG_1702.jpeg\",\"contentUrl\":\"https:\\\/\\\/ku.r-enks.net\\\/wp-content\\\/uploads\\\/2025\\\/08\\\/IMG_1702.jpeg\",\"width\":283,\"height\":178,\"caption\":\"Ragihandina Enc\u00fbmena Ni\u015ft\u00eeman\u00ee kurd\u00ee li S\u00fbriy\u00ea\"},\"image\":{\"@id\":\"https:\\\/\\\/ku.r-enks.net\\\/#\\\/schema\\\/logo\\\/image\\\/\"}},{\"@type\":\"Person\",\"@id\":\"https:\\\/\\\/ku.r-enks.net\\\/#\\\/schema\\\/person\\\/b5083e97489c8f4a39ec5ef09a24d63e\",\"name\":\"ferhad \u015e\u00eaxo\",\"image\":{\"@type\":\"ImageObject\",\"inLanguage\":\"en-GB\",\"@id\":\"https:\\\/\\\/secure.gravatar.com\\\/avatar\\\/07bbc22fb9fb2ef801b2fbaa0aabbccce9823f175eecbf6562ba080b1c55e14a?s=96&d=mm&r=g\",\"url\":\"https:\\\/\\\/secure.gravatar.com\\\/avatar\\\/07bbc22fb9fb2ef801b2fbaa0aabbccce9823f175eecbf6562ba080b1c55e14a?s=96&d=mm&r=g\",\"contentUrl\":\"https:\\\/\\\/secure.gravatar.com\\\/avatar\\\/07bbc22fb9fb2ef801b2fbaa0aabbccce9823f175eecbf6562ba080b1c55e14a?s=96&d=mm&r=g\",\"caption\":\"ferhad \u015e\u00eaxo\"},\"sameAs\":[\"http:\\\/\\\/Ferhad\"],\"url\":\"https:\\\/\\\/ku.r-enks.net\\\/?author=9\"}]}<\/script>\n<!-- \/ Yoast SEO plugin. -->","yoast_head_json":{"title":"NAVEROKA CIV\u00ceNA XWECIH\u00ce YA SER\u00ca KANIY\u00ca - Ragihandina Enc\u00fbmena Ni\u015ft\u00eeman\u00ee kurd\u00ee li S\u00fbriy\u00ea","robots":{"index":"index","follow":"follow","max-snippet":"max-snippet:-1","max-image-preview":"max-image-preview:large","max-video-preview":"max-video-preview:-1"},"canonical":"https:\/\/ku.r-enks.net\/?p=25981","og_locale":"en_GB","og_type":"article","og_title":"NAVEROKA CIV\u00ceNA XWECIH\u00ce YA SER\u00ca KANIY\u00ca - Ragihandina Enc\u00fbmena Ni\u015ft\u00eeman\u00ee kurd\u00ee li S\u00fbriy\u00ea","og_description":"\u200f \u200fEncumena Xwecih\u00ee ya Bajar\u00ea Ser\u00ea Kaniy\u00ea civ\u00eena xwe ya asay\u00ee roja Yek\u015fem\u00ea, 30\u00ea Tebaxa 2026an, li bajar\u00ea Qami\u015flo bi amadeb\u00fbna endam\u00ean xwecihiy\u00ea lidarxistin. \u200f \u200fCiv\u00een bi deqeyek r\u00eazgirtin ji bo giyan\u00ea \u015feh\u00eed\u00ean Kurd \u00fb Kurdistan\u00ea \u00fb di ser\u00ee de Barzaniy\u00ea Nemir dest p\u00ea kir. Pa\u015f\u00ea, amadeb\u00fbnan ev xal\u00ean j\u00ear\u00een got\u00fbb\u00eaj kirin: \u200f \u200fRew\u015fa R\u00eaxistin\u00ee: [&hellip;]","og_url":"https:\/\/ku.r-enks.net\/?p=25981","og_site_name":"Ragihandina Enc\u00fbmena Ni\u015ft\u00eeman\u00ee kurd\u00ee li S\u00fbriy\u00ea","article_published_time":"2026-09-01T10:20:52+00:00","og_image":[{"width":1024,"height":461,"url":"https:\/\/ku.r-enks.net\/wp-content\/uploads\/2026\/09\/540b1c26-4fb2-48ef-b34e-9ab35cf93adb.jpeg","type":"image\/jpeg"}],"author":"ferhad \u015e\u00eaxo","twitter_card":"summary_large_image","twitter_misc":{"Written by":"ferhad \u015e\u00eaxo","Estimated reading time":"1 minute"},"schema":{"@context":"https:\/\/schema.org","@graph":[{"@type":"Article","@id":"https:\/\/ku.r-enks.net\/?p=25981#article","isPartOf":{"@id":"https:\/\/ku.r-enks.net\/?p=25981"},"author":{"name":"ferhad \u015e\u00eaxo","@id":"https:\/\/ku.r-enks.net\/#\/schema\/person\/b5083e97489c8f4a39ec5ef09a24d63e"},"headline":"NAVEROKA CIV\u00ceNA XWECIH\u00ce YA SER\u00ca KANIY\u00ca","datePublished":"2026-09-01T10:20:52+00:00","mainEntityOfPage":{"@id":"https:\/\/ku.r-enks.net\/?p=25981"},"wordCount":251,"commentCount":0,"publisher":{"@id":"https:\/\/ku.r-enks.net\/#organization"},"image":{"@id":"https:\/\/ku.r-enks.net\/?p=25981#primaryimage"},"thumbnailUrl":"https:\/\/ku.r-enks.net\/wp-content\/uploads\/2026\/09\/540b1c26-4fb2-48ef-b34e-9ab35cf93adb.jpeg","articleSection":["Breaking news","N\u00fb\u00e7e","N\u00fb\u00e7ey\u00ean Kurdistan\u00ee","Rapor\u00ean Taybet"],"inLanguage":"en-GB","potentialAction":[{"@type":"CommentAction","name":"Comment","target":["https:\/\/ku.r-enks.net\/?p=25981#respond"]}]},{"@type":"WebPage","@id":"https:\/\/ku.r-enks.net\/?p=25981","url":"https:\/\/ku.r-enks.net\/?p=25981","name":"NAVEROKA CIV\u00ceNA XWECIH\u00ce YA SER\u00ca KANIY\u00ca - Ragihandina Enc\u00fbmena Ni\u015ft\u00eeman\u00ee kurd\u00ee li S\u00fbriy\u00ea","isPartOf":{"@id":"https:\/\/ku.r-enks.net\/#website"},"primaryImageOfPage":{"@id":"https:\/\/ku.r-enks.net\/?p=25981#primaryimage"},"image":{"@id":"https:\/\/ku.r-enks.net\/?p=25981#primaryimage"},"thumbnailUrl":"https:\/\/ku.r-enks.net\/wp-content\/uploads\/2026\/09\/540b1c26-4fb2-48ef-b34e-9ab35cf93adb.jpeg","datePublished":"2026-09-01T10:20:52+00:00","breadcrumb":{"@id":"https:\/\/ku.r-enks.net\/?p=25981#breadcrumb"},"inLanguage":"en-GB","potentialAction":[{"@type":"ReadAction","target":["https:\/\/ku.r-enks.net\/?p=25981"]}]},{"@type":"ImageObject","inLanguage":"en-GB","@id":"https:\/\/ku.r-enks.net\/?p=25981#primaryimage","url":"https:\/\/ku.r-enks.net\/wp-content\/uploads\/2026\/09\/540b1c26-4fb2-48ef-b34e-9ab35cf93adb.jpeg","contentUrl":"https:\/\/ku.r-enks.net\/wp-content\/uploads\/2026\/09\/540b1c26-4fb2-48ef-b34e-9ab35cf93adb.jpeg","width":1024,"height":461},{"@type":"BreadcrumbList","@id":"https:\/\/ku.r-enks.net\/?p=25981#breadcrumb","itemListElement":[{"@type":"ListItem","position":1,"name":"Home","item":"https:\/\/ku.r-enks.net\/"},{"@type":"ListItem","position":2,"name":"NAVEROKA CIV\u00ceNA XWECIH\u00ce YA SER\u00ca KANIY\u00ca"}]},{"@type":"WebSite","@id":"https:\/\/ku.r-enks.net\/#website","url":"https:\/\/ku.r-enks.net\/","name":"Ragihandina Enc\u00fbmena Ni\u015ft\u00eeman\u00ee kurd\u00ee li S\u00fbriy\u00ea","description":"\u0627\u0644\u0645\u062c\u0644\u0633 \u0627\u0644\u0648\u0637\u0646\u064a \u0627\u0644\u0643\u0648\u0631\u062f\u064a \u0641\u064a \u0633\u0648\u0631\u064a\u0627","publisher":{"@id":"https:\/\/ku.r-enks.net\/#organization"},"potentialAction":[{"@type":"SearchAction","target":{"@type":"EntryPoint","urlTemplate":"https:\/\/ku.r-enks.net\/?s={search_term_string}"},"query-input":{"@type":"PropertyValueSpecification","valueRequired":true,"valueName":"search_term_string"}}],"inLanguage":"en-GB"},{"@type":"Organization","@id":"https:\/\/ku.r-enks.net\/#organization","name":"Ragihandina Enc\u00fbmena Ni\u015ft\u00eeman\u00ee kurd\u00ee li S\u00fbriy\u00ea","url":"https:\/\/ku.r-enks.net\/","logo":{"@type":"ImageObject","inLanguage":"en-GB","@id":"https:\/\/ku.r-enks.net\/#\/schema\/logo\/image\/","url":"https:\/\/ku.r-enks.net\/wp-content\/uploads\/2025\/08\/IMG_1702.jpeg","contentUrl":"https:\/\/ku.r-enks.net\/wp-content\/uploads\/2025\/08\/IMG_1702.jpeg","width":283,"height":178,"caption":"Ragihandina Enc\u00fbmena Ni\u015ft\u00eeman\u00ee kurd\u00ee li S\u00fbriy\u00ea"},"image":{"@id":"https:\/\/ku.r-enks.net\/#\/schema\/logo\/image\/"}},{"@type":"Person","@id":"https:\/\/ku.r-enks.net\/#\/schema\/person\/b5083e97489c8f4a39ec5ef09a24d63e","name":"ferhad \u015e\u00eaxo","image":{"@type":"ImageObject","inLanguage":"en-GB","@id":"https:\/\/secure.gravatar.com\/avatar\/07bbc22fb9fb2ef801b2fbaa0aabbccce9823f175eecbf6562ba080b1c55e14a?s=96&d=mm&r=g","url":"https:\/\/secure.gravatar.com\/avatar\/07bbc22fb9fb2ef801b2fbaa0aabbccce9823f175eecbf6562ba080b1c55e14a?s=96&d=mm&r=g","contentUrl":"https:\/\/secure.gravatar.com\/avatar\/07bbc22fb9fb2ef801b2fbaa0aabbccce9823f175eecbf6562ba080b1c55e14a?s=96&d=mm&r=g","caption":"ferhad \u015e\u00eaxo"},"sameAs":["http:\/\/Ferhad"],"url":"https:\/\/ku.r-enks.net\/?author=9"}]}},"_links":{"self":[{"href":"https:\/\/ku.r-enks.net\/index.php?rest_route=\/wp\/v2\/posts\/25981","targetHints":{"allow":["GET"]}}],"collection":[{"href":"https:\/\/ku.r-enks.net\/index.php?rest_route=\/wp\/v2\/posts"}],"about":[{"href":"https:\/\/ku.r-enks.net\/index.php?rest_route=\/wp\/v2\/types\/post"}],"author":[{"embeddable":true,"href":"https:\/\/ku.r-enks.net\/index.php?rest_route=\/wp\/v2\/users\/9"}],"replies":[{"embeddable":true,"href":"https:\/\/ku.r-enks.net\/index.php?rest_route=%2Fwp%2Fv2%2Fcomments&post=25981"}],"version-history":[{"count":1,"href":"https:\/\/ku.r-enks.net\/index.php?rest_route=\/wp\/v2\/posts\/25981\/revisions"}],"predecessor-version":[{"id":25983,"href":"https:\/\/ku.r-enks.net\/index.php?rest_route=\/wp\/v2\/posts\/25981\/revisions\/25983"}],"wp:featuredmedia":[{"embeddable":true,"href":"https:\/\/ku.r-enks.net\/index.php?rest_route=\/wp\/v2\/media\/25982"}],"wp:attachment":[{"href":"https:\/\/ku.r-enks.net\/index.php?rest_route=%2Fwp%2Fv2%2Fmedia&parent=25981"}],"wp:term":[{"taxonomy":"category","embeddable":true,"href":"https:\/\/ku.r-enks.net\/index.php?rest_route=%2Fwp%2Fv2%2Fcategories&post=25981"},{"taxonomy":"post_tag","embeddable":true,"href":"https:\/\/ku.r-enks.net\/index.php?rest_route=%2Fwp%2Fv2%2Ftags&post=25981"}],"curies":[{"name":"wp","href":"https:\/\/api.w.org\/{rel}","templated":true}]}}