{"id":25971,"date":"2026-08-31T21:41:34","date_gmt":"2026-08-31T21:41:34","guid":{"rendered":"https:\/\/ku.r-enks.net\/?p=25971"},"modified":"2026-08-31T21:43:02","modified_gmt":"2026-08-31T21:43:02","slug":"mihemed-ismail-di-seminareke-siyasi-de-li-heseke-nerina-enkse-ya-ji-bo-paseroja-suriye-peskes-kir","status":"publish","type":"post","link":"https:\/\/ku.r-enks.net\/?p=25971","title":{"rendered":"MIHEMED \u00ceSMA\u00ceL DI SEM\u00ceNAREKE S\u00ceYAS\u00ce DE LI HESEK\u00ca NER\u00ceNA ENKS\u00ca YA JI BO PA\u015eEROJA S\u00dbRIY\u00ca P\u00ca\u015eK\u00ca\u015e KIR"},"content":{"rendered":"<p>MIHEMED \u00ceSMA\u00ceL DI SEM\u00ceNAREKE S\u00ceYAS\u00ce DE LI HESEK\u00ca NER\u00ceNA ENKS\u00ca YA JI BO PA\u015eEROJA S\u00dbRIY\u00ca P\u00ca\u015eK\u00ca\u015e KIR<br \/>\n\u200f<br \/>\n\u200fR\u00eaxistina Hesek\u00ea ya Partiya Demokrata Kurdistan\u00ee \u2013 S\u00fbriya (PDK-S), di roja Yek\u015fem\u00ea,30\/8\/2026 an de, sem\u00eenareke siyas\u00ee li hola xwaringeha Semerqend a li bajar\u00ea Hesek\u00ea li dar xist.<br \/>\n\u200f Sem\u00eenar ji aliy\u00ea bir\u00eaz Mihemed \u00cesma\u00eel, Sekreter\u00ea Partiy\u00ea \u00fb Serok\u00ea Enc\u00fbmena Ni\u015ft\u00eeman\u00ee ya Kurd\u00ee li S\u00fbriy\u00ea (ENKS) ve hate p\u00ea\u015fk\u00ea\u015fkirin.<br \/>\n\u200f<br \/>\n\u200f Di sem\u00eenar\u00ea de kesayetiy\u00ean siyas\u00ee, civak\u00ee, n\u00fbner\u00ean part\u00ee \u00fb r\u00eaxistin\u00ean siv\u00eel, ligel desteya Enc\u00fbmena E\u015f\u00eer\u00ean Ereb \u00fb desteya A\u015ftiya Civak\u00ee amade b\u00fbn.<br \/>\n\u200f<br \/>\n\u200fSem\u00eenar bi deqeyeke r\u00eazgirtin\u00ea ji bo giyan\u00ea \u015feh\u00eed\u00ean azadiy\u00ea \u00fb \u015feh\u00eed\u00ean Kurd \u00fb Kurdistan\u00ea, \u00fb di ser\u00ee de serok\u00ea ruhan\u00ee y\u00ea gel\u00ea Kurd, Mela Mistefa Barzan\u00ee dest p\u00ea kir.<br \/>\n\u200f<br \/>\n\u200f Pa\u015f\u00ea, bir\u00eaz Be\u015f\u00eer Ebdulqadir gotineke x\u00earhatin\u00ea ji bo amadeb\u00fby\u00ee \u00fb be\u015fdaran p\u00ea\u015fk\u00ea\u015f kir.<br \/>\n\u200f<br \/>\n\u200fMihemed \u00cesma\u00eel di axaftina xwe de bal ki\u015fand ser peywendiy\u00ean ligel hik\u00fbmeta veguh\u00eaz a S\u00fbriy\u00ea \u00fb tekez kir ku Enc\u00fbmena Ni\u015ft\u00eeman\u00ee ya Kurd\u00ee ji gava yekem a \u015fore\u015fa S\u00fbriy\u00ea ve li rex opoz\u00eesyon\u00ea cih girtiye.<br \/>\n\u200f<br \/>\n\u200f W\u00ee diyar kir ku ev helwest ji baweriyeke zexm a ji bo r\u00fbxandina rej\u00eema Esed a hilwe\u015fiyay\u00ee hatiye, \u00fb binp\u00eakirin\u00ean s\u00eestemat\u00eek, serkutkirin \u00fb zilm\u00ea ku gel\u00ea Kurd di dema \u00e7end\u00een salan de r\u00fbbir\u00fby\u00ee wan b\u00fbye, bi b\u00eer an\u00ee.<br \/>\n\u200fHer wiha, \u00cesma\u00eel destn\u00ee\u015fan kir ku Enc\u00fbmena Ni\u015ft\u00eeman\u00ee \u00eero dest\u00ea xwe ji bo diyalog \u00fb hevkariy\u00ea dir\u00eaj\u00ee hem\u00fb aliy\u00ean S\u00fbr\u00ee dike, ji ber baweriya w\u00ea ya bi parastina maf\u00ean rewa y\u00ean Kurdan \u00fb p\u00eakan\u00eena \u015firikatiyeke siyas\u00ee ya rasteq\u00een \u00fb \u00e7alak di pa\u015feroja welat de.<br \/>\n\u200f<br \/>\n\u200fW\u00ee her weha zelal kir ku n\u00fbnertiya Kurdan di Enc\u00fbmena Gel de, tev\u00ee ku hejmara wan li gor\u00ee r\u00eajeya nif\u00fbs\u00ea k\u00eam e, gaveke destp\u00eak\u00ea \u00fb rast e, l\u00ea h\u00eena negih\u015ftiye asta w\u00ea \u015firikatiya dadperwer a ku ENKS daxwaz dike<br \/>\n\u200f<br \/>\n\u200fDi heman \u00e7ar\u00e7ovey\u00ea de, \u00cesma\u00eel tekez kir ku Enc\u00fbmen d\u00ea xebata xwe ya a\u015ftiyane, siyas\u00ee \u00fb d\u00eeplomat\u00eek ji \u015eam\u00ea berdewam bike, bi armanca \u00e7espandina maf\u00ean dest\u00fbr\u00ee y\u00ean gel\u00ea Kurd.<br \/>\n\u200f<br \/>\n\u200fW\u00ee diyar kir ku ew \u00ea kar bikin ji bo rastkirina w\u00ea w\u00eaneya \u015fa\u015f a ku rej\u00eema ber\u00ea li ser Kurdan \u00e7andib\u00fb, ew nex\u015fer\u00ea j\u00ee bi r\u00eaya naskirina civaka S\u00fbriy\u00ea bi maf, d\u00eerok \u00fb nasnameya wan a ni\u015ft\u00eeman\u00ee p\u00eakan e.<br \/>\n\u200f<br \/>\n\u200fDerbar\u00ea dosyaya yekr\u00eaziya Kurd\u00ee de, \u00cesma\u00eel bal ki\u015fand ser heb\u00fbna aliyek\u00ee din \u00ea Kurd\u00ee ku bi awayek\u00ee ner\u00ean\u00ee n\u00eaz\u00eek\u00ee ENKS\u00ea b\u00fbye, \u00fb ev yek b\u00fbye sedema windakirina baweriy\u00ea ji ber binp\u00eakirin\u00ean dubare y\u00ean li ser peyman\u00ean hatine \u00eemzekirin.<br \/>\n\u200f<br \/>\n\u200fTev\u00ee v\u00ea yek\u00ea j\u00ee, w\u00ee n\u00fb kir ku ENKS\u00ea tu car\u00ee nabe destp\u00eaker\u00ea qutb\u00fbn\u00ea \u00fb d\u00ea li p\u00ea\u015fber\u00ee her hewleke ku xizmeta doza Kurd\u00ee dike vekir\u00ee bim\u00eene, her weha an\u00ee ziman ku aliy\u00ea din \u015fans\u00ean z\u00ear\u00een ji bo p\u00eakan\u00eena yek\u00eetiy\u00ea ji dest dane.<br \/>\n\u200f<br \/>\n\u200f\u00cesma\u00eel helwesta Enc\u00fbmen\u00ea ya li ser dosyaya &#8220;Yekb\u00fbn\u00ea&#8221; (Tevl\u00eeb\u00fbn\u00ea) nirxand \u00fb r\u00fbn kir ku Enc\u00fbmen pi\u015ftgira v\u00ea bijardey\u00ea b\u00fb, ji ber ku bawer dikir ku &#8220;R\u00eaveberiya Xweser&#8221; \u00fb &#8220;H\u00eaz\u00ean S\u00fbriya Demokrat\u00eek&#8221; (HSD) ne gir\u00eaday\u00ee doza netewey\u00ee ya Kurdan in.<br \/>\n\u200f L\u00ea bel\u00ea, w\u00ee destn\u00ee\u015fan kir ku v\u00ea tevl\u00eeb\u00fbn\u00ea tu encam\u00ean bingeh\u00een \u00ean ku xizmeta maf\u00ean gel\u00ea Kurd bikin bi dest nexistine, ji bil\u00ee dabe\u015fkirina hinek postan ku wek\u00ee maf\u00ean gel nay\u00ean hesibandin.<br \/>\n\u200fW\u00ee h\u00eav\u00ee xwest ku ev p\u00eavajo di pa\u015feroj\u00ea de bibe sedema afirandina j\u00eengeheke guncav ji bo peydakirina fersend\u00ean kar \u00ean adil ji bo kes\u00ean xwedan \u015fiyan, \u00fb parastina taybetmendiya Kurd\u00ee di \u00e7ar\u00e7oveya yekb\u00fbna S\u00fbriy\u00ea de.<br \/>\n\u200f\u00cesma\u00eel da zan\u00een ku Enc\u00fbmena Ni\u015ft\u00eeman\u00ee ya Kurd\u00ee (ENKS) destkeftiyeke d\u00eerok\u00ee ye ji bo gel\u00ea Kurd li S\u00fbriy\u00ea, \u00fb tu car\u00ee ser\u00ee li ber ajenday\u00ean derve netewandiye, b\u00eatir\u00ee v\u00ea yek\u00ea bi dest\u00ean paqij di hem\u00fb qadan de t\u00eako\u015fiyaye.<br \/>\n\u200f W\u00ee got ku Enc\u00fbmen\u00ea xwe sipartib\u00fb peywendiy\u00ean xwe y\u00ean bih\u00eaz ligel p\u00eakhatey\u00ean S\u00fbriy\u00ea, h\u00eaz\u00ean her\u00eam\u00ee, navdewlet\u00ee \u00fb civaka xwe ya her\u00eam\u00ee, tev\u00ee hem\u00fb zext \u00fb binp\u00eakirin\u00ean ku r\u00fbbir\u00fby\u00ee wan b\u00fbb\u00fb.<br \/>\n\u200f<br \/>\n\u200fDi axaftina xwe ya li ser Partiya Demokrata Kurdistan\u00ee \u2013 S\u00fbriya (PDK-S) de, \u00cesma\u00eel tekez kir ku part\u00ee li ser bingeha projeyeke netewey\u00ee ya Kurd\u00ee dime\u015fe \u00fb xwedan bingeheke cemawer\u00ee ya berfireh e. W\u00ee an\u00ee ziman ku part\u00ee li ser r\u00eabaza Barzaniy\u00ea Nemir dime\u015fe, y\u00ea ku m\u00eenaka her\u00ee rasteq\u00een a parastina maf\u00ean gel\u00ea Kurd li her der\u00ea n\u00ee\u015fan dab\u00fb.<br \/>\n\u200f<br \/>\n\u200fDi dawiya sem\u00eenar\u00ea de, dergeh\u00ea n\u00eeqa\u015f \u00fb pirsan hate vekirin, \u00fb Mihemed \u00cesma\u00eel bi berfireh\u00ee bersiva hem\u00fb pirs \u00fb d\u00eetinan da, \u00fb n\u00ear\u00een \u00fb r\u00fbnakiy\u00ean xwe li ser mijar \u00fb dosyay\u00ean cuda p\u00ea\u015fk\u00ea\u015f kirin.<br \/>\n\u200f<img decoding=\"async\" class=\"alignnone size-medium wp-image-25972\" src=\"https:\/\/ku.r-enks.net\/wp-content\/uploads\/2026\/08\/6a080931-deec-47d9-99db-b49f4bc9224e-300x207.jpeg\" alt=\"\" width=\"300\" height=\"207\" srcset=\"https:\/\/ku.r-enks.net\/wp-content\/uploads\/2026\/08\/6a080931-deec-47d9-99db-b49f4bc9224e-300x207.jpeg 300w, https:\/\/ku.r-enks.net\/wp-content\/uploads\/2026\/08\/6a080931-deec-47d9-99db-b49f4bc9224e-1024x706.jpeg 1024w, https:\/\/ku.r-enks.net\/wp-content\/uploads\/2026\/08\/6a080931-deec-47d9-99db-b49f4bc9224e-768x530.jpeg 768w, https:\/\/ku.r-enks.net\/wp-content\/uploads\/2026\/08\/6a080931-deec-47d9-99db-b49f4bc9224e-1536x1060.jpeg 1536w, https:\/\/ku.r-enks.net\/wp-content\/uploads\/2026\/08\/6a080931-deec-47d9-99db-b49f4bc9224e-2048x1413.jpeg 2048w, https:\/\/ku.r-enks.net\/wp-content\/uploads\/2026\/08\/6a080931-deec-47d9-99db-b49f4bc9224e-750x517.jpeg 750w, https:\/\/ku.r-enks.net\/wp-content\/uploads\/2026\/08\/6a080931-deec-47d9-99db-b49f4bc9224e-1140x786.jpeg 1140w\" sizes=\"(max-width: 300px) 100vw, 300px\" \/> <img decoding=\"async\" class=\"alignnone size-medium wp-image-25973\" src=\"https:\/\/ku.r-enks.net\/wp-content\/uploads\/2026\/08\/2d702a68-6f89-4fc7-9a8d-56df8003f279-300x168.jpeg\" alt=\"\" width=\"300\" height=\"168\" srcset=\"https:\/\/ku.r-enks.net\/wp-content\/uploads\/2026\/08\/2d702a68-6f89-4fc7-9a8d-56df8003f279-300x168.jpeg 300w, https:\/\/ku.r-enks.net\/wp-content\/uploads\/2026\/08\/2d702a68-6f89-4fc7-9a8d-56df8003f279-1024x572.jpeg 1024w, https:\/\/ku.r-enks.net\/wp-content\/uploads\/2026\/08\/2d702a68-6f89-4fc7-9a8d-56df8003f279-768x429.jpeg 768w, https:\/\/ku.r-enks.net\/wp-content\/uploads\/2026\/08\/2d702a68-6f89-4fc7-9a8d-56df8003f279-1536x859.jpeg 1536w, https:\/\/ku.r-enks.net\/wp-content\/uploads\/2026\/08\/2d702a68-6f89-4fc7-9a8d-56df8003f279-2048x1145.jpeg 2048w, https:\/\/ku.r-enks.net\/wp-content\/uploads\/2026\/08\/2d702a68-6f89-4fc7-9a8d-56df8003f279-750x419.jpeg 750w, https:\/\/ku.r-enks.net\/wp-content\/uploads\/2026\/08\/2d702a68-6f89-4fc7-9a8d-56df8003f279-1140x637.jpeg 1140w\" sizes=\"(max-width: 300px) 100vw, 300px\" \/> <img decoding=\"async\" class=\"alignnone size-medium wp-image-25974\" src=\"https:\/\/ku.r-enks.net\/wp-content\/uploads\/2026\/08\/8c3d4127-b5fc-47c3-ba51-861ca2276489-300x167.jpeg\" alt=\"\" width=\"300\" height=\"167\" srcset=\"https:\/\/ku.r-enks.net\/wp-content\/uploads\/2026\/08\/8c3d4127-b5fc-47c3-ba51-861ca2276489-300x167.jpeg 300w, https:\/\/ku.r-enks.net\/wp-content\/uploads\/2026\/08\/8c3d4127-b5fc-47c3-ba51-861ca2276489-1024x571.jpeg 1024w, https:\/\/ku.r-enks.net\/wp-content\/uploads\/2026\/08\/8c3d4127-b5fc-47c3-ba51-861ca2276489-768x428.jpeg 768w, https:\/\/ku.r-enks.net\/wp-content\/uploads\/2026\/08\/8c3d4127-b5fc-47c3-ba51-861ca2276489-1536x857.jpeg 1536w, https:\/\/ku.r-enks.net\/wp-content\/uploads\/2026\/08\/8c3d4127-b5fc-47c3-ba51-861ca2276489-2048x1142.jpeg 2048w, https:\/\/ku.r-enks.net\/wp-content\/uploads\/2026\/08\/8c3d4127-b5fc-47c3-ba51-861ca2276489-750x418.jpeg 750w, https:\/\/ku.r-enks.net\/wp-content\/uploads\/2026\/08\/8c3d4127-b5fc-47c3-ba51-861ca2276489-1140x636.jpeg 1140w\" sizes=\"(max-width: 300px) 100vw, 300px\" \/> <img decoding=\"async\" class=\"alignnone size-medium wp-image-25975\" src=\"https:\/\/ku.r-enks.net\/wp-content\/uploads\/2026\/08\/389fa1dc-1d3a-4f18-be4a-ee6d427aff61-300x182.jpeg\" alt=\"\" width=\"300\" height=\"182\" srcset=\"https:\/\/ku.r-enks.net\/wp-content\/uploads\/2026\/08\/389fa1dc-1d3a-4f18-be4a-ee6d427aff61-300x182.jpeg 300w, https:\/\/ku.r-enks.net\/wp-content\/uploads\/2026\/08\/389fa1dc-1d3a-4f18-be4a-ee6d427aff61-1024x621.jpeg 1024w, https:\/\/ku.r-enks.net\/wp-content\/uploads\/2026\/08\/389fa1dc-1d3a-4f18-be4a-ee6d427aff61-768x466.jpeg 768w, https:\/\/ku.r-enks.net\/wp-content\/uploads\/2026\/08\/389fa1dc-1d3a-4f18-be4a-ee6d427aff61-1536x932.jpeg 1536w, https:\/\/ku.r-enks.net\/wp-content\/uploads\/2026\/08\/389fa1dc-1d3a-4f18-be4a-ee6d427aff61-2048x1242.jpeg 2048w, https:\/\/ku.r-enks.net\/wp-content\/uploads\/2026\/08\/389fa1dc-1d3a-4f18-be4a-ee6d427aff61-750x455.jpeg 750w, https:\/\/ku.r-enks.net\/wp-content\/uploads\/2026\/08\/389fa1dc-1d3a-4f18-be4a-ee6d427aff61-1140x692.jpeg 1140w\" sizes=\"(max-width: 300px) 100vw, 300px\" \/> <img decoding=\"async\" class=\"alignnone size-medium wp-image-25976\" src=\"https:\/\/ku.r-enks.net\/wp-content\/uploads\/2026\/08\/ac151efe-65b7-4972-9cc6-8e59ed8209a2-300x189.jpeg\" alt=\"\" width=\"300\" height=\"189\" srcset=\"https:\/\/ku.r-enks.net\/wp-content\/uploads\/2026\/08\/ac151efe-65b7-4972-9cc6-8e59ed8209a2-300x189.jpeg 300w, https:\/\/ku.r-enks.net\/wp-content\/uploads\/2026\/08\/ac151efe-65b7-4972-9cc6-8e59ed8209a2-1024x647.jpeg 1024w, https:\/\/ku.r-enks.net\/wp-content\/uploads\/2026\/08\/ac151efe-65b7-4972-9cc6-8e59ed8209a2-768x485.jpeg 768w, https:\/\/ku.r-enks.net\/wp-content\/uploads\/2026\/08\/ac151efe-65b7-4972-9cc6-8e59ed8209a2-1536x970.jpeg 1536w, https:\/\/ku.r-enks.net\/wp-content\/uploads\/2026\/08\/ac151efe-65b7-4972-9cc6-8e59ed8209a2-2048x1294.jpeg 2048w, https:\/\/ku.r-enks.net\/wp-content\/uploads\/2026\/08\/ac151efe-65b7-4972-9cc6-8e59ed8209a2-750x474.jpeg 750w, https:\/\/ku.r-enks.net\/wp-content\/uploads\/2026\/08\/ac151efe-65b7-4972-9cc6-8e59ed8209a2-1140x720.jpeg 1140w\" sizes=\"(max-width: 300px) 100vw, 300px\" \/><br \/>\n\u200f<br \/>\n\u200fRagihandina ENKS\u00ea<br \/>\n\u200fRapor: El\u00ee Fetah<\/p>\n","protected":false},"excerpt":{"rendered":"<p>MIHEMED \u00ceSMA\u00ceL DI SEM\u00ceNAREKE S\u00ceYAS\u00ce DE LI HESEK\u00ca NER\u00ceNA ENKS\u00ca YA JI BO PA\u015eEROJA S\u00dbRIY\u00ca P\u00ca\u015eK\u00ca\u015e KIR \u200f \u200fR\u00eaxistina Hesek\u00ea ya Partiya Demokrata Kurdistan\u00ee \u2013 S\u00fbriya (PDK-S), di roja Yek\u015fem\u00ea,30\/8\/2026 an de, sem\u00eenareke siyas\u00ee li hola xwaringeha Semerqend a li bajar\u00ea Hesek\u00ea li dar xist. \u200f Sem\u00eenar ji aliy\u00ea bir\u00eaz Mihemed \u00cesma\u00eel, Sekreter\u00ea Partiy\u00ea \u00fb [&hellip;]<\/p>\n","protected":false},"author":9,"featured_media":25976,"comment_status":"open","ping_status":"open","sticky":false,"template":"","format":"standard","meta":{"jnews-multi-image_gallery":[],"jnews_single_post":[],"jnews_primary_category":[],"jnews_override_counter":[],"footnotes":""},"categories":[64,43,39,58,38,47],"tags":[],"class_list":["post-25971","post","type-post","status-publish","format-standard","has-post-thumbnail","hentry","category-breaking-news","category-calaki","category-nuce","category-nuceyen-bilez","category-nuceyen-kurdistani","category-raporen-taybet"],"yoast_head":"<!-- This site is optimized with the Yoast SEO plugin v28.3 - https:\/\/yoast.com\/product\/yoast-seo-wordpress\/ -->\n<title>MIHEMED \u00ceSMA\u00ceL DI SEM\u00ceNAREKE S\u00ceYAS\u00ce DE LI HESEK\u00ca NER\u00ceNA ENKS\u00ca YA JI BO PA\u015eEROJA S\u00dbRIY\u00ca P\u00ca\u015eK\u00ca\u015e KIR - Ragihandina Enc\u00fbmena Ni\u015ft\u00eeman\u00ee kurd\u00ee li S\u00fbriy\u00ea<\/title>\n<meta name=\"robots\" content=\"index, follow, max-snippet:-1, max-image-preview:large, max-video-preview:-1\" \/>\n<link rel=\"canonical\" href=\"https:\/\/ku.r-enks.net\/?p=25971\" \/>\n<meta property=\"og:locale\" content=\"en_GB\" \/>\n<meta property=\"og:type\" content=\"article\" \/>\n<meta property=\"og:title\" content=\"MIHEMED \u00ceSMA\u00ceL DI SEM\u00ceNAREKE S\u00ceYAS\u00ce DE LI HESEK\u00ca NER\u00ceNA ENKS\u00ca YA JI BO PA\u015eEROJA S\u00dbRIY\u00ca P\u00ca\u015eK\u00ca\u015e KIR - Ragihandina Enc\u00fbmena Ni\u015ft\u00eeman\u00ee kurd\u00ee li S\u00fbriy\u00ea\" \/>\n<meta property=\"og:description\" content=\"MIHEMED \u00ceSMA\u00ceL DI SEM\u00ceNAREKE S\u00ceYAS\u00ce DE LI HESEK\u00ca NER\u00ceNA ENKS\u00ca YA JI BO PA\u015eEROJA S\u00dbRIY\u00ca P\u00ca\u015eK\u00ca\u015e KIR \u200f \u200fR\u00eaxistina Hesek\u00ea ya Partiya Demokrata Kurdistan\u00ee \u2013 S\u00fbriya (PDK-S), di roja Yek\u015fem\u00ea,30\/8\/2026 an de, sem\u00eenareke siyas\u00ee li hola xwaringeha Semerqend a li bajar\u00ea Hesek\u00ea li dar xist. \u200f Sem\u00eenar ji aliy\u00ea bir\u00eaz Mihemed \u00cesma\u00eel, Sekreter\u00ea Partiy\u00ea \u00fb [&hellip;]\" \/>\n<meta property=\"og:url\" content=\"https:\/\/ku.r-enks.net\/?p=25971\" \/>\n<meta property=\"og:site_name\" content=\"Ragihandina Enc\u00fbmena Ni\u015ft\u00eeman\u00ee kurd\u00ee li S\u00fbriy\u00ea\" \/>\n<meta property=\"article:published_time\" content=\"2026-08-31T21:41:34+00:00\" \/>\n<meta property=\"article:modified_time\" content=\"2026-08-31T21:43:02+00:00\" \/>\n<meta property=\"og:image\" content=\"https:\/\/ku.r-enks.net\/wp-content\/uploads\/2026\/08\/ac151efe-65b7-4972-9cc6-8e59ed8209a2.jpeg\" \/>\n\t<meta property=\"og:image:width\" content=\"2560\" \/>\n\t<meta property=\"og:image:height\" content=\"1617\" \/>\n\t<meta property=\"og:image:type\" content=\"image\/jpeg\" \/>\n<meta name=\"author\" content=\"ferhad \u015e\u00eaxo\" \/>\n<meta name=\"twitter:card\" content=\"summary_large_image\" \/>\n<meta name=\"twitter:label1\" content=\"Written by\" \/>\n\t<meta name=\"twitter:data1\" content=\"ferhad \u015e\u00eaxo\" \/>\n\t<meta name=\"twitter:label2\" content=\"Estimated reading time\" \/>\n\t<meta name=\"twitter:data2\" content=\"5 minutes\" \/>\n<script type=\"application\/ld+json\" class=\"yoast-schema-graph\">{\"@context\":\"https:\\\/\\\/schema.org\",\"@graph\":[{\"@type\":\"Article\",\"@id\":\"https:\\\/\\\/ku.r-enks.net\\\/?p=25971#article\",\"isPartOf\":{\"@id\":\"https:\\\/\\\/ku.r-enks.net\\\/?p=25971\"},\"author\":{\"name\":\"ferhad \u015e\u00eaxo\",\"@id\":\"https:\\\/\\\/ku.r-enks.net\\\/#\\\/schema\\\/person\\\/b5083e97489c8f4a39ec5ef09a24d63e\"},\"headline\":\"MIHEMED \u00ceSMA\u00ceL DI SEM\u00ceNAREKE S\u00ceYAS\u00ce DE LI HESEK\u00ca NER\u00ceNA ENKS\u00ca YA JI BO PA\u015eEROJA S\u00dbRIY\u00ca P\u00ca\u015eK\u00ca\u015e KIR\",\"datePublished\":\"2026-08-31T21:41:34+00:00\",\"dateModified\":\"2026-08-31T21:43:02+00:00\",\"mainEntityOfPage\":{\"@id\":\"https:\\\/\\\/ku.r-enks.net\\\/?p=25971\"},\"wordCount\":905,\"commentCount\":0,\"publisher\":{\"@id\":\"https:\\\/\\\/ku.r-enks.net\\\/#organization\"},\"image\":{\"@id\":\"https:\\\/\\\/ku.r-enks.net\\\/?p=25971#primaryimage\"},\"thumbnailUrl\":\"https:\\\/\\\/ku.r-enks.net\\\/wp-content\\\/uploads\\\/2026\\\/08\\\/ac151efe-65b7-4972-9cc6-8e59ed8209a2.jpeg\",\"articleSection\":[\"Breaking news\",\"\u00c7alak\u00ee\",\"N\u00fb\u00e7e\",\"N\u00fb\u00e7ey\u00ean Bilez\",\"N\u00fb\u00e7ey\u00ean Kurdistan\u00ee\",\"Rapor\u00ean Taybet\"],\"inLanguage\":\"en-GB\",\"potentialAction\":[{\"@type\":\"CommentAction\",\"name\":\"Comment\",\"target\":[\"https:\\\/\\\/ku.r-enks.net\\\/?p=25971#respond\"]}]},{\"@type\":\"WebPage\",\"@id\":\"https:\\\/\\\/ku.r-enks.net\\\/?p=25971\",\"url\":\"https:\\\/\\\/ku.r-enks.net\\\/?p=25971\",\"name\":\"MIHEMED \u00ceSMA\u00ceL DI SEM\u00ceNAREKE S\u00ceYAS\u00ce DE LI HESEK\u00ca NER\u00ceNA ENKS\u00ca YA JI BO PA\u015eEROJA S\u00dbRIY\u00ca P\u00ca\u015eK\u00ca\u015e KIR - Ragihandina Enc\u00fbmena Ni\u015ft\u00eeman\u00ee kurd\u00ee li S\u00fbriy\u00ea\",\"isPartOf\":{\"@id\":\"https:\\\/\\\/ku.r-enks.net\\\/#website\"},\"primaryImageOfPage\":{\"@id\":\"https:\\\/\\\/ku.r-enks.net\\\/?p=25971#primaryimage\"},\"image\":{\"@id\":\"https:\\\/\\\/ku.r-enks.net\\\/?p=25971#primaryimage\"},\"thumbnailUrl\":\"https:\\\/\\\/ku.r-enks.net\\\/wp-content\\\/uploads\\\/2026\\\/08\\\/ac151efe-65b7-4972-9cc6-8e59ed8209a2.jpeg\",\"datePublished\":\"2026-08-31T21:41:34+00:00\",\"dateModified\":\"2026-08-31T21:43:02+00:00\",\"breadcrumb\":{\"@id\":\"https:\\\/\\\/ku.r-enks.net\\\/?p=25971#breadcrumb\"},\"inLanguage\":\"en-GB\",\"potentialAction\":[{\"@type\":\"ReadAction\",\"target\":[\"https:\\\/\\\/ku.r-enks.net\\\/?p=25971\"]}]},{\"@type\":\"ImageObject\",\"inLanguage\":\"en-GB\",\"@id\":\"https:\\\/\\\/ku.r-enks.net\\\/?p=25971#primaryimage\",\"url\":\"https:\\\/\\\/ku.r-enks.net\\\/wp-content\\\/uploads\\\/2026\\\/08\\\/ac151efe-65b7-4972-9cc6-8e59ed8209a2.jpeg\",\"contentUrl\":\"https:\\\/\\\/ku.r-enks.net\\\/wp-content\\\/uploads\\\/2026\\\/08\\\/ac151efe-65b7-4972-9cc6-8e59ed8209a2.jpeg\",\"width\":2560,\"height\":1617},{\"@type\":\"BreadcrumbList\",\"@id\":\"https:\\\/\\\/ku.r-enks.net\\\/?p=25971#breadcrumb\",\"itemListElement\":[{\"@type\":\"ListItem\",\"position\":1,\"name\":\"Home\",\"item\":\"https:\\\/\\\/ku.r-enks.net\\\/\"},{\"@type\":\"ListItem\",\"position\":2,\"name\":\"MIHEMED \u00ceSMA\u00ceL DI SEM\u00ceNAREKE S\u00ceYAS\u00ce DE LI HESEK\u00ca NER\u00ceNA ENKS\u00ca YA JI BO PA\u015eEROJA S\u00dbRIY\u00ca P\u00ca\u015eK\u00ca\u015e KIR\"}]},{\"@type\":\"WebSite\",\"@id\":\"https:\\\/\\\/ku.r-enks.net\\\/#website\",\"url\":\"https:\\\/\\\/ku.r-enks.net\\\/\",\"name\":\"Ragihandina Enc\u00fbmena Ni\u015ft\u00eeman\u00ee kurd\u00ee li S\u00fbriy\u00ea\",\"description\":\"\u0627\u0644\u0645\u062c\u0644\u0633 \u0627\u0644\u0648\u0637\u0646\u064a \u0627\u0644\u0643\u0648\u0631\u062f\u064a \u0641\u064a \u0633\u0648\u0631\u064a\u0627\",\"publisher\":{\"@id\":\"https:\\\/\\\/ku.r-enks.net\\\/#organization\"},\"potentialAction\":[{\"@type\":\"SearchAction\",\"target\":{\"@type\":\"EntryPoint\",\"urlTemplate\":\"https:\\\/\\\/ku.r-enks.net\\\/?s={search_term_string}\"},\"query-input\":{\"@type\":\"PropertyValueSpecification\",\"valueRequired\":true,\"valueName\":\"search_term_string\"}}],\"inLanguage\":\"en-GB\"},{\"@type\":\"Organization\",\"@id\":\"https:\\\/\\\/ku.r-enks.net\\\/#organization\",\"name\":\"Ragihandina Enc\u00fbmena Ni\u015ft\u00eeman\u00ee kurd\u00ee li S\u00fbriy\u00ea\",\"url\":\"https:\\\/\\\/ku.r-enks.net\\\/\",\"logo\":{\"@type\":\"ImageObject\",\"inLanguage\":\"en-GB\",\"@id\":\"https:\\\/\\\/ku.r-enks.net\\\/#\\\/schema\\\/logo\\\/image\\\/\",\"url\":\"https:\\\/\\\/ku.r-enks.net\\\/wp-content\\\/uploads\\\/2025\\\/08\\\/IMG_1702.jpeg\",\"contentUrl\":\"https:\\\/\\\/ku.r-enks.net\\\/wp-content\\\/uploads\\\/2025\\\/08\\\/IMG_1702.jpeg\",\"width\":283,\"height\":178,\"caption\":\"Ragihandina Enc\u00fbmena Ni\u015ft\u00eeman\u00ee kurd\u00ee li S\u00fbriy\u00ea\"},\"image\":{\"@id\":\"https:\\\/\\\/ku.r-enks.net\\\/#\\\/schema\\\/logo\\\/image\\\/\"}},{\"@type\":\"Person\",\"@id\":\"https:\\\/\\\/ku.r-enks.net\\\/#\\\/schema\\\/person\\\/b5083e97489c8f4a39ec5ef09a24d63e\",\"name\":\"ferhad \u015e\u00eaxo\",\"image\":{\"@type\":\"ImageObject\",\"inLanguage\":\"en-GB\",\"@id\":\"https:\\\/\\\/secure.gravatar.com\\\/avatar\\\/07bbc22fb9fb2ef801b2fbaa0aabbccce9823f175eecbf6562ba080b1c55e14a?s=96&d=mm&r=g\",\"url\":\"https:\\\/\\\/secure.gravatar.com\\\/avatar\\\/07bbc22fb9fb2ef801b2fbaa0aabbccce9823f175eecbf6562ba080b1c55e14a?s=96&d=mm&r=g\",\"contentUrl\":\"https:\\\/\\\/secure.gravatar.com\\\/avatar\\\/07bbc22fb9fb2ef801b2fbaa0aabbccce9823f175eecbf6562ba080b1c55e14a?s=96&d=mm&r=g\",\"caption\":\"ferhad \u015e\u00eaxo\"},\"sameAs\":[\"http:\\\/\\\/Ferhad\"],\"url\":\"https:\\\/\\\/ku.r-enks.net\\\/?author=9\"}]}<\/script>\n<!-- \/ Yoast SEO plugin. -->","yoast_head_json":{"title":"MIHEMED \u00ceSMA\u00ceL DI SEM\u00ceNAREKE S\u00ceYAS\u00ce DE LI HESEK\u00ca NER\u00ceNA ENKS\u00ca YA JI BO PA\u015eEROJA S\u00dbRIY\u00ca P\u00ca\u015eK\u00ca\u015e KIR - Ragihandina Enc\u00fbmena Ni\u015ft\u00eeman\u00ee kurd\u00ee li S\u00fbriy\u00ea","robots":{"index":"index","follow":"follow","max-snippet":"max-snippet:-1","max-image-preview":"max-image-preview:large","max-video-preview":"max-video-preview:-1"},"canonical":"https:\/\/ku.r-enks.net\/?p=25971","og_locale":"en_GB","og_type":"article","og_title":"MIHEMED \u00ceSMA\u00ceL DI SEM\u00ceNAREKE S\u00ceYAS\u00ce DE LI HESEK\u00ca NER\u00ceNA ENKS\u00ca YA JI BO PA\u015eEROJA S\u00dbRIY\u00ca P\u00ca\u015eK\u00ca\u015e KIR - Ragihandina Enc\u00fbmena Ni\u015ft\u00eeman\u00ee kurd\u00ee li S\u00fbriy\u00ea","og_description":"MIHEMED \u00ceSMA\u00ceL DI SEM\u00ceNAREKE S\u00ceYAS\u00ce DE LI HESEK\u00ca NER\u00ceNA ENKS\u00ca YA JI BO PA\u015eEROJA S\u00dbRIY\u00ca P\u00ca\u015eK\u00ca\u015e KIR \u200f \u200fR\u00eaxistina Hesek\u00ea ya Partiya Demokrata Kurdistan\u00ee \u2013 S\u00fbriya (PDK-S), di roja Yek\u015fem\u00ea,30\/8\/2026 an de, sem\u00eenareke siyas\u00ee li hola xwaringeha Semerqend a li bajar\u00ea Hesek\u00ea li dar xist. \u200f Sem\u00eenar ji aliy\u00ea bir\u00eaz Mihemed \u00cesma\u00eel, Sekreter\u00ea Partiy\u00ea \u00fb [&hellip;]","og_url":"https:\/\/ku.r-enks.net\/?p=25971","og_site_name":"Ragihandina Enc\u00fbmena Ni\u015ft\u00eeman\u00ee kurd\u00ee li S\u00fbriy\u00ea","article_published_time":"2026-08-31T21:41:34+00:00","article_modified_time":"2026-08-31T21:43:02+00:00","og_image":[{"width":2560,"height":1617,"url":"https:\/\/ku.r-enks.net\/wp-content\/uploads\/2026\/08\/ac151efe-65b7-4972-9cc6-8e59ed8209a2.jpeg","type":"image\/jpeg"}],"author":"ferhad \u015e\u00eaxo","twitter_card":"summary_large_image","twitter_misc":{"Written by":"ferhad \u015e\u00eaxo","Estimated reading time":"5 minutes"},"schema":{"@context":"https:\/\/schema.org","@graph":[{"@type":"Article","@id":"https:\/\/ku.r-enks.net\/?p=25971#article","isPartOf":{"@id":"https:\/\/ku.r-enks.net\/?p=25971"},"author":{"name":"ferhad \u015e\u00eaxo","@id":"https:\/\/ku.r-enks.net\/#\/schema\/person\/b5083e97489c8f4a39ec5ef09a24d63e"},"headline":"MIHEMED \u00ceSMA\u00ceL DI SEM\u00ceNAREKE S\u00ceYAS\u00ce DE LI HESEK\u00ca NER\u00ceNA ENKS\u00ca YA JI BO PA\u015eEROJA S\u00dbRIY\u00ca P\u00ca\u015eK\u00ca\u015e KIR","datePublished":"2026-08-31T21:41:34+00:00","dateModified":"2026-08-31T21:43:02+00:00","mainEntityOfPage":{"@id":"https:\/\/ku.r-enks.net\/?p=25971"},"wordCount":905,"commentCount":0,"publisher":{"@id":"https:\/\/ku.r-enks.net\/#organization"},"image":{"@id":"https:\/\/ku.r-enks.net\/?p=25971#primaryimage"},"thumbnailUrl":"https:\/\/ku.r-enks.net\/wp-content\/uploads\/2026\/08\/ac151efe-65b7-4972-9cc6-8e59ed8209a2.jpeg","articleSection":["Breaking news","\u00c7alak\u00ee","N\u00fb\u00e7e","N\u00fb\u00e7ey\u00ean Bilez","N\u00fb\u00e7ey\u00ean Kurdistan\u00ee","Rapor\u00ean Taybet"],"inLanguage":"en-GB","potentialAction":[{"@type":"CommentAction","name":"Comment","target":["https:\/\/ku.r-enks.net\/?p=25971#respond"]}]},{"@type":"WebPage","@id":"https:\/\/ku.r-enks.net\/?p=25971","url":"https:\/\/ku.r-enks.net\/?p=25971","name":"MIHEMED \u00ceSMA\u00ceL DI SEM\u00ceNAREKE S\u00ceYAS\u00ce DE LI HESEK\u00ca NER\u00ceNA ENKS\u00ca YA JI BO PA\u015eEROJA S\u00dbRIY\u00ca P\u00ca\u015eK\u00ca\u015e KIR - Ragihandina Enc\u00fbmena Ni\u015ft\u00eeman\u00ee kurd\u00ee li S\u00fbriy\u00ea","isPartOf":{"@id":"https:\/\/ku.r-enks.net\/#website"},"primaryImageOfPage":{"@id":"https:\/\/ku.r-enks.net\/?p=25971#primaryimage"},"image":{"@id":"https:\/\/ku.r-enks.net\/?p=25971#primaryimage"},"thumbnailUrl":"https:\/\/ku.r-enks.net\/wp-content\/uploads\/2026\/08\/ac151efe-65b7-4972-9cc6-8e59ed8209a2.jpeg","datePublished":"2026-08-31T21:41:34+00:00","dateModified":"2026-08-31T21:43:02+00:00","breadcrumb":{"@id":"https:\/\/ku.r-enks.net\/?p=25971#breadcrumb"},"inLanguage":"en-GB","potentialAction":[{"@type":"ReadAction","target":["https:\/\/ku.r-enks.net\/?p=25971"]}]},{"@type":"ImageObject","inLanguage":"en-GB","@id":"https:\/\/ku.r-enks.net\/?p=25971#primaryimage","url":"https:\/\/ku.r-enks.net\/wp-content\/uploads\/2026\/08\/ac151efe-65b7-4972-9cc6-8e59ed8209a2.jpeg","contentUrl":"https:\/\/ku.r-enks.net\/wp-content\/uploads\/2026\/08\/ac151efe-65b7-4972-9cc6-8e59ed8209a2.jpeg","width":2560,"height":1617},{"@type":"BreadcrumbList","@id":"https:\/\/ku.r-enks.net\/?p=25971#breadcrumb","itemListElement":[{"@type":"ListItem","position":1,"name":"Home","item":"https:\/\/ku.r-enks.net\/"},{"@type":"ListItem","position":2,"name":"MIHEMED \u00ceSMA\u00ceL DI SEM\u00ceNAREKE S\u00ceYAS\u00ce DE LI HESEK\u00ca NER\u00ceNA ENKS\u00ca YA JI BO PA\u015eEROJA S\u00dbRIY\u00ca P\u00ca\u015eK\u00ca\u015e KIR"}]},{"@type":"WebSite","@id":"https:\/\/ku.r-enks.net\/#website","url":"https:\/\/ku.r-enks.net\/","name":"Ragihandina Enc\u00fbmena Ni\u015ft\u00eeman\u00ee kurd\u00ee li S\u00fbriy\u00ea","description":"\u0627\u0644\u0645\u062c\u0644\u0633 \u0627\u0644\u0648\u0637\u0646\u064a \u0627\u0644\u0643\u0648\u0631\u062f\u064a \u0641\u064a \u0633\u0648\u0631\u064a\u0627","publisher":{"@id":"https:\/\/ku.r-enks.net\/#organization"},"potentialAction":[{"@type":"SearchAction","target":{"@type":"EntryPoint","urlTemplate":"https:\/\/ku.r-enks.net\/?s={search_term_string}"},"query-input":{"@type":"PropertyValueSpecification","valueRequired":true,"valueName":"search_term_string"}}],"inLanguage":"en-GB"},{"@type":"Organization","@id":"https:\/\/ku.r-enks.net\/#organization","name":"Ragihandina Enc\u00fbmena Ni\u015ft\u00eeman\u00ee kurd\u00ee li S\u00fbriy\u00ea","url":"https:\/\/ku.r-enks.net\/","logo":{"@type":"ImageObject","inLanguage":"en-GB","@id":"https:\/\/ku.r-enks.net\/#\/schema\/logo\/image\/","url":"https:\/\/ku.r-enks.net\/wp-content\/uploads\/2025\/08\/IMG_1702.jpeg","contentUrl":"https:\/\/ku.r-enks.net\/wp-content\/uploads\/2025\/08\/IMG_1702.jpeg","width":283,"height":178,"caption":"Ragihandina Enc\u00fbmena Ni\u015ft\u00eeman\u00ee kurd\u00ee li S\u00fbriy\u00ea"},"image":{"@id":"https:\/\/ku.r-enks.net\/#\/schema\/logo\/image\/"}},{"@type":"Person","@id":"https:\/\/ku.r-enks.net\/#\/schema\/person\/b5083e97489c8f4a39ec5ef09a24d63e","name":"ferhad \u015e\u00eaxo","image":{"@type":"ImageObject","inLanguage":"en-GB","@id":"https:\/\/secure.gravatar.com\/avatar\/07bbc22fb9fb2ef801b2fbaa0aabbccce9823f175eecbf6562ba080b1c55e14a?s=96&d=mm&r=g","url":"https:\/\/secure.gravatar.com\/avatar\/07bbc22fb9fb2ef801b2fbaa0aabbccce9823f175eecbf6562ba080b1c55e14a?s=96&d=mm&r=g","contentUrl":"https:\/\/secure.gravatar.com\/avatar\/07bbc22fb9fb2ef801b2fbaa0aabbccce9823f175eecbf6562ba080b1c55e14a?s=96&d=mm&r=g","caption":"ferhad \u015e\u00eaxo"},"sameAs":["http:\/\/Ferhad"],"url":"https:\/\/ku.r-enks.net\/?author=9"}]}},"_links":{"self":[{"href":"https:\/\/ku.r-enks.net\/index.php?rest_route=\/wp\/v2\/posts\/25971","targetHints":{"allow":["GET"]}}],"collection":[{"href":"https:\/\/ku.r-enks.net\/index.php?rest_route=\/wp\/v2\/posts"}],"about":[{"href":"https:\/\/ku.r-enks.net\/index.php?rest_route=\/wp\/v2\/types\/post"}],"author":[{"embeddable":true,"href":"https:\/\/ku.r-enks.net\/index.php?rest_route=\/wp\/v2\/users\/9"}],"replies":[{"embeddable":true,"href":"https:\/\/ku.r-enks.net\/index.php?rest_route=%2Fwp%2Fv2%2Fcomments&post=25971"}],"version-history":[{"count":2,"href":"https:\/\/ku.r-enks.net\/index.php?rest_route=\/wp\/v2\/posts\/25971\/revisions"}],"predecessor-version":[{"id":25978,"href":"https:\/\/ku.r-enks.net\/index.php?rest_route=\/wp\/v2\/posts\/25971\/revisions\/25978"}],"wp:featuredmedia":[{"embeddable":true,"href":"https:\/\/ku.r-enks.net\/index.php?rest_route=\/wp\/v2\/media\/25976"}],"wp:attachment":[{"href":"https:\/\/ku.r-enks.net\/index.php?rest_route=%2Fwp%2Fv2%2Fmedia&parent=25971"}],"wp:term":[{"taxonomy":"category","embeddable":true,"href":"https:\/\/ku.r-enks.net\/index.php?rest_route=%2Fwp%2Fv2%2Fcategories&post=25971"},{"taxonomy":"post_tag","embeddable":true,"href":"https:\/\/ku.r-enks.net\/index.php?rest_route=%2Fwp%2Fv2%2Ftags&post=25971"}],"curies":[{"name":"wp","href":"https:\/\/api.w.org\/{rel}","templated":true}]}}