{"id":25272,"date":"2026-05-03T10:29:12","date_gmt":"2026-05-03T10:29:12","guid":{"rendered":"https:\/\/ku.r-enks.net\/?p=25272"},"modified":"2026-05-03T10:29:12","modified_gmt":"2026-05-03T10:29:12","slug":"dirok-u-jiyana-hunermende-kurd-ye-bi-nav-u-deng-pesmerge-seyid-gebari-2","status":"publish","type":"post","link":"https:\/\/ku.r-enks.net\/?p=25272","title":{"rendered":"D\u00ceROK \u00db JIYANA HUNERMEND\u00ca KURD Y\u00ca BI NAV \u00db DENG P\u00ca\u015eMERGE \u201cSEY\u00ceD GEBAR\u00ce\u201d \u2026"},"content":{"rendered":"<p>D\u00ceROK \u00db JIYANA HUNERMEND\u00ca KURD Y\u00ca BI NAV \u00db DENG P\u00ca\u015eMERGE \u201cSEY\u00ceD GEBAR\u00ce\u201d \u2026<\/p>\n<p>&nbsp;<\/p>\n<p>&nbsp;<\/p>\n<p>Hunermend ew kes\u00ean ku saz \u00fb awaz\u00ea stran\u00ean wan di nava milet de \u00fb li her cih\u00ee zind\u00ee dim\u00eene .<\/p>\n<p>\u00db geva gotina P\u00ea\u015fmerge \u00fb \u00ea\u015f \u00fb derd\u00ea kurdan t\u00ean b\u00eera mirov ev yek li b\u00eera me t\u00eene nav\u00ea hunermend\u00ea kurd P\u00ea\u015fmerge \u201d Sey\u00eed Gebar\u00ee\u201d ku deng\u00ea awaz\u00ean w\u00ee di her maleke kurd\u00ee de t\u00ea bih\u00eestin.<\/p>\n<p>&nbsp;<\/p>\n<p>Hunermend\u00ea kurd \u201d Sey\u00eed Gebar\u00ee\u201dKu ji day\u00eekb\u00fbna sala \u201c1956 \u201d li gund\u00ea \u201cXirab Kej\u00ea \u201d y\u00ea bi ser bajar\u00ea Am\u00fbd\u00ea y\u00ea kurdistana S\u00fbriy\u00ea , \u00fb li Gund\u00ea Girz\u00een dest bi kar\u00ea Huner\u00ee kir , \u00fb herwiha Se\u00eed Gebar\u00ee yek ji hunermend\u00ea naskir\u00ee b\u00fb di nav kurdan de \u00fb bi niv\u00eesandina \u00fb gotina stranan bi deng \u00fb awaz\u00ean xwe gelek stran\u00ean w\u00ee navdar b\u00fbn \u00fb hunermend Gebar\u00ee b\u00fb xwedan d\u00eerokeke dewlemend di dibistana hunera kurd\u00ee de.<\/p>\n<p>&nbsp;<\/p>\n<p>\u00db herwiha hunermend\u00ea navdar \u201cSe\u00eed Gebar\u00ee\u201d, di zaroktiya xwe de bi temen\u00ea \u201d He\u015ft\u201d sal\u00ee bi day\u00eeka xwe re bi dest Kar\u00ea stran \u00fb hunera filklor\u00ee kir.<\/p>\n<p>&nbsp;<\/p>\n<p>\u00db herwiha bi temen\u00ea \u201cDeh\u201d sal\u00ee de, di sala\u201d 1969\u2033 li Qami\u015flo yekem Strana xwe tomar kir.<\/p>\n<p>hunermend\u201d Gebar\u00ee \u201d bi gotina stran\u00ean \u015fore\u015fger\u00ee \u00fb netew\u00ee ,\u00fb bi stran\u00ean ev\u00een\u00ee \u00fb gel\u00ear\u00ee j\u00ee nav\u00ea w\u00ee li dever\u00ea \u00fb li c\u00eehan\u00ea hatiya tomar kirin.<\/p>\n<p>\u00db herwiha hunermend \u201cSe\u00eed Gabar\u00ee\u201d, hunermendek\u00ee n\u00eaz\u00eek\u00ee gelek helbestvan \u00fb stranb\u00eajan b\u00fb weku Seyday\u00ea T\u00eer\u00eaj, Cegerxw\u00een, gelek helbest\u00ean wan kirina stran yek ji wan strana gelek\u00ee naskir\u00ee bi deng\u00ea xwe y\u00ean zelal strand \u201cBilbil\u00ea Dil\u015fad \u201d ku Seyday\u00ea T\u00eer\u00eaj niv\u00eesand b\u00fb.<\/p>\n<p>&nbsp;<\/p>\n<p>\u00db herwiha ji rexek\u00ee d\u00ee ve hunermend \u201cGabar\u00ee\u201d, bi ni\u015ft\u00eemanperwer\u00ee \u00fb stran\u00ean xwe y\u00ean netewey\u00ee gelek caran ji aliy\u00ea r\u00eaj\u00eema S\u00fbriy\u00ea ve di hat bin \u00e7avkirin, ji ber v\u00ea yek\u00ea w\u00ee ber\u00ea xwe de Ba\u015f\u00fbr\u00ea Kurdistan\u00ea,<\/p>\n<p>l\u00ea ev yek nab\u00fb kelem li p\u00ea\u015fiya Hunermend\u201d Se\u00eed Gabar\u00ee \u201c, ku di peyv \u00fb stran\u00ean xwe de derd \u00fb \u00ea\u015f \u00fb kul\u00ean gel\u00ea xwe \u00fb daxwaz \u00fb baweriy\u00ean wan bi hunermendiyeke bilind b\u00eene ziman,\u00fb tev\u00ee ku nab\u00eene j\u00ee w\u00ee xwest xebata xwe ye kurdayet\u00ee di nava ref\u00ean p\u00ea\u015fmergeyan de cih\u00ea xwe bigir e.<\/p>\n<p>&nbsp;<\/p>\n<p>\u00db herwiha Hunermend\u00ea navdar \u201cSe\u00eed Gabar\u00ee \u201d jiyana xwe di huner\u00ea \u00fb xizmeteke mezin a muz\u00eek \u00fb stran\u00ean kurd\u00ee de kir, l\u00ea mixabin \u00cero ev hunermend li pey xwe samanek mezin \u00fb dewlemend a huner\u00ee hi\u015ft, \u00fb ew d\u00ea her Tim bi deng \u00fb awaz bi hunera xwe ya bilind di b\u00eera me de zind\u00ee bim\u00eene.<\/p>\n<p>H\u00eaja ye gotin\u00ea ku 4\u00ea Gulana 2020an li Nexwe\u015fiya Serdem li bajar\u00ea Hewl\u00ear\u00ea \u00e7\u00fb Ser Dilovaniya xwed\u00ea, \u00fb li Goristana Mela Omer li Hewl\u00ear\u00ea hat bi xakspartin..<\/p>\n<p>Ragihandina ENKS\u00ea<br \/>\nQami\u015flo<\/p>\n","protected":false},"excerpt":{"rendered":"<p>D\u00ceROK \u00db JIYANA HUNERMEND\u00ca KURD Y\u00ca BI NAV \u00db DENG P\u00ca\u015eMERGE \u201cSEY\u00ceD GEBAR\u00ce\u201d \u2026 &nbsp; &nbsp; Hunermend ew kes\u00ean ku saz \u00fb awaz\u00ea stran\u00ean wan di nava milet de \u00fb li her cih\u00ee zind\u00ee dim\u00eene . \u00db geva gotina P\u00ea\u015fmerge \u00fb \u00ea\u015f \u00fb derd\u00ea kurdan t\u00ean b\u00eera mirov ev yek li b\u00eera me t\u00eene nav\u00ea [&hellip;]<\/p>\n","protected":false},"author":9,"featured_media":25273,"comment_status":"open","ping_status":"open","sticky":false,"template":"","format":"standard","meta":{"jnews-multi-image_gallery":[],"jnews_single_post":[],"jnews_primary_category":[],"jnews_override_counter":[],"footnotes":""},"categories":[64,39,58,38,47],"tags":[],"class_list":["post-25272","post","type-post","status-publish","format-standard","has-post-thumbnail","hentry","category-breaking-news","category-nuce","category-nuceyen-bilez","category-nuceyen-kurdistani","category-raporen-taybet"],"yoast_head":"<!-- This site is optimized with the Yoast SEO plugin v27.5 - https:\/\/yoast.com\/product\/yoast-seo-wordpress\/ -->\n<title>D\u00ceROK \u00db JIYANA HUNERMEND\u00ca KURD Y\u00ca BI NAV \u00db DENG P\u00ca\u015eMERGE \u201cSEY\u00ceD GEBAR\u00ce\u201d \u2026 - Ragihandina Enc\u00fbmena Ni\u015ft\u00eeman\u00ee kurd\u00ee li S\u00fbriy\u00ea<\/title>\n<meta name=\"robots\" content=\"index, follow, max-snippet:-1, max-image-preview:large, max-video-preview:-1\" \/>\n<link rel=\"canonical\" href=\"https:\/\/ku.r-enks.net\/?p=25272\" \/>\n<meta property=\"og:locale\" content=\"en_GB\" \/>\n<meta property=\"og:type\" content=\"article\" \/>\n<meta property=\"og:title\" content=\"D\u00ceROK \u00db JIYANA HUNERMEND\u00ca KURD Y\u00ca BI NAV \u00db DENG P\u00ca\u015eMERGE \u201cSEY\u00ceD GEBAR\u00ce\u201d \u2026 - Ragihandina Enc\u00fbmena Ni\u015ft\u00eeman\u00ee kurd\u00ee li S\u00fbriy\u00ea\" \/>\n<meta property=\"og:description\" content=\"D\u00ceROK \u00db JIYANA HUNERMEND\u00ca KURD Y\u00ca BI NAV \u00db DENG P\u00ca\u015eMERGE \u201cSEY\u00ceD GEBAR\u00ce\u201d \u2026 &nbsp; &nbsp; Hunermend ew kes\u00ean ku saz \u00fb awaz\u00ea stran\u00ean wan di nava milet de \u00fb li her cih\u00ee zind\u00ee dim\u00eene . \u00db geva gotina P\u00ea\u015fmerge \u00fb \u00ea\u015f \u00fb derd\u00ea kurdan t\u00ean b\u00eera mirov ev yek li b\u00eera me t\u00eene nav\u00ea [&hellip;]\" \/>\n<meta property=\"og:url\" content=\"https:\/\/ku.r-enks.net\/?p=25272\" \/>\n<meta property=\"og:site_name\" content=\"Ragihandina Enc\u00fbmena Ni\u015ft\u00eeman\u00ee kurd\u00ee li S\u00fbriy\u00ea\" \/>\n<meta property=\"article:published_time\" content=\"2026-05-03T10:29:12+00:00\" \/>\n<meta property=\"og:image\" content=\"https:\/\/ku.r-enks.net\/wp-content\/uploads\/2026\/05\/e6d67127-b733-4228-96ac-60f5e2dd1bc9.jpeg\" \/>\n\t<meta property=\"og:image:width\" content=\"960\" \/>\n\t<meta property=\"og:image:height\" content=\"640\" \/>\n\t<meta property=\"og:image:type\" content=\"image\/jpeg\" \/>\n<meta name=\"author\" content=\"ferhad \u015e\u00eaxo\" \/>\n<meta name=\"twitter:card\" content=\"summary_large_image\" \/>\n<meta name=\"twitter:label1\" content=\"Written by\" \/>\n\t<meta name=\"twitter:data1\" content=\"ferhad \u015e\u00eaxo\" \/>\n\t<meta name=\"twitter:label2\" content=\"Estimated reading time\" \/>\n\t<meta name=\"twitter:data2\" content=\"3 minutes\" \/>\n<script type=\"application\/ld+json\" class=\"yoast-schema-graph\">{\"@context\":\"https:\\\/\\\/schema.org\",\"@graph\":[{\"@type\":\"Article\",\"@id\":\"https:\\\/\\\/ku.r-enks.net\\\/?p=25272#article\",\"isPartOf\":{\"@id\":\"https:\\\/\\\/ku.r-enks.net\\\/?p=25272\"},\"author\":{\"name\":\"ferhad \u015e\u00eaxo\",\"@id\":\"https:\\\/\\\/ku.r-enks.net\\\/#\\\/schema\\\/person\\\/b5083e97489c8f4a39ec5ef09a24d63e\"},\"headline\":\"D\u00ceROK \u00db JIYANA HUNERMEND\u00ca KURD Y\u00ca BI NAV \u00db DENG P\u00ca\u015eMERGE \u201cSEY\u00ceD GEBAR\u00ce\u201d \u2026\",\"datePublished\":\"2026-05-03T10:29:12+00:00\",\"mainEntityOfPage\":{\"@id\":\"https:\\\/\\\/ku.r-enks.net\\\/?p=25272\"},\"wordCount\":477,\"commentCount\":0,\"publisher\":{\"@id\":\"https:\\\/\\\/ku.r-enks.net\\\/#organization\"},\"image\":{\"@id\":\"https:\\\/\\\/ku.r-enks.net\\\/?p=25272#primaryimage\"},\"thumbnailUrl\":\"https:\\\/\\\/ku.r-enks.net\\\/wp-content\\\/uploads\\\/2026\\\/05\\\/e6d67127-b733-4228-96ac-60f5e2dd1bc9.jpeg\",\"articleSection\":[\"Breaking news\",\"N\u00fb\u00e7e\",\"N\u00fb\u00e7ey\u00ean Bilez\",\"N\u00fb\u00e7ey\u00ean Kurdistan\u00ee\",\"Rapor\u00ean Taybet\"],\"inLanguage\":\"en-GB\",\"potentialAction\":[{\"@type\":\"CommentAction\",\"name\":\"Comment\",\"target\":[\"https:\\\/\\\/ku.r-enks.net\\\/?p=25272#respond\"]}]},{\"@type\":\"WebPage\",\"@id\":\"https:\\\/\\\/ku.r-enks.net\\\/?p=25272\",\"url\":\"https:\\\/\\\/ku.r-enks.net\\\/?p=25272\",\"name\":\"D\u00ceROK \u00db JIYANA HUNERMEND\u00ca KURD Y\u00ca BI NAV \u00db DENG P\u00ca\u015eMERGE \u201cSEY\u00ceD GEBAR\u00ce\u201d \u2026 - Ragihandina Enc\u00fbmena Ni\u015ft\u00eeman\u00ee kurd\u00ee li S\u00fbriy\u00ea\",\"isPartOf\":{\"@id\":\"https:\\\/\\\/ku.r-enks.net\\\/#website\"},\"primaryImageOfPage\":{\"@id\":\"https:\\\/\\\/ku.r-enks.net\\\/?p=25272#primaryimage\"},\"image\":{\"@id\":\"https:\\\/\\\/ku.r-enks.net\\\/?p=25272#primaryimage\"},\"thumbnailUrl\":\"https:\\\/\\\/ku.r-enks.net\\\/wp-content\\\/uploads\\\/2026\\\/05\\\/e6d67127-b733-4228-96ac-60f5e2dd1bc9.jpeg\",\"datePublished\":\"2026-05-03T10:29:12+00:00\",\"breadcrumb\":{\"@id\":\"https:\\\/\\\/ku.r-enks.net\\\/?p=25272#breadcrumb\"},\"inLanguage\":\"en-GB\",\"potentialAction\":[{\"@type\":\"ReadAction\",\"target\":[\"https:\\\/\\\/ku.r-enks.net\\\/?p=25272\"]}]},{\"@type\":\"ImageObject\",\"inLanguage\":\"en-GB\",\"@id\":\"https:\\\/\\\/ku.r-enks.net\\\/?p=25272#primaryimage\",\"url\":\"https:\\\/\\\/ku.r-enks.net\\\/wp-content\\\/uploads\\\/2026\\\/05\\\/e6d67127-b733-4228-96ac-60f5e2dd1bc9.jpeg\",\"contentUrl\":\"https:\\\/\\\/ku.r-enks.net\\\/wp-content\\\/uploads\\\/2026\\\/05\\\/e6d67127-b733-4228-96ac-60f5e2dd1bc9.jpeg\",\"width\":960,\"height\":640},{\"@type\":\"BreadcrumbList\",\"@id\":\"https:\\\/\\\/ku.r-enks.net\\\/?p=25272#breadcrumb\",\"itemListElement\":[{\"@type\":\"ListItem\",\"position\":1,\"name\":\"Home\",\"item\":\"https:\\\/\\\/ku.r-enks.net\\\/\"},{\"@type\":\"ListItem\",\"position\":2,\"name\":\"D\u00ceROK \u00db JIYANA HUNERMEND\u00ca KURD Y\u00ca BI NAV \u00db DENG P\u00ca\u015eMERGE \u201cSEY\u00ceD GEBAR\u00ce\u201d \u2026\"}]},{\"@type\":\"WebSite\",\"@id\":\"https:\\\/\\\/ku.r-enks.net\\\/#website\",\"url\":\"https:\\\/\\\/ku.r-enks.net\\\/\",\"name\":\"Ragihandina Enc\u00fbmena Ni\u015ft\u00eeman\u00ee kurd\u00ee li S\u00fbriy\u00ea\",\"description\":\"\u0627\u0644\u0645\u062c\u0644\u0633 \u0627\u0644\u0648\u0637\u0646\u064a \u0627\u0644\u0643\u0648\u0631\u062f\u064a \u0641\u064a \u0633\u0648\u0631\u064a\u0627\",\"publisher\":{\"@id\":\"https:\\\/\\\/ku.r-enks.net\\\/#organization\"},\"potentialAction\":[{\"@type\":\"SearchAction\",\"target\":{\"@type\":\"EntryPoint\",\"urlTemplate\":\"https:\\\/\\\/ku.r-enks.net\\\/?s={search_term_string}\"},\"query-input\":{\"@type\":\"PropertyValueSpecification\",\"valueRequired\":true,\"valueName\":\"search_term_string\"}}],\"inLanguage\":\"en-GB\"},{\"@type\":\"Organization\",\"@id\":\"https:\\\/\\\/ku.r-enks.net\\\/#organization\",\"name\":\"Ragihandina Enc\u00fbmena Ni\u015ft\u00eeman\u00ee kurd\u00ee li S\u00fbriy\u00ea\",\"url\":\"https:\\\/\\\/ku.r-enks.net\\\/\",\"logo\":{\"@type\":\"ImageObject\",\"inLanguage\":\"en-GB\",\"@id\":\"https:\\\/\\\/ku.r-enks.net\\\/#\\\/schema\\\/logo\\\/image\\\/\",\"url\":\"https:\\\/\\\/ku.r-enks.net\\\/wp-content\\\/uploads\\\/2025\\\/08\\\/IMG_1702.jpeg\",\"contentUrl\":\"https:\\\/\\\/ku.r-enks.net\\\/wp-content\\\/uploads\\\/2025\\\/08\\\/IMG_1702.jpeg\",\"width\":283,\"height\":178,\"caption\":\"Ragihandina Enc\u00fbmena Ni\u015ft\u00eeman\u00ee kurd\u00ee li S\u00fbriy\u00ea\"},\"image\":{\"@id\":\"https:\\\/\\\/ku.r-enks.net\\\/#\\\/schema\\\/logo\\\/image\\\/\"}},{\"@type\":\"Person\",\"@id\":\"https:\\\/\\\/ku.r-enks.net\\\/#\\\/schema\\\/person\\\/b5083e97489c8f4a39ec5ef09a24d63e\",\"name\":\"ferhad \u015e\u00eaxo\",\"image\":{\"@type\":\"ImageObject\",\"inLanguage\":\"en-GB\",\"@id\":\"https:\\\/\\\/secure.gravatar.com\\\/avatar\\\/07bbc22fb9fb2ef801b2fbaa0aabbccce9823f175eecbf6562ba080b1c55e14a?s=96&d=mm&r=g\",\"url\":\"https:\\\/\\\/secure.gravatar.com\\\/avatar\\\/07bbc22fb9fb2ef801b2fbaa0aabbccce9823f175eecbf6562ba080b1c55e14a?s=96&d=mm&r=g\",\"contentUrl\":\"https:\\\/\\\/secure.gravatar.com\\\/avatar\\\/07bbc22fb9fb2ef801b2fbaa0aabbccce9823f175eecbf6562ba080b1c55e14a?s=96&d=mm&r=g\",\"caption\":\"ferhad \u015e\u00eaxo\"},\"sameAs\":[\"http:\\\/\\\/Ferhad\"],\"url\":\"https:\\\/\\\/ku.r-enks.net\\\/?author=9\"}]}<\/script>\n<!-- \/ Yoast SEO plugin. -->","yoast_head_json":{"title":"D\u00ceROK \u00db JIYANA HUNERMEND\u00ca KURD Y\u00ca BI NAV \u00db DENG P\u00ca\u015eMERGE \u201cSEY\u00ceD GEBAR\u00ce\u201d \u2026 - Ragihandina Enc\u00fbmena Ni\u015ft\u00eeman\u00ee kurd\u00ee li S\u00fbriy\u00ea","robots":{"index":"index","follow":"follow","max-snippet":"max-snippet:-1","max-image-preview":"max-image-preview:large","max-video-preview":"max-video-preview:-1"},"canonical":"https:\/\/ku.r-enks.net\/?p=25272","og_locale":"en_GB","og_type":"article","og_title":"D\u00ceROK \u00db JIYANA HUNERMEND\u00ca KURD Y\u00ca BI NAV \u00db DENG P\u00ca\u015eMERGE \u201cSEY\u00ceD GEBAR\u00ce\u201d \u2026 - Ragihandina Enc\u00fbmena Ni\u015ft\u00eeman\u00ee kurd\u00ee li S\u00fbriy\u00ea","og_description":"D\u00ceROK \u00db JIYANA HUNERMEND\u00ca KURD Y\u00ca BI NAV \u00db DENG P\u00ca\u015eMERGE \u201cSEY\u00ceD GEBAR\u00ce\u201d \u2026 &nbsp; &nbsp; Hunermend ew kes\u00ean ku saz \u00fb awaz\u00ea stran\u00ean wan di nava milet de \u00fb li her cih\u00ee zind\u00ee dim\u00eene . \u00db geva gotina P\u00ea\u015fmerge \u00fb \u00ea\u015f \u00fb derd\u00ea kurdan t\u00ean b\u00eera mirov ev yek li b\u00eera me t\u00eene nav\u00ea [&hellip;]","og_url":"https:\/\/ku.r-enks.net\/?p=25272","og_site_name":"Ragihandina Enc\u00fbmena Ni\u015ft\u00eeman\u00ee kurd\u00ee li S\u00fbriy\u00ea","article_published_time":"2026-05-03T10:29:12+00:00","og_image":[{"width":960,"height":640,"url":"https:\/\/ku.r-enks.net\/wp-content\/uploads\/2026\/05\/e6d67127-b733-4228-96ac-60f5e2dd1bc9.jpeg","type":"image\/jpeg"}],"author":"ferhad \u015e\u00eaxo","twitter_card":"summary_large_image","twitter_misc":{"Written by":"ferhad \u015e\u00eaxo","Estimated reading time":"3 minutes"},"schema":{"@context":"https:\/\/schema.org","@graph":[{"@type":"Article","@id":"https:\/\/ku.r-enks.net\/?p=25272#article","isPartOf":{"@id":"https:\/\/ku.r-enks.net\/?p=25272"},"author":{"name":"ferhad \u015e\u00eaxo","@id":"https:\/\/ku.r-enks.net\/#\/schema\/person\/b5083e97489c8f4a39ec5ef09a24d63e"},"headline":"D\u00ceROK \u00db JIYANA HUNERMEND\u00ca KURD Y\u00ca BI NAV \u00db DENG P\u00ca\u015eMERGE \u201cSEY\u00ceD GEBAR\u00ce\u201d \u2026","datePublished":"2026-05-03T10:29:12+00:00","mainEntityOfPage":{"@id":"https:\/\/ku.r-enks.net\/?p=25272"},"wordCount":477,"commentCount":0,"publisher":{"@id":"https:\/\/ku.r-enks.net\/#organization"},"image":{"@id":"https:\/\/ku.r-enks.net\/?p=25272#primaryimage"},"thumbnailUrl":"https:\/\/ku.r-enks.net\/wp-content\/uploads\/2026\/05\/e6d67127-b733-4228-96ac-60f5e2dd1bc9.jpeg","articleSection":["Breaking news","N\u00fb\u00e7e","N\u00fb\u00e7ey\u00ean Bilez","N\u00fb\u00e7ey\u00ean Kurdistan\u00ee","Rapor\u00ean Taybet"],"inLanguage":"en-GB","potentialAction":[{"@type":"CommentAction","name":"Comment","target":["https:\/\/ku.r-enks.net\/?p=25272#respond"]}]},{"@type":"WebPage","@id":"https:\/\/ku.r-enks.net\/?p=25272","url":"https:\/\/ku.r-enks.net\/?p=25272","name":"D\u00ceROK \u00db JIYANA HUNERMEND\u00ca KURD Y\u00ca BI NAV \u00db DENG P\u00ca\u015eMERGE \u201cSEY\u00ceD GEBAR\u00ce\u201d \u2026 - Ragihandina Enc\u00fbmena Ni\u015ft\u00eeman\u00ee kurd\u00ee li S\u00fbriy\u00ea","isPartOf":{"@id":"https:\/\/ku.r-enks.net\/#website"},"primaryImageOfPage":{"@id":"https:\/\/ku.r-enks.net\/?p=25272#primaryimage"},"image":{"@id":"https:\/\/ku.r-enks.net\/?p=25272#primaryimage"},"thumbnailUrl":"https:\/\/ku.r-enks.net\/wp-content\/uploads\/2026\/05\/e6d67127-b733-4228-96ac-60f5e2dd1bc9.jpeg","datePublished":"2026-05-03T10:29:12+00:00","breadcrumb":{"@id":"https:\/\/ku.r-enks.net\/?p=25272#breadcrumb"},"inLanguage":"en-GB","potentialAction":[{"@type":"ReadAction","target":["https:\/\/ku.r-enks.net\/?p=25272"]}]},{"@type":"ImageObject","inLanguage":"en-GB","@id":"https:\/\/ku.r-enks.net\/?p=25272#primaryimage","url":"https:\/\/ku.r-enks.net\/wp-content\/uploads\/2026\/05\/e6d67127-b733-4228-96ac-60f5e2dd1bc9.jpeg","contentUrl":"https:\/\/ku.r-enks.net\/wp-content\/uploads\/2026\/05\/e6d67127-b733-4228-96ac-60f5e2dd1bc9.jpeg","width":960,"height":640},{"@type":"BreadcrumbList","@id":"https:\/\/ku.r-enks.net\/?p=25272#breadcrumb","itemListElement":[{"@type":"ListItem","position":1,"name":"Home","item":"https:\/\/ku.r-enks.net\/"},{"@type":"ListItem","position":2,"name":"D\u00ceROK \u00db JIYANA HUNERMEND\u00ca KURD Y\u00ca BI NAV \u00db DENG P\u00ca\u015eMERGE \u201cSEY\u00ceD GEBAR\u00ce\u201d \u2026"}]},{"@type":"WebSite","@id":"https:\/\/ku.r-enks.net\/#website","url":"https:\/\/ku.r-enks.net\/","name":"Ragihandina Enc\u00fbmena Ni\u015ft\u00eeman\u00ee kurd\u00ee li S\u00fbriy\u00ea","description":"\u0627\u0644\u0645\u062c\u0644\u0633 \u0627\u0644\u0648\u0637\u0646\u064a \u0627\u0644\u0643\u0648\u0631\u062f\u064a \u0641\u064a \u0633\u0648\u0631\u064a\u0627","publisher":{"@id":"https:\/\/ku.r-enks.net\/#organization"},"potentialAction":[{"@type":"SearchAction","target":{"@type":"EntryPoint","urlTemplate":"https:\/\/ku.r-enks.net\/?s={search_term_string}"},"query-input":{"@type":"PropertyValueSpecification","valueRequired":true,"valueName":"search_term_string"}}],"inLanguage":"en-GB"},{"@type":"Organization","@id":"https:\/\/ku.r-enks.net\/#organization","name":"Ragihandina Enc\u00fbmena Ni\u015ft\u00eeman\u00ee kurd\u00ee li S\u00fbriy\u00ea","url":"https:\/\/ku.r-enks.net\/","logo":{"@type":"ImageObject","inLanguage":"en-GB","@id":"https:\/\/ku.r-enks.net\/#\/schema\/logo\/image\/","url":"https:\/\/ku.r-enks.net\/wp-content\/uploads\/2025\/08\/IMG_1702.jpeg","contentUrl":"https:\/\/ku.r-enks.net\/wp-content\/uploads\/2025\/08\/IMG_1702.jpeg","width":283,"height":178,"caption":"Ragihandina Enc\u00fbmena Ni\u015ft\u00eeman\u00ee kurd\u00ee li S\u00fbriy\u00ea"},"image":{"@id":"https:\/\/ku.r-enks.net\/#\/schema\/logo\/image\/"}},{"@type":"Person","@id":"https:\/\/ku.r-enks.net\/#\/schema\/person\/b5083e97489c8f4a39ec5ef09a24d63e","name":"ferhad \u015e\u00eaxo","image":{"@type":"ImageObject","inLanguage":"en-GB","@id":"https:\/\/secure.gravatar.com\/avatar\/07bbc22fb9fb2ef801b2fbaa0aabbccce9823f175eecbf6562ba080b1c55e14a?s=96&d=mm&r=g","url":"https:\/\/secure.gravatar.com\/avatar\/07bbc22fb9fb2ef801b2fbaa0aabbccce9823f175eecbf6562ba080b1c55e14a?s=96&d=mm&r=g","contentUrl":"https:\/\/secure.gravatar.com\/avatar\/07bbc22fb9fb2ef801b2fbaa0aabbccce9823f175eecbf6562ba080b1c55e14a?s=96&d=mm&r=g","caption":"ferhad \u015e\u00eaxo"},"sameAs":["http:\/\/Ferhad"],"url":"https:\/\/ku.r-enks.net\/?author=9"}]}},"_links":{"self":[{"href":"https:\/\/ku.r-enks.net\/index.php?rest_route=\/wp\/v2\/posts\/25272","targetHints":{"allow":["GET"]}}],"collection":[{"href":"https:\/\/ku.r-enks.net\/index.php?rest_route=\/wp\/v2\/posts"}],"about":[{"href":"https:\/\/ku.r-enks.net\/index.php?rest_route=\/wp\/v2\/types\/post"}],"author":[{"embeddable":true,"href":"https:\/\/ku.r-enks.net\/index.php?rest_route=\/wp\/v2\/users\/9"}],"replies":[{"embeddable":true,"href":"https:\/\/ku.r-enks.net\/index.php?rest_route=%2Fwp%2Fv2%2Fcomments&post=25272"}],"version-history":[{"count":1,"href":"https:\/\/ku.r-enks.net\/index.php?rest_route=\/wp\/v2\/posts\/25272\/revisions"}],"predecessor-version":[{"id":25274,"href":"https:\/\/ku.r-enks.net\/index.php?rest_route=\/wp\/v2\/posts\/25272\/revisions\/25274"}],"wp:featuredmedia":[{"embeddable":true,"href":"https:\/\/ku.r-enks.net\/index.php?rest_route=\/wp\/v2\/media\/25273"}],"wp:attachment":[{"href":"https:\/\/ku.r-enks.net\/index.php?rest_route=%2Fwp%2Fv2%2Fmedia&parent=25272"}],"wp:term":[{"taxonomy":"category","embeddable":true,"href":"https:\/\/ku.r-enks.net\/index.php?rest_route=%2Fwp%2Fv2%2Fcategories&post=25272"},{"taxonomy":"post_tag","embeddable":true,"href":"https:\/\/ku.r-enks.net\/index.php?rest_route=%2Fwp%2Fv2%2Ftags&post=25272"}],"curies":[{"name":"wp","href":"https:\/\/api.w.org\/{rel}","templated":true}]}}