{"id":25263,"date":"2026-05-02T22:06:22","date_gmt":"2026-05-02T22:06:22","guid":{"rendered":"https:\/\/ku.r-enks.net\/?p=25263"},"modified":"2026-05-02T22:06:22","modified_gmt":"2026-05-02T22:06:22","slug":"xwecihiya-amude-civina-xwe-ya-asayi-li-dar-xistin-serok-u-du-cigiren-wi-hilbijartin-2","status":"publish","type":"post","link":"https:\/\/ku.r-enks.net\/?p=25263","title":{"rendered":"XWECIHIYA AM\u00dbD\u00ca CIV\u00ceNA XWE YA ASAY\u00ce LI DAR XISTIN SEROK \u00db DU C\u00ceGIR\u00caN W\u00ce HILBIJARTIN."},"content":{"rendered":"<p>XWECIHIYA AM\u00dbD\u00ca CIV\u00ceNA XWE YA ASAY\u00ce LI DAR XISTIN SEROK \u00db DU C\u00ceGIR\u00caN W\u00ce HILBIJARTIN.<\/p>\n<p>Enc\u00fbmena xwecih\u00ee ya bajar\u00ea Am\u00fbd\u00ea ya bi ser ENKS\u00ea ve, li navenda xwe roja \u015eemiy\u00ea 2\/5\/2026 an, civ\u00eena xwe ya asay\u00ee lidarxist.<\/p>\n<p>Di destp\u00eak\u00ea de,hem\u00fb endam hatin bix\u00earhatin \u00fb pi\u015ftre xwecih\u00ee k\u00eal\u00eekek b\u00eadeng li ser giyan\u00ean pakrewan\u00ean Kurd \u00fb Kurdistan\u00ea, \u00fb di p\u00ea\u015f\u00ee de Barzaniy\u00ea Nemir rawestiyan.\u00db pi\u015ftre l\u00eesta kar genge\u015fe kirin.<\/p>\n<p>Di civ\u00een\u00ea de, behsa rew\u015fa r\u00eaxistin\u00ee b\u00fb \u00fb amadeb\u00fbyan rew\u015fa r\u00eaxistin\u00ee bi taybet rapora ku ji of\u00eesa kar\u00fbbar\u00ea Enc\u00fbmen\u00ean xwecih\u00ee y\u00ean bi ser ENKS\u00ea ve, hat wergirtin hate n\u00eeqa\u015fkirin.<\/p>\n<p>Di civ\u00een\u00ea de, amadeb\u00fbyan behsa aliy\u00ean r\u00eakxistin\u00ee kirin, ji ber ku \u00e7awaniya p\u00ea\u015fxistina kar \u00fb mekan\u00eezmay\u00ean w\u00ea bi awayek\u00ee ku di qonaxa b\u00ea de bibe al\u00eekar ji bo z\u00eadekirin \u00fb ba\u015ftirkirina kar\u00fbbar\u00ea r\u00eaxistin\u00ee hate got\u00fbb\u00eajkirin.<\/p>\n<p>Herwiha amadeb\u00fbyan behsa p\u00ea\u015fhat\u00ean siyas\u00ee kirin \u00fb tekez\u00ee li ser hestiyariya qonaxa niha \u00fb p\u00eaw\u00eestiya bi kar an\u00eena giyana berpirsyar\u00ee \u00fb durust\u00ee di standina biryar\u00ean giring de bi awayek\u00ee ku xizmeta berjewendiya gi\u015ft\u00ee bike, kirin.<\/p>\n<p>Her wiha serokatiya n\u00fb ji bo enc\u00fbmena xwecih\u00ee hate hilbijartin, ku her bir\u00eaz.Ebdurezaq Hac Qasim wek serok\u00ea enc\u00fbmena xwecih\u00ee li Am\u00fbd\u00ea \u00fb Beng\u00een Mihemed \u00fb Dijwar Tewf\u00eeq wek c\u00eegir\u00ean w\u00ee hatin hilbijartin.<\/p>\n<p>Ragihandina ENKS\u00ea<br \/>\nRaport:El\u00ee Fetah<\/p>\n","protected":false},"excerpt":{"rendered":"<p>XWECIHIYA AM\u00dbD\u00ca CIV\u00ceNA XWE YA ASAY\u00ce LI DAR XISTIN SEROK \u00db DU C\u00ceGIR\u00caN W\u00ce HILBIJARTIN. Enc\u00fbmena xwecih\u00ee ya bajar\u00ea Am\u00fbd\u00ea ya bi ser ENKS\u00ea ve, li navenda xwe roja \u015eemiy\u00ea 2\/5\/2026 an, civ\u00eena xwe ya asay\u00ee lidarxist. Di destp\u00eak\u00ea de,hem\u00fb endam hatin bix\u00earhatin \u00fb pi\u015ftre xwecih\u00ee k\u00eal\u00eekek b\u00eadeng li ser giyan\u00ean pakrewan\u00ean Kurd \u00fb Kurdistan\u00ea, [&hellip;]<\/p>\n","protected":false},"author":9,"featured_media":25264,"comment_status":"open","ping_status":"open","sticky":false,"template":"","format":"standard","meta":{"jnews-multi-image_gallery":[],"jnews_single_post":[],"jnews_primary_category":[],"jnews_override_counter":[],"footnotes":""},"categories":[64,39,47],"tags":[],"class_list":["post-25263","post","type-post","status-publish","format-standard","has-post-thumbnail","hentry","category-breaking-news","category-nuce","category-raporen-taybet"],"yoast_head":"<!-- This site is optimized with the Yoast SEO plugin v27.5 - https:\/\/yoast.com\/product\/yoast-seo-wordpress\/ -->\n<title>XWECIHIYA AM\u00dbD\u00ca CIV\u00ceNA XWE YA ASAY\u00ce LI DAR XISTIN SEROK \u00db DU C\u00ceGIR\u00caN W\u00ce HILBIJARTIN. - Ragihandina Enc\u00fbmena Ni\u015ft\u00eeman\u00ee kurd\u00ee li S\u00fbriy\u00ea<\/title>\n<meta name=\"robots\" content=\"index, follow, max-snippet:-1, max-image-preview:large, max-video-preview:-1\" \/>\n<link rel=\"canonical\" href=\"https:\/\/ku.r-enks.net\/?p=25263\" \/>\n<meta property=\"og:locale\" content=\"en_GB\" \/>\n<meta property=\"og:type\" content=\"article\" \/>\n<meta property=\"og:title\" content=\"XWECIHIYA AM\u00dbD\u00ca CIV\u00ceNA XWE YA ASAY\u00ce LI DAR XISTIN SEROK \u00db DU C\u00ceGIR\u00caN W\u00ce HILBIJARTIN. - Ragihandina Enc\u00fbmena Ni\u015ft\u00eeman\u00ee kurd\u00ee li S\u00fbriy\u00ea\" \/>\n<meta property=\"og:description\" content=\"XWECIHIYA AM\u00dbD\u00ca CIV\u00ceNA XWE YA ASAY\u00ce LI DAR XISTIN SEROK \u00db DU C\u00ceGIR\u00caN W\u00ce HILBIJARTIN. Enc\u00fbmena xwecih\u00ee ya bajar\u00ea Am\u00fbd\u00ea ya bi ser ENKS\u00ea ve, li navenda xwe roja \u015eemiy\u00ea 2\/5\/2026 an, civ\u00eena xwe ya asay\u00ee lidarxist. Di destp\u00eak\u00ea de,hem\u00fb endam hatin bix\u00earhatin \u00fb pi\u015ftre xwecih\u00ee k\u00eal\u00eekek b\u00eadeng li ser giyan\u00ean pakrewan\u00ean Kurd \u00fb Kurdistan\u00ea, [&hellip;]\" \/>\n<meta property=\"og:url\" content=\"https:\/\/ku.r-enks.net\/?p=25263\" \/>\n<meta property=\"og:site_name\" content=\"Ragihandina Enc\u00fbmena Ni\u015ft\u00eeman\u00ee kurd\u00ee li S\u00fbriy\u00ea\" \/>\n<meta property=\"article:published_time\" content=\"2026-05-02T22:06:22+00:00\" \/>\n<meta property=\"og:image\" content=\"https:\/\/ku.r-enks.net\/wp-content\/uploads\/2026\/05\/a4b13855-df14-4e74-9b84-d3ff14fce7ec.jpeg\" \/>\n\t<meta property=\"og:image:width\" content=\"1040\" \/>\n\t<meta property=\"og:image:height\" content=\"780\" \/>\n\t<meta property=\"og:image:type\" content=\"image\/jpeg\" \/>\n<meta name=\"author\" content=\"ferhad \u015e\u00eaxo\" \/>\n<meta name=\"twitter:card\" content=\"summary_large_image\" \/>\n<meta name=\"twitter:label1\" content=\"Written by\" \/>\n\t<meta name=\"twitter:data1\" content=\"ferhad \u015e\u00eaxo\" \/>\n\t<meta name=\"twitter:label2\" content=\"Estimated reading time\" \/>\n\t<meta name=\"twitter:data2\" content=\"2 minutes\" \/>\n<script type=\"application\/ld+json\" class=\"yoast-schema-graph\">{\"@context\":\"https:\\\/\\\/schema.org\",\"@graph\":[{\"@type\":\"Article\",\"@id\":\"https:\\\/\\\/ku.r-enks.net\\\/?p=25263#article\",\"isPartOf\":{\"@id\":\"https:\\\/\\\/ku.r-enks.net\\\/?p=25263\"},\"author\":{\"name\":\"ferhad \u015e\u00eaxo\",\"@id\":\"https:\\\/\\\/ku.r-enks.net\\\/#\\\/schema\\\/person\\\/b5083e97489c8f4a39ec5ef09a24d63e\"},\"headline\":\"XWECIHIYA AM\u00dbD\u00ca CIV\u00ceNA XWE YA ASAY\u00ce LI DAR XISTIN SEROK \u00db DU C\u00ceGIR\u00caN W\u00ce HILBIJARTIN.\",\"datePublished\":\"2026-05-02T22:06:22+00:00\",\"mainEntityOfPage\":{\"@id\":\"https:\\\/\\\/ku.r-enks.net\\\/?p=25263\"},\"wordCount\":271,\"commentCount\":0,\"publisher\":{\"@id\":\"https:\\\/\\\/ku.r-enks.net\\\/#organization\"},\"image\":{\"@id\":\"https:\\\/\\\/ku.r-enks.net\\\/?p=25263#primaryimage\"},\"thumbnailUrl\":\"https:\\\/\\\/ku.r-enks.net\\\/wp-content\\\/uploads\\\/2026\\\/05\\\/a4b13855-df14-4e74-9b84-d3ff14fce7ec.jpeg\",\"articleSection\":[\"Breaking news\",\"N\u00fb\u00e7e\",\"Rapor\u00ean Taybet\"],\"inLanguage\":\"en-GB\",\"potentialAction\":[{\"@type\":\"CommentAction\",\"name\":\"Comment\",\"target\":[\"https:\\\/\\\/ku.r-enks.net\\\/?p=25263#respond\"]}]},{\"@type\":\"WebPage\",\"@id\":\"https:\\\/\\\/ku.r-enks.net\\\/?p=25263\",\"url\":\"https:\\\/\\\/ku.r-enks.net\\\/?p=25263\",\"name\":\"XWECIHIYA AM\u00dbD\u00ca CIV\u00ceNA XWE YA ASAY\u00ce LI DAR XISTIN SEROK \u00db DU C\u00ceGIR\u00caN W\u00ce HILBIJARTIN. - Ragihandina Enc\u00fbmena Ni\u015ft\u00eeman\u00ee kurd\u00ee li S\u00fbriy\u00ea\",\"isPartOf\":{\"@id\":\"https:\\\/\\\/ku.r-enks.net\\\/#website\"},\"primaryImageOfPage\":{\"@id\":\"https:\\\/\\\/ku.r-enks.net\\\/?p=25263#primaryimage\"},\"image\":{\"@id\":\"https:\\\/\\\/ku.r-enks.net\\\/?p=25263#primaryimage\"},\"thumbnailUrl\":\"https:\\\/\\\/ku.r-enks.net\\\/wp-content\\\/uploads\\\/2026\\\/05\\\/a4b13855-df14-4e74-9b84-d3ff14fce7ec.jpeg\",\"datePublished\":\"2026-05-02T22:06:22+00:00\",\"breadcrumb\":{\"@id\":\"https:\\\/\\\/ku.r-enks.net\\\/?p=25263#breadcrumb\"},\"inLanguage\":\"en-GB\",\"potentialAction\":[{\"@type\":\"ReadAction\",\"target\":[\"https:\\\/\\\/ku.r-enks.net\\\/?p=25263\"]}]},{\"@type\":\"ImageObject\",\"inLanguage\":\"en-GB\",\"@id\":\"https:\\\/\\\/ku.r-enks.net\\\/?p=25263#primaryimage\",\"url\":\"https:\\\/\\\/ku.r-enks.net\\\/wp-content\\\/uploads\\\/2026\\\/05\\\/a4b13855-df14-4e74-9b84-d3ff14fce7ec.jpeg\",\"contentUrl\":\"https:\\\/\\\/ku.r-enks.net\\\/wp-content\\\/uploads\\\/2026\\\/05\\\/a4b13855-df14-4e74-9b84-d3ff14fce7ec.jpeg\",\"width\":1040,\"height\":780},{\"@type\":\"BreadcrumbList\",\"@id\":\"https:\\\/\\\/ku.r-enks.net\\\/?p=25263#breadcrumb\",\"itemListElement\":[{\"@type\":\"ListItem\",\"position\":1,\"name\":\"Home\",\"item\":\"https:\\\/\\\/ku.r-enks.net\\\/\"},{\"@type\":\"ListItem\",\"position\":2,\"name\":\"XWECIHIYA AM\u00dbD\u00ca CIV\u00ceNA XWE YA ASAY\u00ce LI DAR XISTIN SEROK \u00db DU C\u00ceGIR\u00caN W\u00ce HILBIJARTIN.\"}]},{\"@type\":\"WebSite\",\"@id\":\"https:\\\/\\\/ku.r-enks.net\\\/#website\",\"url\":\"https:\\\/\\\/ku.r-enks.net\\\/\",\"name\":\"Ragihandina Enc\u00fbmena Ni\u015ft\u00eeman\u00ee kurd\u00ee li S\u00fbriy\u00ea\",\"description\":\"\u0627\u0644\u0645\u062c\u0644\u0633 \u0627\u0644\u0648\u0637\u0646\u064a \u0627\u0644\u0643\u0648\u0631\u062f\u064a \u0641\u064a \u0633\u0648\u0631\u064a\u0627\",\"publisher\":{\"@id\":\"https:\\\/\\\/ku.r-enks.net\\\/#organization\"},\"potentialAction\":[{\"@type\":\"SearchAction\",\"target\":{\"@type\":\"EntryPoint\",\"urlTemplate\":\"https:\\\/\\\/ku.r-enks.net\\\/?s={search_term_string}\"},\"query-input\":{\"@type\":\"PropertyValueSpecification\",\"valueRequired\":true,\"valueName\":\"search_term_string\"}}],\"inLanguage\":\"en-GB\"},{\"@type\":\"Organization\",\"@id\":\"https:\\\/\\\/ku.r-enks.net\\\/#organization\",\"name\":\"Ragihandina Enc\u00fbmena Ni\u015ft\u00eeman\u00ee kurd\u00ee li S\u00fbriy\u00ea\",\"url\":\"https:\\\/\\\/ku.r-enks.net\\\/\",\"logo\":{\"@type\":\"ImageObject\",\"inLanguage\":\"en-GB\",\"@id\":\"https:\\\/\\\/ku.r-enks.net\\\/#\\\/schema\\\/logo\\\/image\\\/\",\"url\":\"https:\\\/\\\/ku.r-enks.net\\\/wp-content\\\/uploads\\\/2025\\\/08\\\/IMG_1702.jpeg\",\"contentUrl\":\"https:\\\/\\\/ku.r-enks.net\\\/wp-content\\\/uploads\\\/2025\\\/08\\\/IMG_1702.jpeg\",\"width\":283,\"height\":178,\"caption\":\"Ragihandina Enc\u00fbmena Ni\u015ft\u00eeman\u00ee kurd\u00ee li S\u00fbriy\u00ea\"},\"image\":{\"@id\":\"https:\\\/\\\/ku.r-enks.net\\\/#\\\/schema\\\/logo\\\/image\\\/\"}},{\"@type\":\"Person\",\"@id\":\"https:\\\/\\\/ku.r-enks.net\\\/#\\\/schema\\\/person\\\/b5083e97489c8f4a39ec5ef09a24d63e\",\"name\":\"ferhad \u015e\u00eaxo\",\"image\":{\"@type\":\"ImageObject\",\"inLanguage\":\"en-GB\",\"@id\":\"https:\\\/\\\/secure.gravatar.com\\\/avatar\\\/07bbc22fb9fb2ef801b2fbaa0aabbccce9823f175eecbf6562ba080b1c55e14a?s=96&d=mm&r=g\",\"url\":\"https:\\\/\\\/secure.gravatar.com\\\/avatar\\\/07bbc22fb9fb2ef801b2fbaa0aabbccce9823f175eecbf6562ba080b1c55e14a?s=96&d=mm&r=g\",\"contentUrl\":\"https:\\\/\\\/secure.gravatar.com\\\/avatar\\\/07bbc22fb9fb2ef801b2fbaa0aabbccce9823f175eecbf6562ba080b1c55e14a?s=96&d=mm&r=g\",\"caption\":\"ferhad \u015e\u00eaxo\"},\"sameAs\":[\"http:\\\/\\\/Ferhad\"],\"url\":\"https:\\\/\\\/ku.r-enks.net\\\/?author=9\"}]}<\/script>\n<!-- \/ Yoast SEO plugin. -->","yoast_head_json":{"title":"XWECIHIYA AM\u00dbD\u00ca CIV\u00ceNA XWE YA ASAY\u00ce LI DAR XISTIN SEROK \u00db DU C\u00ceGIR\u00caN W\u00ce HILBIJARTIN. - Ragihandina Enc\u00fbmena Ni\u015ft\u00eeman\u00ee kurd\u00ee li S\u00fbriy\u00ea","robots":{"index":"index","follow":"follow","max-snippet":"max-snippet:-1","max-image-preview":"max-image-preview:large","max-video-preview":"max-video-preview:-1"},"canonical":"https:\/\/ku.r-enks.net\/?p=25263","og_locale":"en_GB","og_type":"article","og_title":"XWECIHIYA AM\u00dbD\u00ca CIV\u00ceNA XWE YA ASAY\u00ce LI DAR XISTIN SEROK \u00db DU C\u00ceGIR\u00caN W\u00ce HILBIJARTIN. - Ragihandina Enc\u00fbmena Ni\u015ft\u00eeman\u00ee kurd\u00ee li S\u00fbriy\u00ea","og_description":"XWECIHIYA AM\u00dbD\u00ca CIV\u00ceNA XWE YA ASAY\u00ce LI DAR XISTIN SEROK \u00db DU C\u00ceGIR\u00caN W\u00ce HILBIJARTIN. Enc\u00fbmena xwecih\u00ee ya bajar\u00ea Am\u00fbd\u00ea ya bi ser ENKS\u00ea ve, li navenda xwe roja \u015eemiy\u00ea 2\/5\/2026 an, civ\u00eena xwe ya asay\u00ee lidarxist. Di destp\u00eak\u00ea de,hem\u00fb endam hatin bix\u00earhatin \u00fb pi\u015ftre xwecih\u00ee k\u00eal\u00eekek b\u00eadeng li ser giyan\u00ean pakrewan\u00ean Kurd \u00fb Kurdistan\u00ea, [&hellip;]","og_url":"https:\/\/ku.r-enks.net\/?p=25263","og_site_name":"Ragihandina Enc\u00fbmena Ni\u015ft\u00eeman\u00ee kurd\u00ee li S\u00fbriy\u00ea","article_published_time":"2026-05-02T22:06:22+00:00","og_image":[{"width":1040,"height":780,"url":"https:\/\/ku.r-enks.net\/wp-content\/uploads\/2026\/05\/a4b13855-df14-4e74-9b84-d3ff14fce7ec.jpeg","type":"image\/jpeg"}],"author":"ferhad \u015e\u00eaxo","twitter_card":"summary_large_image","twitter_misc":{"Written by":"ferhad \u015e\u00eaxo","Estimated reading time":"2 minutes"},"schema":{"@context":"https:\/\/schema.org","@graph":[{"@type":"Article","@id":"https:\/\/ku.r-enks.net\/?p=25263#article","isPartOf":{"@id":"https:\/\/ku.r-enks.net\/?p=25263"},"author":{"name":"ferhad \u015e\u00eaxo","@id":"https:\/\/ku.r-enks.net\/#\/schema\/person\/b5083e97489c8f4a39ec5ef09a24d63e"},"headline":"XWECIHIYA AM\u00dbD\u00ca CIV\u00ceNA XWE YA ASAY\u00ce LI DAR XISTIN SEROK \u00db DU C\u00ceGIR\u00caN W\u00ce HILBIJARTIN.","datePublished":"2026-05-02T22:06:22+00:00","mainEntityOfPage":{"@id":"https:\/\/ku.r-enks.net\/?p=25263"},"wordCount":271,"commentCount":0,"publisher":{"@id":"https:\/\/ku.r-enks.net\/#organization"},"image":{"@id":"https:\/\/ku.r-enks.net\/?p=25263#primaryimage"},"thumbnailUrl":"https:\/\/ku.r-enks.net\/wp-content\/uploads\/2026\/05\/a4b13855-df14-4e74-9b84-d3ff14fce7ec.jpeg","articleSection":["Breaking news","N\u00fb\u00e7e","Rapor\u00ean Taybet"],"inLanguage":"en-GB","potentialAction":[{"@type":"CommentAction","name":"Comment","target":["https:\/\/ku.r-enks.net\/?p=25263#respond"]}]},{"@type":"WebPage","@id":"https:\/\/ku.r-enks.net\/?p=25263","url":"https:\/\/ku.r-enks.net\/?p=25263","name":"XWECIHIYA AM\u00dbD\u00ca CIV\u00ceNA XWE YA ASAY\u00ce LI DAR XISTIN SEROK \u00db DU C\u00ceGIR\u00caN W\u00ce HILBIJARTIN. - Ragihandina Enc\u00fbmena Ni\u015ft\u00eeman\u00ee kurd\u00ee li S\u00fbriy\u00ea","isPartOf":{"@id":"https:\/\/ku.r-enks.net\/#website"},"primaryImageOfPage":{"@id":"https:\/\/ku.r-enks.net\/?p=25263#primaryimage"},"image":{"@id":"https:\/\/ku.r-enks.net\/?p=25263#primaryimage"},"thumbnailUrl":"https:\/\/ku.r-enks.net\/wp-content\/uploads\/2026\/05\/a4b13855-df14-4e74-9b84-d3ff14fce7ec.jpeg","datePublished":"2026-05-02T22:06:22+00:00","breadcrumb":{"@id":"https:\/\/ku.r-enks.net\/?p=25263#breadcrumb"},"inLanguage":"en-GB","potentialAction":[{"@type":"ReadAction","target":["https:\/\/ku.r-enks.net\/?p=25263"]}]},{"@type":"ImageObject","inLanguage":"en-GB","@id":"https:\/\/ku.r-enks.net\/?p=25263#primaryimage","url":"https:\/\/ku.r-enks.net\/wp-content\/uploads\/2026\/05\/a4b13855-df14-4e74-9b84-d3ff14fce7ec.jpeg","contentUrl":"https:\/\/ku.r-enks.net\/wp-content\/uploads\/2026\/05\/a4b13855-df14-4e74-9b84-d3ff14fce7ec.jpeg","width":1040,"height":780},{"@type":"BreadcrumbList","@id":"https:\/\/ku.r-enks.net\/?p=25263#breadcrumb","itemListElement":[{"@type":"ListItem","position":1,"name":"Home","item":"https:\/\/ku.r-enks.net\/"},{"@type":"ListItem","position":2,"name":"XWECIHIYA AM\u00dbD\u00ca CIV\u00ceNA XWE YA ASAY\u00ce LI DAR XISTIN SEROK \u00db DU C\u00ceGIR\u00caN W\u00ce HILBIJARTIN."}]},{"@type":"WebSite","@id":"https:\/\/ku.r-enks.net\/#website","url":"https:\/\/ku.r-enks.net\/","name":"Ragihandina Enc\u00fbmena Ni\u015ft\u00eeman\u00ee kurd\u00ee li S\u00fbriy\u00ea","description":"\u0627\u0644\u0645\u062c\u0644\u0633 \u0627\u0644\u0648\u0637\u0646\u064a \u0627\u0644\u0643\u0648\u0631\u062f\u064a \u0641\u064a \u0633\u0648\u0631\u064a\u0627","publisher":{"@id":"https:\/\/ku.r-enks.net\/#organization"},"potentialAction":[{"@type":"SearchAction","target":{"@type":"EntryPoint","urlTemplate":"https:\/\/ku.r-enks.net\/?s={search_term_string}"},"query-input":{"@type":"PropertyValueSpecification","valueRequired":true,"valueName":"search_term_string"}}],"inLanguage":"en-GB"},{"@type":"Organization","@id":"https:\/\/ku.r-enks.net\/#organization","name":"Ragihandina Enc\u00fbmena Ni\u015ft\u00eeman\u00ee kurd\u00ee li S\u00fbriy\u00ea","url":"https:\/\/ku.r-enks.net\/","logo":{"@type":"ImageObject","inLanguage":"en-GB","@id":"https:\/\/ku.r-enks.net\/#\/schema\/logo\/image\/","url":"https:\/\/ku.r-enks.net\/wp-content\/uploads\/2025\/08\/IMG_1702.jpeg","contentUrl":"https:\/\/ku.r-enks.net\/wp-content\/uploads\/2025\/08\/IMG_1702.jpeg","width":283,"height":178,"caption":"Ragihandina Enc\u00fbmena Ni\u015ft\u00eeman\u00ee kurd\u00ee li S\u00fbriy\u00ea"},"image":{"@id":"https:\/\/ku.r-enks.net\/#\/schema\/logo\/image\/"}},{"@type":"Person","@id":"https:\/\/ku.r-enks.net\/#\/schema\/person\/b5083e97489c8f4a39ec5ef09a24d63e","name":"ferhad \u015e\u00eaxo","image":{"@type":"ImageObject","inLanguage":"en-GB","@id":"https:\/\/secure.gravatar.com\/avatar\/07bbc22fb9fb2ef801b2fbaa0aabbccce9823f175eecbf6562ba080b1c55e14a?s=96&d=mm&r=g","url":"https:\/\/secure.gravatar.com\/avatar\/07bbc22fb9fb2ef801b2fbaa0aabbccce9823f175eecbf6562ba080b1c55e14a?s=96&d=mm&r=g","contentUrl":"https:\/\/secure.gravatar.com\/avatar\/07bbc22fb9fb2ef801b2fbaa0aabbccce9823f175eecbf6562ba080b1c55e14a?s=96&d=mm&r=g","caption":"ferhad \u015e\u00eaxo"},"sameAs":["http:\/\/Ferhad"],"url":"https:\/\/ku.r-enks.net\/?author=9"}]}},"_links":{"self":[{"href":"https:\/\/ku.r-enks.net\/index.php?rest_route=\/wp\/v2\/posts\/25263","targetHints":{"allow":["GET"]}}],"collection":[{"href":"https:\/\/ku.r-enks.net\/index.php?rest_route=\/wp\/v2\/posts"}],"about":[{"href":"https:\/\/ku.r-enks.net\/index.php?rest_route=\/wp\/v2\/types\/post"}],"author":[{"embeddable":true,"href":"https:\/\/ku.r-enks.net\/index.php?rest_route=\/wp\/v2\/users\/9"}],"replies":[{"embeddable":true,"href":"https:\/\/ku.r-enks.net\/index.php?rest_route=%2Fwp%2Fv2%2Fcomments&post=25263"}],"version-history":[{"count":1,"href":"https:\/\/ku.r-enks.net\/index.php?rest_route=\/wp\/v2\/posts\/25263\/revisions"}],"predecessor-version":[{"id":25265,"href":"https:\/\/ku.r-enks.net\/index.php?rest_route=\/wp\/v2\/posts\/25263\/revisions\/25265"}],"wp:featuredmedia":[{"embeddable":true,"href":"https:\/\/ku.r-enks.net\/index.php?rest_route=\/wp\/v2\/media\/25264"}],"wp:attachment":[{"href":"https:\/\/ku.r-enks.net\/index.php?rest_route=%2Fwp%2Fv2%2Fmedia&parent=25263"}],"wp:term":[{"taxonomy":"category","embeddable":true,"href":"https:\/\/ku.r-enks.net\/index.php?rest_route=%2Fwp%2Fv2%2Fcategories&post=25263"},{"taxonomy":"post_tag","embeddable":true,"href":"https:\/\/ku.r-enks.net\/index.php?rest_route=%2Fwp%2Fv2%2Ftags&post=25263"}],"curies":[{"name":"wp","href":"https:\/\/api.w.org\/{rel}","templated":true}]}}