{"id":25260,"date":"2026-05-02T10:47:40","date_gmt":"2026-05-02T10:47:40","guid":{"rendered":"https:\/\/ku.r-enks.net\/?p=25260"},"modified":"2026-05-02T10:47:40","modified_gmt":"2026-05-02T10:47:40","slug":"erisen-israile-li-ser-lubnane","status":"publish","type":"post","link":"https:\/\/ku.r-enks.net\/?p=25260","title":{"rendered":"\u00car\u00ee\u015f\u00ean Isra\u00eel\u00ea li ser Lubnan\u00ea."},"content":{"rendered":"<p>\u00car\u00ee\u015f\u00ean Isra\u00eel\u00ea li ser Lubnan\u00ea.<\/p>\n<p>&nbsp;<\/p>\n<p>T\u00ea zan\u00een ku di 2 \u00ea Adar\u00ea de , Art\u00ea\u015fa Isra\u00eel\u00ea \u00ear\u00ee\u015f\u00ean xwe li ser Lubnan\u00ea destp\u00eakir.<\/p>\n<p>\u00db di 17 \u00ea N\u00eesan\u00ea de agirbest hatib\u00fb ragihandin l\u00ea art\u00ea\u015fa Isra\u00eel\u00ea \u00ear\u00ee\u015f\u00ean xwe didomand.<\/p>\n<p>\u00db di encama van \u00ear\u00ee\u015fan de hejmarek mezin ji welatiyan ji Lubnan\u00ea ko\u00e7berb\u00fbn \u00fb li gor\u00ee wezareta tendurist\u00ee ya Libnan\u00ea ku behtir\u00ee 2 hezar \u00fb 500 kesan di encama van \u00ear\u00ee\u015fan de hatine ku\u015ftin.<\/p>\n<p>\u00db di v\u00ea derbar\u00ea de diho p\u00ean\u00e7\u015fem\u00ea 30 N\u00eesan\u00ea art\u00ea\u015fa Isra\u00eel\u00ea li ba\u015f\u00fbr\u00ea Libnan\u00ea \u00ear\u00ee\u015fek p\u00eak an\u00ee \u00fb di encam\u00ea de 11 kes hatin ku\u015ftin.<\/p>\n<p>&nbsp;<\/p>\n<p>Ragihandina ENKS\u00ea<br \/>\nQami\u015flo<\/p>\n","protected":false},"excerpt":{"rendered":"<p>\u00car\u00ee\u015f\u00ean Isra\u00eel\u00ea li ser Lubnan\u00ea. &nbsp; T\u00ea zan\u00een ku di 2 \u00ea Adar\u00ea de , Art\u00ea\u015fa Isra\u00eel\u00ea \u00ear\u00ee\u015f\u00ean xwe li ser Lubnan\u00ea destp\u00eakir. \u00db di 17 \u00ea N\u00eesan\u00ea de agirbest hatib\u00fb ragihandin l\u00ea art\u00ea\u015fa Isra\u00eel\u00ea \u00ear\u00ee\u015f\u00ean xwe didomand. \u00db di encama van \u00ear\u00ee\u015fan de hejmarek mezin ji welatiyan ji Lubnan\u00ea ko\u00e7berb\u00fbn \u00fb li gor\u00ee wezareta [&hellip;]<\/p>\n","protected":false},"author":9,"featured_media":25261,"comment_status":"open","ping_status":"open","sticky":false,"template":"","format":"standard","meta":{"jnews-multi-image_gallery":[],"jnews_single_post":[],"jnews_primary_category":[],"jnews_override_counter":[],"footnotes":""},"categories":[64,39,58,38,47],"tags":[],"class_list":["post-25260","post","type-post","status-publish","format-standard","has-post-thumbnail","hentry","category-breaking-news","category-nuce","category-nuceyen-bilez","category-nuceyen-kurdistani","category-raporen-taybet"],"yoast_head":"<!-- This site is optimized with the Yoast SEO plugin v27.5 - https:\/\/yoast.com\/product\/yoast-seo-wordpress\/ -->\n<title>\u00car\u00ee\u015f\u00ean Isra\u00eel\u00ea li ser Lubnan\u00ea. - Ragihandina Enc\u00fbmena Ni\u015ft\u00eeman\u00ee kurd\u00ee li S\u00fbriy\u00ea<\/title>\n<meta name=\"robots\" content=\"index, follow, max-snippet:-1, max-image-preview:large, max-video-preview:-1\" \/>\n<link rel=\"canonical\" href=\"https:\/\/ku.r-enks.net\/?p=25260\" \/>\n<meta property=\"og:locale\" content=\"en_GB\" \/>\n<meta property=\"og:type\" content=\"article\" \/>\n<meta property=\"og:title\" content=\"\u00car\u00ee\u015f\u00ean Isra\u00eel\u00ea li ser Lubnan\u00ea. - Ragihandina Enc\u00fbmena Ni\u015ft\u00eeman\u00ee kurd\u00ee li S\u00fbriy\u00ea\" \/>\n<meta property=\"og:description\" content=\"\u00car\u00ee\u015f\u00ean Isra\u00eel\u00ea li ser Lubnan\u00ea. &nbsp; T\u00ea zan\u00een ku di 2 \u00ea Adar\u00ea de , Art\u00ea\u015fa Isra\u00eel\u00ea \u00ear\u00ee\u015f\u00ean xwe li ser Lubnan\u00ea destp\u00eakir. \u00db di 17 \u00ea N\u00eesan\u00ea de agirbest hatib\u00fb ragihandin l\u00ea art\u00ea\u015fa Isra\u00eel\u00ea \u00ear\u00ee\u015f\u00ean xwe didomand. \u00db di encama van \u00ear\u00ee\u015fan de hejmarek mezin ji welatiyan ji Lubnan\u00ea ko\u00e7berb\u00fbn \u00fb li gor\u00ee wezareta [&hellip;]\" \/>\n<meta property=\"og:url\" content=\"https:\/\/ku.r-enks.net\/?p=25260\" \/>\n<meta property=\"og:site_name\" content=\"Ragihandina Enc\u00fbmena Ni\u015ft\u00eeman\u00ee kurd\u00ee li S\u00fbriy\u00ea\" \/>\n<meta property=\"article:published_time\" content=\"2026-05-02T10:47:40+00:00\" \/>\n<meta property=\"og:image\" content=\"https:\/\/ku.r-enks.net\/wp-content\/uploads\/2026\/05\/f577fbe5-4d53-4016-abc5-19805cd51c4f.jpeg\" \/>\n\t<meta property=\"og:image:width\" content=\"870\" \/>\n\t<meta property=\"og:image:height\" content=\"489\" \/>\n\t<meta property=\"og:image:type\" content=\"image\/jpeg\" \/>\n<meta name=\"author\" content=\"ferhad \u015e\u00eaxo\" \/>\n<meta name=\"twitter:card\" content=\"summary_large_image\" \/>\n<meta name=\"twitter:label1\" content=\"Written by\" \/>\n\t<meta name=\"twitter:data1\" content=\"ferhad \u015e\u00eaxo\" \/>\n\t<meta name=\"twitter:label2\" content=\"Estimated reading time\" \/>\n\t<meta name=\"twitter:data2\" content=\"1 minute\" \/>\n<script type=\"application\/ld+json\" class=\"yoast-schema-graph\">{\"@context\":\"https:\\\/\\\/schema.org\",\"@graph\":[{\"@type\":\"Article\",\"@id\":\"https:\\\/\\\/ku.r-enks.net\\\/?p=25260#article\",\"isPartOf\":{\"@id\":\"https:\\\/\\\/ku.r-enks.net\\\/?p=25260\"},\"author\":{\"name\":\"ferhad \u015e\u00eaxo\",\"@id\":\"https:\\\/\\\/ku.r-enks.net\\\/#\\\/schema\\\/person\\\/b5083e97489c8f4a39ec5ef09a24d63e\"},\"headline\":\"\u00car\u00ee\u015f\u00ean Isra\u00eel\u00ea li ser Lubnan\u00ea.\",\"datePublished\":\"2026-05-02T10:47:40+00:00\",\"mainEntityOfPage\":{\"@id\":\"https:\\\/\\\/ku.r-enks.net\\\/?p=25260\"},\"wordCount\":119,\"commentCount\":0,\"publisher\":{\"@id\":\"https:\\\/\\\/ku.r-enks.net\\\/#organization\"},\"image\":{\"@id\":\"https:\\\/\\\/ku.r-enks.net\\\/?p=25260#primaryimage\"},\"thumbnailUrl\":\"https:\\\/\\\/ku.r-enks.net\\\/wp-content\\\/uploads\\\/2026\\\/05\\\/f577fbe5-4d53-4016-abc5-19805cd51c4f.jpeg\",\"articleSection\":[\"Breaking news\",\"N\u00fb\u00e7e\",\"N\u00fb\u00e7ey\u00ean Bilez\",\"N\u00fb\u00e7ey\u00ean Kurdistan\u00ee\",\"Rapor\u00ean Taybet\"],\"inLanguage\":\"en-GB\",\"potentialAction\":[{\"@type\":\"CommentAction\",\"name\":\"Comment\",\"target\":[\"https:\\\/\\\/ku.r-enks.net\\\/?p=25260#respond\"]}]},{\"@type\":\"WebPage\",\"@id\":\"https:\\\/\\\/ku.r-enks.net\\\/?p=25260\",\"url\":\"https:\\\/\\\/ku.r-enks.net\\\/?p=25260\",\"name\":\"\u00car\u00ee\u015f\u00ean Isra\u00eel\u00ea li ser Lubnan\u00ea. - Ragihandina Enc\u00fbmena Ni\u015ft\u00eeman\u00ee kurd\u00ee li S\u00fbriy\u00ea\",\"isPartOf\":{\"@id\":\"https:\\\/\\\/ku.r-enks.net\\\/#website\"},\"primaryImageOfPage\":{\"@id\":\"https:\\\/\\\/ku.r-enks.net\\\/?p=25260#primaryimage\"},\"image\":{\"@id\":\"https:\\\/\\\/ku.r-enks.net\\\/?p=25260#primaryimage\"},\"thumbnailUrl\":\"https:\\\/\\\/ku.r-enks.net\\\/wp-content\\\/uploads\\\/2026\\\/05\\\/f577fbe5-4d53-4016-abc5-19805cd51c4f.jpeg\",\"datePublished\":\"2026-05-02T10:47:40+00:00\",\"breadcrumb\":{\"@id\":\"https:\\\/\\\/ku.r-enks.net\\\/?p=25260#breadcrumb\"},\"inLanguage\":\"en-GB\",\"potentialAction\":[{\"@type\":\"ReadAction\",\"target\":[\"https:\\\/\\\/ku.r-enks.net\\\/?p=25260\"]}]},{\"@type\":\"ImageObject\",\"inLanguage\":\"en-GB\",\"@id\":\"https:\\\/\\\/ku.r-enks.net\\\/?p=25260#primaryimage\",\"url\":\"https:\\\/\\\/ku.r-enks.net\\\/wp-content\\\/uploads\\\/2026\\\/05\\\/f577fbe5-4d53-4016-abc5-19805cd51c4f.jpeg\",\"contentUrl\":\"https:\\\/\\\/ku.r-enks.net\\\/wp-content\\\/uploads\\\/2026\\\/05\\\/f577fbe5-4d53-4016-abc5-19805cd51c4f.jpeg\",\"width\":870,\"height\":489},{\"@type\":\"BreadcrumbList\",\"@id\":\"https:\\\/\\\/ku.r-enks.net\\\/?p=25260#breadcrumb\",\"itemListElement\":[{\"@type\":\"ListItem\",\"position\":1,\"name\":\"Home\",\"item\":\"https:\\\/\\\/ku.r-enks.net\\\/\"},{\"@type\":\"ListItem\",\"position\":2,\"name\":\"\u00car\u00ee\u015f\u00ean Isra\u00eel\u00ea li ser Lubnan\u00ea.\"}]},{\"@type\":\"WebSite\",\"@id\":\"https:\\\/\\\/ku.r-enks.net\\\/#website\",\"url\":\"https:\\\/\\\/ku.r-enks.net\\\/\",\"name\":\"Ragihandina Enc\u00fbmena Ni\u015ft\u00eeman\u00ee kurd\u00ee li S\u00fbriy\u00ea\",\"description\":\"\u0627\u0644\u0645\u062c\u0644\u0633 \u0627\u0644\u0648\u0637\u0646\u064a \u0627\u0644\u0643\u0648\u0631\u062f\u064a \u0641\u064a \u0633\u0648\u0631\u064a\u0627\",\"publisher\":{\"@id\":\"https:\\\/\\\/ku.r-enks.net\\\/#organization\"},\"potentialAction\":[{\"@type\":\"SearchAction\",\"target\":{\"@type\":\"EntryPoint\",\"urlTemplate\":\"https:\\\/\\\/ku.r-enks.net\\\/?s={search_term_string}\"},\"query-input\":{\"@type\":\"PropertyValueSpecification\",\"valueRequired\":true,\"valueName\":\"search_term_string\"}}],\"inLanguage\":\"en-GB\"},{\"@type\":\"Organization\",\"@id\":\"https:\\\/\\\/ku.r-enks.net\\\/#organization\",\"name\":\"Ragihandina Enc\u00fbmena Ni\u015ft\u00eeman\u00ee kurd\u00ee li S\u00fbriy\u00ea\",\"url\":\"https:\\\/\\\/ku.r-enks.net\\\/\",\"logo\":{\"@type\":\"ImageObject\",\"inLanguage\":\"en-GB\",\"@id\":\"https:\\\/\\\/ku.r-enks.net\\\/#\\\/schema\\\/logo\\\/image\\\/\",\"url\":\"https:\\\/\\\/ku.r-enks.net\\\/wp-content\\\/uploads\\\/2025\\\/08\\\/IMG_1702.jpeg\",\"contentUrl\":\"https:\\\/\\\/ku.r-enks.net\\\/wp-content\\\/uploads\\\/2025\\\/08\\\/IMG_1702.jpeg\",\"width\":283,\"height\":178,\"caption\":\"Ragihandina Enc\u00fbmena Ni\u015ft\u00eeman\u00ee kurd\u00ee li S\u00fbriy\u00ea\"},\"image\":{\"@id\":\"https:\\\/\\\/ku.r-enks.net\\\/#\\\/schema\\\/logo\\\/image\\\/\"}},{\"@type\":\"Person\",\"@id\":\"https:\\\/\\\/ku.r-enks.net\\\/#\\\/schema\\\/person\\\/b5083e97489c8f4a39ec5ef09a24d63e\",\"name\":\"ferhad \u015e\u00eaxo\",\"image\":{\"@type\":\"ImageObject\",\"inLanguage\":\"en-GB\",\"@id\":\"https:\\\/\\\/secure.gravatar.com\\\/avatar\\\/07bbc22fb9fb2ef801b2fbaa0aabbccce9823f175eecbf6562ba080b1c55e14a?s=96&d=mm&r=g\",\"url\":\"https:\\\/\\\/secure.gravatar.com\\\/avatar\\\/07bbc22fb9fb2ef801b2fbaa0aabbccce9823f175eecbf6562ba080b1c55e14a?s=96&d=mm&r=g\",\"contentUrl\":\"https:\\\/\\\/secure.gravatar.com\\\/avatar\\\/07bbc22fb9fb2ef801b2fbaa0aabbccce9823f175eecbf6562ba080b1c55e14a?s=96&d=mm&r=g\",\"caption\":\"ferhad \u015e\u00eaxo\"},\"sameAs\":[\"http:\\\/\\\/Ferhad\"],\"url\":\"https:\\\/\\\/ku.r-enks.net\\\/?author=9\"}]}<\/script>\n<!-- \/ Yoast SEO plugin. -->","yoast_head_json":{"title":"\u00car\u00ee\u015f\u00ean Isra\u00eel\u00ea li ser Lubnan\u00ea. - Ragihandina Enc\u00fbmena Ni\u015ft\u00eeman\u00ee kurd\u00ee li S\u00fbriy\u00ea","robots":{"index":"index","follow":"follow","max-snippet":"max-snippet:-1","max-image-preview":"max-image-preview:large","max-video-preview":"max-video-preview:-1"},"canonical":"https:\/\/ku.r-enks.net\/?p=25260","og_locale":"en_GB","og_type":"article","og_title":"\u00car\u00ee\u015f\u00ean Isra\u00eel\u00ea li ser Lubnan\u00ea. - Ragihandina Enc\u00fbmena Ni\u015ft\u00eeman\u00ee kurd\u00ee li S\u00fbriy\u00ea","og_description":"\u00car\u00ee\u015f\u00ean Isra\u00eel\u00ea li ser Lubnan\u00ea. &nbsp; T\u00ea zan\u00een ku di 2 \u00ea Adar\u00ea de , Art\u00ea\u015fa Isra\u00eel\u00ea \u00ear\u00ee\u015f\u00ean xwe li ser Lubnan\u00ea destp\u00eakir. \u00db di 17 \u00ea N\u00eesan\u00ea de agirbest hatib\u00fb ragihandin l\u00ea art\u00ea\u015fa Isra\u00eel\u00ea \u00ear\u00ee\u015f\u00ean xwe didomand. \u00db di encama van \u00ear\u00ee\u015fan de hejmarek mezin ji welatiyan ji Lubnan\u00ea ko\u00e7berb\u00fbn \u00fb li gor\u00ee wezareta [&hellip;]","og_url":"https:\/\/ku.r-enks.net\/?p=25260","og_site_name":"Ragihandina Enc\u00fbmena Ni\u015ft\u00eeman\u00ee kurd\u00ee li S\u00fbriy\u00ea","article_published_time":"2026-05-02T10:47:40+00:00","og_image":[{"width":870,"height":489,"url":"https:\/\/ku.r-enks.net\/wp-content\/uploads\/2026\/05\/f577fbe5-4d53-4016-abc5-19805cd51c4f.jpeg","type":"image\/jpeg"}],"author":"ferhad \u015e\u00eaxo","twitter_card":"summary_large_image","twitter_misc":{"Written by":"ferhad \u015e\u00eaxo","Estimated reading time":"1 minute"},"schema":{"@context":"https:\/\/schema.org","@graph":[{"@type":"Article","@id":"https:\/\/ku.r-enks.net\/?p=25260#article","isPartOf":{"@id":"https:\/\/ku.r-enks.net\/?p=25260"},"author":{"name":"ferhad \u015e\u00eaxo","@id":"https:\/\/ku.r-enks.net\/#\/schema\/person\/b5083e97489c8f4a39ec5ef09a24d63e"},"headline":"\u00car\u00ee\u015f\u00ean Isra\u00eel\u00ea li ser Lubnan\u00ea.","datePublished":"2026-05-02T10:47:40+00:00","mainEntityOfPage":{"@id":"https:\/\/ku.r-enks.net\/?p=25260"},"wordCount":119,"commentCount":0,"publisher":{"@id":"https:\/\/ku.r-enks.net\/#organization"},"image":{"@id":"https:\/\/ku.r-enks.net\/?p=25260#primaryimage"},"thumbnailUrl":"https:\/\/ku.r-enks.net\/wp-content\/uploads\/2026\/05\/f577fbe5-4d53-4016-abc5-19805cd51c4f.jpeg","articleSection":["Breaking news","N\u00fb\u00e7e","N\u00fb\u00e7ey\u00ean Bilez","N\u00fb\u00e7ey\u00ean Kurdistan\u00ee","Rapor\u00ean Taybet"],"inLanguage":"en-GB","potentialAction":[{"@type":"CommentAction","name":"Comment","target":["https:\/\/ku.r-enks.net\/?p=25260#respond"]}]},{"@type":"WebPage","@id":"https:\/\/ku.r-enks.net\/?p=25260","url":"https:\/\/ku.r-enks.net\/?p=25260","name":"\u00car\u00ee\u015f\u00ean Isra\u00eel\u00ea li ser Lubnan\u00ea. - Ragihandina Enc\u00fbmena Ni\u015ft\u00eeman\u00ee kurd\u00ee li S\u00fbriy\u00ea","isPartOf":{"@id":"https:\/\/ku.r-enks.net\/#website"},"primaryImageOfPage":{"@id":"https:\/\/ku.r-enks.net\/?p=25260#primaryimage"},"image":{"@id":"https:\/\/ku.r-enks.net\/?p=25260#primaryimage"},"thumbnailUrl":"https:\/\/ku.r-enks.net\/wp-content\/uploads\/2026\/05\/f577fbe5-4d53-4016-abc5-19805cd51c4f.jpeg","datePublished":"2026-05-02T10:47:40+00:00","breadcrumb":{"@id":"https:\/\/ku.r-enks.net\/?p=25260#breadcrumb"},"inLanguage":"en-GB","potentialAction":[{"@type":"ReadAction","target":["https:\/\/ku.r-enks.net\/?p=25260"]}]},{"@type":"ImageObject","inLanguage":"en-GB","@id":"https:\/\/ku.r-enks.net\/?p=25260#primaryimage","url":"https:\/\/ku.r-enks.net\/wp-content\/uploads\/2026\/05\/f577fbe5-4d53-4016-abc5-19805cd51c4f.jpeg","contentUrl":"https:\/\/ku.r-enks.net\/wp-content\/uploads\/2026\/05\/f577fbe5-4d53-4016-abc5-19805cd51c4f.jpeg","width":870,"height":489},{"@type":"BreadcrumbList","@id":"https:\/\/ku.r-enks.net\/?p=25260#breadcrumb","itemListElement":[{"@type":"ListItem","position":1,"name":"Home","item":"https:\/\/ku.r-enks.net\/"},{"@type":"ListItem","position":2,"name":"\u00car\u00ee\u015f\u00ean Isra\u00eel\u00ea li ser Lubnan\u00ea."}]},{"@type":"WebSite","@id":"https:\/\/ku.r-enks.net\/#website","url":"https:\/\/ku.r-enks.net\/","name":"Ragihandina Enc\u00fbmena Ni\u015ft\u00eeman\u00ee kurd\u00ee li S\u00fbriy\u00ea","description":"\u0627\u0644\u0645\u062c\u0644\u0633 \u0627\u0644\u0648\u0637\u0646\u064a \u0627\u0644\u0643\u0648\u0631\u062f\u064a \u0641\u064a \u0633\u0648\u0631\u064a\u0627","publisher":{"@id":"https:\/\/ku.r-enks.net\/#organization"},"potentialAction":[{"@type":"SearchAction","target":{"@type":"EntryPoint","urlTemplate":"https:\/\/ku.r-enks.net\/?s={search_term_string}"},"query-input":{"@type":"PropertyValueSpecification","valueRequired":true,"valueName":"search_term_string"}}],"inLanguage":"en-GB"},{"@type":"Organization","@id":"https:\/\/ku.r-enks.net\/#organization","name":"Ragihandina Enc\u00fbmena Ni\u015ft\u00eeman\u00ee kurd\u00ee li S\u00fbriy\u00ea","url":"https:\/\/ku.r-enks.net\/","logo":{"@type":"ImageObject","inLanguage":"en-GB","@id":"https:\/\/ku.r-enks.net\/#\/schema\/logo\/image\/","url":"https:\/\/ku.r-enks.net\/wp-content\/uploads\/2025\/08\/IMG_1702.jpeg","contentUrl":"https:\/\/ku.r-enks.net\/wp-content\/uploads\/2025\/08\/IMG_1702.jpeg","width":283,"height":178,"caption":"Ragihandina Enc\u00fbmena Ni\u015ft\u00eeman\u00ee kurd\u00ee li S\u00fbriy\u00ea"},"image":{"@id":"https:\/\/ku.r-enks.net\/#\/schema\/logo\/image\/"}},{"@type":"Person","@id":"https:\/\/ku.r-enks.net\/#\/schema\/person\/b5083e97489c8f4a39ec5ef09a24d63e","name":"ferhad \u015e\u00eaxo","image":{"@type":"ImageObject","inLanguage":"en-GB","@id":"https:\/\/secure.gravatar.com\/avatar\/07bbc22fb9fb2ef801b2fbaa0aabbccce9823f175eecbf6562ba080b1c55e14a?s=96&d=mm&r=g","url":"https:\/\/secure.gravatar.com\/avatar\/07bbc22fb9fb2ef801b2fbaa0aabbccce9823f175eecbf6562ba080b1c55e14a?s=96&d=mm&r=g","contentUrl":"https:\/\/secure.gravatar.com\/avatar\/07bbc22fb9fb2ef801b2fbaa0aabbccce9823f175eecbf6562ba080b1c55e14a?s=96&d=mm&r=g","caption":"ferhad \u015e\u00eaxo"},"sameAs":["http:\/\/Ferhad"],"url":"https:\/\/ku.r-enks.net\/?author=9"}]}},"_links":{"self":[{"href":"https:\/\/ku.r-enks.net\/index.php?rest_route=\/wp\/v2\/posts\/25260","targetHints":{"allow":["GET"]}}],"collection":[{"href":"https:\/\/ku.r-enks.net\/index.php?rest_route=\/wp\/v2\/posts"}],"about":[{"href":"https:\/\/ku.r-enks.net\/index.php?rest_route=\/wp\/v2\/types\/post"}],"author":[{"embeddable":true,"href":"https:\/\/ku.r-enks.net\/index.php?rest_route=\/wp\/v2\/users\/9"}],"replies":[{"embeddable":true,"href":"https:\/\/ku.r-enks.net\/index.php?rest_route=%2Fwp%2Fv2%2Fcomments&post=25260"}],"version-history":[{"count":1,"href":"https:\/\/ku.r-enks.net\/index.php?rest_route=\/wp\/v2\/posts\/25260\/revisions"}],"predecessor-version":[{"id":25262,"href":"https:\/\/ku.r-enks.net\/index.php?rest_route=\/wp\/v2\/posts\/25260\/revisions\/25262"}],"wp:featuredmedia":[{"embeddable":true,"href":"https:\/\/ku.r-enks.net\/index.php?rest_route=\/wp\/v2\/media\/25261"}],"wp:attachment":[{"href":"https:\/\/ku.r-enks.net\/index.php?rest_route=%2Fwp%2Fv2%2Fmedia&parent=25260"}],"wp:term":[{"taxonomy":"category","embeddable":true,"href":"https:\/\/ku.r-enks.net\/index.php?rest_route=%2Fwp%2Fv2%2Fcategories&post=25260"},{"taxonomy":"post_tag","embeddable":true,"href":"https:\/\/ku.r-enks.net\/index.php?rest_route=%2Fwp%2Fv2%2Ftags&post=25260"}],"curies":[{"name":"wp","href":"https:\/\/api.w.org\/{rel}","templated":true}]}}