{"id":25257,"date":"2026-05-02T10:46:15","date_gmt":"2026-05-02T10:46:15","guid":{"rendered":"https:\/\/ku.r-enks.net\/?p=25257"},"modified":"2026-05-02T10:46:15","modified_gmt":"2026-05-02T10:46:15","slug":"goreke-komi-ya-ku-57-term-te-de-bun-li-parezgeha-helebe-hate-ditin","status":"publish","type":"post","link":"https:\/\/ku.r-enks.net\/?p=25257","title":{"rendered":"Goreke kom\u00ee ya ku 57 term t\u00ea de b\u00fbn li par\u00eazgeha Heleb\u00ea hate d\u00eetin."},"content":{"rendered":"<p>Goreke kom\u00ee ya ku 57 term t\u00ea de b\u00fbn li par\u00eazgeha Heleb\u00ea hate d\u00eetin.<\/p>\n<p>&nbsp;<\/p>\n<p>Li par\u00eazgeha Heleb\u00ea goreke kom\u00ee hat d\u00eetin .<\/p>\n<p>Li gor\u00ee rawengeha S\u00fbr\u00ee bo maf\u00ea mirovan belgekiriye ku ji destp\u00eaka sala 2026an , 13, gor\u00ean kom\u00ee hatina d\u00eetin \u00fb 138 term t\u00eade b\u00fbn.<\/p>\n<p>\u00db Hejmara gor\u00ean Kom\u00ee y\u00ean ji destp\u00eaka sala 2026an de li S\u00fbriy\u00ea hatin d\u00eetin li seranser\u00ee nav\u00e7ey\u00ean S\u00fbriy\u00ea ev in:<\/p>\n<p>2 gor\u00ean kom\u00ee li Hims\u00ea ,ku 7 term t\u00eadeb\u00fbn .<\/p>\n<p>1 gor\u00ean kom\u00ee li \u015eam\u00ea, ku term\u00ea 11 qurba\u00ee t\u00eadeb\u00fbn.<\/p>\n<p>1 gor\u00ean kom\u00ee li gundewar\u00ean \u015eam\u00ea ,ku 14 term t\u00eade b\u00fbn.<\/p>\n<p>2 gora li par\u00eazgeha Homs\u00ea , 7 qurban\u00ee t\u00eadeb\u00fbn hatine d\u00eetin.<\/p>\n<p>3 gor\u00ean kom\u00ee li D\u00eareZor\u00ea, ku 19 term t\u00eadeb\u00fbn.<\/p>\n<p>2 gor\u00ean kom\u00ee li Heleb\u00ea ku 63 term t\u00eadeb\u00fbn.<\/p>\n<p>1 gor\u00ean kom\u00ee li Hesek\u00ea, ku 9 term t\u00eadeb\u00fbn.<\/p>\n<p>1 gora kom\u00ee li Hemay\u00ea ku 2 term t\u00eadeb\u00fbn.<\/p>\n<p>&nbsp;<\/p>\n<p>Ragihandina ENKS\u00ea<br \/>\nQami\u015flo<\/p>\n","protected":false},"excerpt":{"rendered":"<p>Goreke kom\u00ee ya ku 57 term t\u00ea de b\u00fbn li par\u00eazgeha Heleb\u00ea hate d\u00eetin. &nbsp; Li par\u00eazgeha Heleb\u00ea goreke kom\u00ee hat d\u00eetin . Li gor\u00ee rawengeha S\u00fbr\u00ee bo maf\u00ea mirovan belgekiriye ku ji destp\u00eaka sala 2026an , 13, gor\u00ean kom\u00ee hatina d\u00eetin \u00fb 138 term t\u00eade b\u00fbn. \u00db Hejmara gor\u00ean Kom\u00ee y\u00ean ji destp\u00eaka sala [&hellip;]<\/p>\n","protected":false},"author":9,"featured_media":25258,"comment_status":"open","ping_status":"open","sticky":false,"template":"","format":"standard","meta":{"jnews-multi-image_gallery":[],"jnews_single_post":[],"jnews_primary_category":[],"jnews_override_counter":[],"footnotes":""},"categories":[64,39,58,38,47],"tags":[],"class_list":["post-25257","post","type-post","status-publish","format-standard","has-post-thumbnail","hentry","category-breaking-news","category-nuce","category-nuceyen-bilez","category-nuceyen-kurdistani","category-raporen-taybet"],"yoast_head":"<!-- This site is optimized with the Yoast SEO plugin v27.5 - https:\/\/yoast.com\/product\/yoast-seo-wordpress\/ -->\n<title>Goreke kom\u00ee ya ku 57 term t\u00ea de b\u00fbn li par\u00eazgeha Heleb\u00ea hate d\u00eetin. - Ragihandina Enc\u00fbmena Ni\u015ft\u00eeman\u00ee kurd\u00ee li S\u00fbriy\u00ea<\/title>\n<meta name=\"robots\" content=\"index, follow, max-snippet:-1, max-image-preview:large, max-video-preview:-1\" \/>\n<link rel=\"canonical\" href=\"https:\/\/ku.r-enks.net\/?p=25257\" \/>\n<meta property=\"og:locale\" content=\"en_GB\" \/>\n<meta property=\"og:type\" content=\"article\" \/>\n<meta property=\"og:title\" content=\"Goreke kom\u00ee ya ku 57 term t\u00ea de b\u00fbn li par\u00eazgeha Heleb\u00ea hate d\u00eetin. - Ragihandina Enc\u00fbmena Ni\u015ft\u00eeman\u00ee kurd\u00ee li S\u00fbriy\u00ea\" \/>\n<meta property=\"og:description\" content=\"Goreke kom\u00ee ya ku 57 term t\u00ea de b\u00fbn li par\u00eazgeha Heleb\u00ea hate d\u00eetin. &nbsp; Li par\u00eazgeha Heleb\u00ea goreke kom\u00ee hat d\u00eetin . Li gor\u00ee rawengeha S\u00fbr\u00ee bo maf\u00ea mirovan belgekiriye ku ji destp\u00eaka sala 2026an , 13, gor\u00ean kom\u00ee hatina d\u00eetin \u00fb 138 term t\u00eade b\u00fbn. \u00db Hejmara gor\u00ean Kom\u00ee y\u00ean ji destp\u00eaka sala [&hellip;]\" \/>\n<meta property=\"og:url\" content=\"https:\/\/ku.r-enks.net\/?p=25257\" \/>\n<meta property=\"og:site_name\" content=\"Ragihandina Enc\u00fbmena Ni\u015ft\u00eeman\u00ee kurd\u00ee li S\u00fbriy\u00ea\" \/>\n<meta property=\"article:published_time\" content=\"2026-05-02T10:46:15+00:00\" \/>\n<meta property=\"og:image\" content=\"https:\/\/ku.r-enks.net\/wp-content\/uploads\/2026\/05\/36d205d2-95a3-4a0d-a9ef-fe7312b82218.jpeg\" \/>\n\t<meta property=\"og:image:width\" content=\"1080\" \/>\n\t<meta property=\"og:image:height\" content=\"558\" \/>\n\t<meta property=\"og:image:type\" content=\"image\/jpeg\" \/>\n<meta name=\"author\" content=\"ferhad \u015e\u00eaxo\" \/>\n<meta name=\"twitter:card\" content=\"summary_large_image\" \/>\n<meta name=\"twitter:label1\" content=\"Written by\" \/>\n\t<meta name=\"twitter:data1\" content=\"ferhad \u015e\u00eaxo\" \/>\n\t<meta name=\"twitter:label2\" content=\"Estimated reading time\" \/>\n\t<meta name=\"twitter:data2\" content=\"1 minute\" \/>\n<script type=\"application\/ld+json\" class=\"yoast-schema-graph\">{\"@context\":\"https:\\\/\\\/schema.org\",\"@graph\":[{\"@type\":\"Article\",\"@id\":\"https:\\\/\\\/ku.r-enks.net\\\/?p=25257#article\",\"isPartOf\":{\"@id\":\"https:\\\/\\\/ku.r-enks.net\\\/?p=25257\"},\"author\":{\"name\":\"ferhad \u015e\u00eaxo\",\"@id\":\"https:\\\/\\\/ku.r-enks.net\\\/#\\\/schema\\\/person\\\/b5083e97489c8f4a39ec5ef09a24d63e\"},\"headline\":\"Goreke kom\u00ee ya ku 57 term t\u00ea de b\u00fbn li par\u00eazgeha Heleb\u00ea hate d\u00eetin.\",\"datePublished\":\"2026-05-02T10:46:15+00:00\",\"mainEntityOfPage\":{\"@id\":\"https:\\\/\\\/ku.r-enks.net\\\/?p=25257\"},\"wordCount\":186,\"commentCount\":0,\"publisher\":{\"@id\":\"https:\\\/\\\/ku.r-enks.net\\\/#organization\"},\"image\":{\"@id\":\"https:\\\/\\\/ku.r-enks.net\\\/?p=25257#primaryimage\"},\"thumbnailUrl\":\"https:\\\/\\\/ku.r-enks.net\\\/wp-content\\\/uploads\\\/2026\\\/05\\\/36d205d2-95a3-4a0d-a9ef-fe7312b82218.jpeg\",\"articleSection\":[\"Breaking news\",\"N\u00fb\u00e7e\",\"N\u00fb\u00e7ey\u00ean Bilez\",\"N\u00fb\u00e7ey\u00ean Kurdistan\u00ee\",\"Rapor\u00ean Taybet\"],\"inLanguage\":\"en-GB\",\"potentialAction\":[{\"@type\":\"CommentAction\",\"name\":\"Comment\",\"target\":[\"https:\\\/\\\/ku.r-enks.net\\\/?p=25257#respond\"]}]},{\"@type\":\"WebPage\",\"@id\":\"https:\\\/\\\/ku.r-enks.net\\\/?p=25257\",\"url\":\"https:\\\/\\\/ku.r-enks.net\\\/?p=25257\",\"name\":\"Goreke kom\u00ee ya ku 57 term t\u00ea de b\u00fbn li par\u00eazgeha Heleb\u00ea hate d\u00eetin. - Ragihandina Enc\u00fbmena Ni\u015ft\u00eeman\u00ee kurd\u00ee li S\u00fbriy\u00ea\",\"isPartOf\":{\"@id\":\"https:\\\/\\\/ku.r-enks.net\\\/#website\"},\"primaryImageOfPage\":{\"@id\":\"https:\\\/\\\/ku.r-enks.net\\\/?p=25257#primaryimage\"},\"image\":{\"@id\":\"https:\\\/\\\/ku.r-enks.net\\\/?p=25257#primaryimage\"},\"thumbnailUrl\":\"https:\\\/\\\/ku.r-enks.net\\\/wp-content\\\/uploads\\\/2026\\\/05\\\/36d205d2-95a3-4a0d-a9ef-fe7312b82218.jpeg\",\"datePublished\":\"2026-05-02T10:46:15+00:00\",\"breadcrumb\":{\"@id\":\"https:\\\/\\\/ku.r-enks.net\\\/?p=25257#breadcrumb\"},\"inLanguage\":\"en-GB\",\"potentialAction\":[{\"@type\":\"ReadAction\",\"target\":[\"https:\\\/\\\/ku.r-enks.net\\\/?p=25257\"]}]},{\"@type\":\"ImageObject\",\"inLanguage\":\"en-GB\",\"@id\":\"https:\\\/\\\/ku.r-enks.net\\\/?p=25257#primaryimage\",\"url\":\"https:\\\/\\\/ku.r-enks.net\\\/wp-content\\\/uploads\\\/2026\\\/05\\\/36d205d2-95a3-4a0d-a9ef-fe7312b82218.jpeg\",\"contentUrl\":\"https:\\\/\\\/ku.r-enks.net\\\/wp-content\\\/uploads\\\/2026\\\/05\\\/36d205d2-95a3-4a0d-a9ef-fe7312b82218.jpeg\",\"width\":1080,\"height\":558},{\"@type\":\"BreadcrumbList\",\"@id\":\"https:\\\/\\\/ku.r-enks.net\\\/?p=25257#breadcrumb\",\"itemListElement\":[{\"@type\":\"ListItem\",\"position\":1,\"name\":\"Home\",\"item\":\"https:\\\/\\\/ku.r-enks.net\\\/\"},{\"@type\":\"ListItem\",\"position\":2,\"name\":\"Goreke kom\u00ee ya ku 57 term t\u00ea de b\u00fbn li par\u00eazgeha Heleb\u00ea hate d\u00eetin.\"}]},{\"@type\":\"WebSite\",\"@id\":\"https:\\\/\\\/ku.r-enks.net\\\/#website\",\"url\":\"https:\\\/\\\/ku.r-enks.net\\\/\",\"name\":\"Ragihandina Enc\u00fbmena Ni\u015ft\u00eeman\u00ee kurd\u00ee li S\u00fbriy\u00ea\",\"description\":\"\u0627\u0644\u0645\u062c\u0644\u0633 \u0627\u0644\u0648\u0637\u0646\u064a \u0627\u0644\u0643\u0648\u0631\u062f\u064a \u0641\u064a \u0633\u0648\u0631\u064a\u0627\",\"publisher\":{\"@id\":\"https:\\\/\\\/ku.r-enks.net\\\/#organization\"},\"potentialAction\":[{\"@type\":\"SearchAction\",\"target\":{\"@type\":\"EntryPoint\",\"urlTemplate\":\"https:\\\/\\\/ku.r-enks.net\\\/?s={search_term_string}\"},\"query-input\":{\"@type\":\"PropertyValueSpecification\",\"valueRequired\":true,\"valueName\":\"search_term_string\"}}],\"inLanguage\":\"en-GB\"},{\"@type\":\"Organization\",\"@id\":\"https:\\\/\\\/ku.r-enks.net\\\/#organization\",\"name\":\"Ragihandina Enc\u00fbmena Ni\u015ft\u00eeman\u00ee kurd\u00ee li S\u00fbriy\u00ea\",\"url\":\"https:\\\/\\\/ku.r-enks.net\\\/\",\"logo\":{\"@type\":\"ImageObject\",\"inLanguage\":\"en-GB\",\"@id\":\"https:\\\/\\\/ku.r-enks.net\\\/#\\\/schema\\\/logo\\\/image\\\/\",\"url\":\"https:\\\/\\\/ku.r-enks.net\\\/wp-content\\\/uploads\\\/2025\\\/08\\\/IMG_1702.jpeg\",\"contentUrl\":\"https:\\\/\\\/ku.r-enks.net\\\/wp-content\\\/uploads\\\/2025\\\/08\\\/IMG_1702.jpeg\",\"width\":283,\"height\":178,\"caption\":\"Ragihandina Enc\u00fbmena Ni\u015ft\u00eeman\u00ee kurd\u00ee li S\u00fbriy\u00ea\"},\"image\":{\"@id\":\"https:\\\/\\\/ku.r-enks.net\\\/#\\\/schema\\\/logo\\\/image\\\/\"}},{\"@type\":\"Person\",\"@id\":\"https:\\\/\\\/ku.r-enks.net\\\/#\\\/schema\\\/person\\\/b5083e97489c8f4a39ec5ef09a24d63e\",\"name\":\"ferhad \u015e\u00eaxo\",\"image\":{\"@type\":\"ImageObject\",\"inLanguage\":\"en-GB\",\"@id\":\"https:\\\/\\\/secure.gravatar.com\\\/avatar\\\/07bbc22fb9fb2ef801b2fbaa0aabbccce9823f175eecbf6562ba080b1c55e14a?s=96&d=mm&r=g\",\"url\":\"https:\\\/\\\/secure.gravatar.com\\\/avatar\\\/07bbc22fb9fb2ef801b2fbaa0aabbccce9823f175eecbf6562ba080b1c55e14a?s=96&d=mm&r=g\",\"contentUrl\":\"https:\\\/\\\/secure.gravatar.com\\\/avatar\\\/07bbc22fb9fb2ef801b2fbaa0aabbccce9823f175eecbf6562ba080b1c55e14a?s=96&d=mm&r=g\",\"caption\":\"ferhad \u015e\u00eaxo\"},\"sameAs\":[\"http:\\\/\\\/Ferhad\"],\"url\":\"https:\\\/\\\/ku.r-enks.net\\\/?author=9\"}]}<\/script>\n<!-- \/ Yoast SEO plugin. -->","yoast_head_json":{"title":"Goreke kom\u00ee ya ku 57 term t\u00ea de b\u00fbn li par\u00eazgeha Heleb\u00ea hate d\u00eetin. - Ragihandina Enc\u00fbmena Ni\u015ft\u00eeman\u00ee kurd\u00ee li S\u00fbriy\u00ea","robots":{"index":"index","follow":"follow","max-snippet":"max-snippet:-1","max-image-preview":"max-image-preview:large","max-video-preview":"max-video-preview:-1"},"canonical":"https:\/\/ku.r-enks.net\/?p=25257","og_locale":"en_GB","og_type":"article","og_title":"Goreke kom\u00ee ya ku 57 term t\u00ea de b\u00fbn li par\u00eazgeha Heleb\u00ea hate d\u00eetin. - Ragihandina Enc\u00fbmena Ni\u015ft\u00eeman\u00ee kurd\u00ee li S\u00fbriy\u00ea","og_description":"Goreke kom\u00ee ya ku 57 term t\u00ea de b\u00fbn li par\u00eazgeha Heleb\u00ea hate d\u00eetin. &nbsp; Li par\u00eazgeha Heleb\u00ea goreke kom\u00ee hat d\u00eetin . Li gor\u00ee rawengeha S\u00fbr\u00ee bo maf\u00ea mirovan belgekiriye ku ji destp\u00eaka sala 2026an , 13, gor\u00ean kom\u00ee hatina d\u00eetin \u00fb 138 term t\u00eade b\u00fbn. \u00db Hejmara gor\u00ean Kom\u00ee y\u00ean ji destp\u00eaka sala [&hellip;]","og_url":"https:\/\/ku.r-enks.net\/?p=25257","og_site_name":"Ragihandina Enc\u00fbmena Ni\u015ft\u00eeman\u00ee kurd\u00ee li S\u00fbriy\u00ea","article_published_time":"2026-05-02T10:46:15+00:00","og_image":[{"width":1080,"height":558,"url":"https:\/\/ku.r-enks.net\/wp-content\/uploads\/2026\/05\/36d205d2-95a3-4a0d-a9ef-fe7312b82218.jpeg","type":"image\/jpeg"}],"author":"ferhad \u015e\u00eaxo","twitter_card":"summary_large_image","twitter_misc":{"Written by":"ferhad \u015e\u00eaxo","Estimated reading time":"1 minute"},"schema":{"@context":"https:\/\/schema.org","@graph":[{"@type":"Article","@id":"https:\/\/ku.r-enks.net\/?p=25257#article","isPartOf":{"@id":"https:\/\/ku.r-enks.net\/?p=25257"},"author":{"name":"ferhad \u015e\u00eaxo","@id":"https:\/\/ku.r-enks.net\/#\/schema\/person\/b5083e97489c8f4a39ec5ef09a24d63e"},"headline":"Goreke kom\u00ee ya ku 57 term t\u00ea de b\u00fbn li par\u00eazgeha Heleb\u00ea hate d\u00eetin.","datePublished":"2026-05-02T10:46:15+00:00","mainEntityOfPage":{"@id":"https:\/\/ku.r-enks.net\/?p=25257"},"wordCount":186,"commentCount":0,"publisher":{"@id":"https:\/\/ku.r-enks.net\/#organization"},"image":{"@id":"https:\/\/ku.r-enks.net\/?p=25257#primaryimage"},"thumbnailUrl":"https:\/\/ku.r-enks.net\/wp-content\/uploads\/2026\/05\/36d205d2-95a3-4a0d-a9ef-fe7312b82218.jpeg","articleSection":["Breaking news","N\u00fb\u00e7e","N\u00fb\u00e7ey\u00ean Bilez","N\u00fb\u00e7ey\u00ean Kurdistan\u00ee","Rapor\u00ean Taybet"],"inLanguage":"en-GB","potentialAction":[{"@type":"CommentAction","name":"Comment","target":["https:\/\/ku.r-enks.net\/?p=25257#respond"]}]},{"@type":"WebPage","@id":"https:\/\/ku.r-enks.net\/?p=25257","url":"https:\/\/ku.r-enks.net\/?p=25257","name":"Goreke kom\u00ee ya ku 57 term t\u00ea de b\u00fbn li par\u00eazgeha Heleb\u00ea hate d\u00eetin. - Ragihandina Enc\u00fbmena Ni\u015ft\u00eeman\u00ee kurd\u00ee li S\u00fbriy\u00ea","isPartOf":{"@id":"https:\/\/ku.r-enks.net\/#website"},"primaryImageOfPage":{"@id":"https:\/\/ku.r-enks.net\/?p=25257#primaryimage"},"image":{"@id":"https:\/\/ku.r-enks.net\/?p=25257#primaryimage"},"thumbnailUrl":"https:\/\/ku.r-enks.net\/wp-content\/uploads\/2026\/05\/36d205d2-95a3-4a0d-a9ef-fe7312b82218.jpeg","datePublished":"2026-05-02T10:46:15+00:00","breadcrumb":{"@id":"https:\/\/ku.r-enks.net\/?p=25257#breadcrumb"},"inLanguage":"en-GB","potentialAction":[{"@type":"ReadAction","target":["https:\/\/ku.r-enks.net\/?p=25257"]}]},{"@type":"ImageObject","inLanguage":"en-GB","@id":"https:\/\/ku.r-enks.net\/?p=25257#primaryimage","url":"https:\/\/ku.r-enks.net\/wp-content\/uploads\/2026\/05\/36d205d2-95a3-4a0d-a9ef-fe7312b82218.jpeg","contentUrl":"https:\/\/ku.r-enks.net\/wp-content\/uploads\/2026\/05\/36d205d2-95a3-4a0d-a9ef-fe7312b82218.jpeg","width":1080,"height":558},{"@type":"BreadcrumbList","@id":"https:\/\/ku.r-enks.net\/?p=25257#breadcrumb","itemListElement":[{"@type":"ListItem","position":1,"name":"Home","item":"https:\/\/ku.r-enks.net\/"},{"@type":"ListItem","position":2,"name":"Goreke kom\u00ee ya ku 57 term t\u00ea de b\u00fbn li par\u00eazgeha Heleb\u00ea hate d\u00eetin."}]},{"@type":"WebSite","@id":"https:\/\/ku.r-enks.net\/#website","url":"https:\/\/ku.r-enks.net\/","name":"Ragihandina Enc\u00fbmena Ni\u015ft\u00eeman\u00ee kurd\u00ee li S\u00fbriy\u00ea","description":"\u0627\u0644\u0645\u062c\u0644\u0633 \u0627\u0644\u0648\u0637\u0646\u064a \u0627\u0644\u0643\u0648\u0631\u062f\u064a \u0641\u064a \u0633\u0648\u0631\u064a\u0627","publisher":{"@id":"https:\/\/ku.r-enks.net\/#organization"},"potentialAction":[{"@type":"SearchAction","target":{"@type":"EntryPoint","urlTemplate":"https:\/\/ku.r-enks.net\/?s={search_term_string}"},"query-input":{"@type":"PropertyValueSpecification","valueRequired":true,"valueName":"search_term_string"}}],"inLanguage":"en-GB"},{"@type":"Organization","@id":"https:\/\/ku.r-enks.net\/#organization","name":"Ragihandina Enc\u00fbmena Ni\u015ft\u00eeman\u00ee kurd\u00ee li S\u00fbriy\u00ea","url":"https:\/\/ku.r-enks.net\/","logo":{"@type":"ImageObject","inLanguage":"en-GB","@id":"https:\/\/ku.r-enks.net\/#\/schema\/logo\/image\/","url":"https:\/\/ku.r-enks.net\/wp-content\/uploads\/2025\/08\/IMG_1702.jpeg","contentUrl":"https:\/\/ku.r-enks.net\/wp-content\/uploads\/2025\/08\/IMG_1702.jpeg","width":283,"height":178,"caption":"Ragihandina Enc\u00fbmena Ni\u015ft\u00eeman\u00ee kurd\u00ee li S\u00fbriy\u00ea"},"image":{"@id":"https:\/\/ku.r-enks.net\/#\/schema\/logo\/image\/"}},{"@type":"Person","@id":"https:\/\/ku.r-enks.net\/#\/schema\/person\/b5083e97489c8f4a39ec5ef09a24d63e","name":"ferhad \u015e\u00eaxo","image":{"@type":"ImageObject","inLanguage":"en-GB","@id":"https:\/\/secure.gravatar.com\/avatar\/07bbc22fb9fb2ef801b2fbaa0aabbccce9823f175eecbf6562ba080b1c55e14a?s=96&d=mm&r=g","url":"https:\/\/secure.gravatar.com\/avatar\/07bbc22fb9fb2ef801b2fbaa0aabbccce9823f175eecbf6562ba080b1c55e14a?s=96&d=mm&r=g","contentUrl":"https:\/\/secure.gravatar.com\/avatar\/07bbc22fb9fb2ef801b2fbaa0aabbccce9823f175eecbf6562ba080b1c55e14a?s=96&d=mm&r=g","caption":"ferhad \u015e\u00eaxo"},"sameAs":["http:\/\/Ferhad"],"url":"https:\/\/ku.r-enks.net\/?author=9"}]}},"_links":{"self":[{"href":"https:\/\/ku.r-enks.net\/index.php?rest_route=\/wp\/v2\/posts\/25257","targetHints":{"allow":["GET"]}}],"collection":[{"href":"https:\/\/ku.r-enks.net\/index.php?rest_route=\/wp\/v2\/posts"}],"about":[{"href":"https:\/\/ku.r-enks.net\/index.php?rest_route=\/wp\/v2\/types\/post"}],"author":[{"embeddable":true,"href":"https:\/\/ku.r-enks.net\/index.php?rest_route=\/wp\/v2\/users\/9"}],"replies":[{"embeddable":true,"href":"https:\/\/ku.r-enks.net\/index.php?rest_route=%2Fwp%2Fv2%2Fcomments&post=25257"}],"version-history":[{"count":1,"href":"https:\/\/ku.r-enks.net\/index.php?rest_route=\/wp\/v2\/posts\/25257\/revisions"}],"predecessor-version":[{"id":25259,"href":"https:\/\/ku.r-enks.net\/index.php?rest_route=\/wp\/v2\/posts\/25257\/revisions\/25259"}],"wp:featuredmedia":[{"embeddable":true,"href":"https:\/\/ku.r-enks.net\/index.php?rest_route=\/wp\/v2\/media\/25258"}],"wp:attachment":[{"href":"https:\/\/ku.r-enks.net\/index.php?rest_route=%2Fwp%2Fv2%2Fmedia&parent=25257"}],"wp:term":[{"taxonomy":"category","embeddable":true,"href":"https:\/\/ku.r-enks.net\/index.php?rest_route=%2Fwp%2Fv2%2Fcategories&post=25257"},{"taxonomy":"post_tag","embeddable":true,"href":"https:\/\/ku.r-enks.net\/index.php?rest_route=%2Fwp%2Fv2%2Ftags&post=25257"}],"curies":[{"name":"wp","href":"https:\/\/api.w.org\/{rel}","templated":true}]}}