{"id":25254,"date":"2026-05-02T10:44:05","date_gmt":"2026-05-02T10:44:05","guid":{"rendered":"https:\/\/ku.r-enks.net\/?p=25254"},"modified":"2026-05-02T10:44:05","modified_gmt":"2026-05-02T10:44:05","slug":"cejna-karkeren-cihane","status":"publish","type":"post","link":"https:\/\/ku.r-enks.net\/?p=25254","title":{"rendered":"CEJNA KARKER\u00caN C\u00ceHAN\u00ca"},"content":{"rendered":"<p>CEJNA KARKER\u00caN C\u00ceHAN\u00ca<\/p>\n<p>Roja Karkeran (an j\u00ee Roja Karker\u00ean c\u00eehan\u00ee ) her sal 1\u00ea Gulan\u00ea li piraniya welat\u00ean c\u00eehan\u00ea t\u00ea p\u00eerozkirin. Ew betlaneyek ferm\u00ee ye ku armanca w\u00ea r\u00eazgirtina karkeran, pi\u015ftgir\u00eekirina maf\u00ean wan, \u00fb p\u00eerozkirina destkeftiy\u00ean wan \u00ean d\u00eerok\u00ee di ba\u015ftirkirina \u015fert \u00fb merc\u00ean kar de (wek dan\u00eena demjim\u00ear\u00ean kar 8 demjim\u00earan) ye. Reh\u00ean v\u00ea p\u00eerozbahiy\u00ea bi protestoy\u00ean karkeran \u00ean li Dewlet\u00ean Yekb\u00fby\u00ee \u00fb Asturalya di sedsala nozdehan de dest p\u00ea kir.<\/p>\n<p>Ev fikir vedigere 21\u00ea Avr\u00eala, 1856 an li Asturalya, l\u00ea damezrandina rast\u00een a Roja Navnetewey\u00ee bi xwen\u00ee\u015fandan\u00ean 1886-an ve li \u015e\u00eekaxo, Dewlet\u00ean Yekb\u00fby\u00ee ve gir\u00eaday\u00ee ye, ku bi sed hezaran karker daxwaz kirin ku demjim\u00ear\u00ean xebat\u00ea bi he\u015ft demjim\u00earan roj\u00ea were s\u00eenordar kirin.<\/p>\n<p>B\u00fbyera &#8220;Haymarket&#8221;: Ev xwep\u00ea\u015fandan\u00ean li \u015e\u00eekaxoy\u00ea b\u00fbn \u015fahid\u00ea grev \u00fb pev\u00e7\u00fbn\u00ean berbelav ku di navbera karker \u00fb pol\u00eesan de mirin, 1\u00ea Gulan\u00ea kirin sembola t\u00eako\u015f\u00eena karkeran.<\/p>\n<p>Naskirina Ferm\u00ee: 1\u00ea Gulan\u00ea di sala 1889an de di Kongreya Send\u00eekay\u00ean Karker\u00ean navdewlet\u00ee de li Par\u00ees\u00ea, 1\u00ea Gulan\u00ea wek\u00ee Roja Karker\u00ean C\u00eehan\u00ea hat pejirandin.<\/p>\n<p>Armanca ji v\u00ea roj\u00ea:<\/p>\n<p>Pejirandina rola karkeran di avakirina civatan \u00fb ge\u015fep\u00eadana abor\u00ee de.<\/p>\n<p>Daxwaza maf\u00ean ked\u00ea \u00e7\u00eatir bikin (mea\u015f \u00e7\u00eatir, j\u00eengeha xebat\u00ea ya ewle).<\/p>\n<p>P\u00ea\u015fxistina edaleta civak\u00ee.<\/p>\n<p>C\u00fbdahiya dem\u00ea: Dema ku piraniya welatan di 1\u00ea Gulan\u00ea de p\u00eeroz dikin, welat\u00ean din \u00ean wek\u00ee Dewlet\u00ean Yekb\u00fby\u00ee \u00fb Kanada roja Du\u015fema yekem a \u00celon\u00ea Roja Karker p\u00eeroz dikin.<\/p>\n<p>Ev roj firsendek e ji bo nirxandina destkeftiy\u00ean ked\u00ea \u00fb n\u00eeqa\u015fkirina k\u00ea\u015fey\u00ean hemdem \u00ean ku \u00e7\u00eena karker r\u00fb bi r\u00fb ne.<\/p>\n<p>Ragihandina ENKS\u00ea<br \/>\nRapor: El\u00ee Fetah<\/p>\n","protected":false},"excerpt":{"rendered":"<p>CEJNA KARKER\u00caN C\u00ceHAN\u00ca Roja Karkeran (an j\u00ee Roja Karker\u00ean c\u00eehan\u00ee ) her sal 1\u00ea Gulan\u00ea li piraniya welat\u00ean c\u00eehan\u00ea t\u00ea p\u00eerozkirin. Ew betlaneyek ferm\u00ee ye ku armanca w\u00ea r\u00eazgirtina karkeran, pi\u015ftgir\u00eekirina maf\u00ean wan, \u00fb p\u00eerozkirina destkeftiy\u00ean wan \u00ean d\u00eerok\u00ee di ba\u015ftirkirina \u015fert \u00fb merc\u00ean kar de (wek dan\u00eena demjim\u00ear\u00ean kar 8 demjim\u00earan) ye. Reh\u00ean v\u00ea [&hellip;]<\/p>\n","protected":false},"author":9,"featured_media":25255,"comment_status":"open","ping_status":"open","sticky":false,"template":"","format":"standard","meta":{"jnews-multi-image_gallery":[],"jnews_single_post":[],"jnews_primary_category":[],"jnews_override_counter":[],"footnotes":""},"categories":[64,39,45,38,47],"tags":[],"class_list":["post-25254","post","type-post","status-publish","format-standard","has-post-thumbnail","hentry","category-breaking-news","category-nuce","category-cihan","category-nuceyen-kurdistani","category-raporen-taybet"],"yoast_head":"<!-- This site is optimized with the Yoast SEO plugin v27.5 - https:\/\/yoast.com\/product\/yoast-seo-wordpress\/ -->\n<title>CEJNA KARKER\u00caN C\u00ceHAN\u00ca - Ragihandina Enc\u00fbmena Ni\u015ft\u00eeman\u00ee kurd\u00ee li S\u00fbriy\u00ea<\/title>\n<meta name=\"robots\" content=\"index, follow, max-snippet:-1, max-image-preview:large, max-video-preview:-1\" \/>\n<link rel=\"canonical\" href=\"https:\/\/ku.r-enks.net\/?p=25254\" \/>\n<meta property=\"og:locale\" content=\"en_GB\" \/>\n<meta property=\"og:type\" content=\"article\" \/>\n<meta property=\"og:title\" content=\"CEJNA KARKER\u00caN C\u00ceHAN\u00ca - Ragihandina Enc\u00fbmena Ni\u015ft\u00eeman\u00ee kurd\u00ee li S\u00fbriy\u00ea\" \/>\n<meta property=\"og:description\" content=\"CEJNA KARKER\u00caN C\u00ceHAN\u00ca Roja Karkeran (an j\u00ee Roja Karker\u00ean c\u00eehan\u00ee ) her sal 1\u00ea Gulan\u00ea li piraniya welat\u00ean c\u00eehan\u00ea t\u00ea p\u00eerozkirin. Ew betlaneyek ferm\u00ee ye ku armanca w\u00ea r\u00eazgirtina karkeran, pi\u015ftgir\u00eekirina maf\u00ean wan, \u00fb p\u00eerozkirina destkeftiy\u00ean wan \u00ean d\u00eerok\u00ee di ba\u015ftirkirina \u015fert \u00fb merc\u00ean kar de (wek dan\u00eena demjim\u00ear\u00ean kar 8 demjim\u00earan) ye. Reh\u00ean v\u00ea [&hellip;]\" \/>\n<meta property=\"og:url\" content=\"https:\/\/ku.r-enks.net\/?p=25254\" \/>\n<meta property=\"og:site_name\" content=\"Ragihandina Enc\u00fbmena Ni\u015ft\u00eeman\u00ee kurd\u00ee li S\u00fbriy\u00ea\" \/>\n<meta property=\"article:published_time\" content=\"2026-05-02T10:44:05+00:00\" \/>\n<meta property=\"og:image\" content=\"https:\/\/ku.r-enks.net\/wp-content\/uploads\/2026\/05\/dcdc554d-dbb1-4327-870e-21bd411a652f.jpeg\" \/>\n\t<meta property=\"og:image:width\" content=\"700\" \/>\n\t<meta property=\"og:image:height\" content=\"480\" \/>\n\t<meta property=\"og:image:type\" content=\"image\/jpeg\" \/>\n<meta name=\"author\" content=\"ferhad \u015e\u00eaxo\" \/>\n<meta name=\"twitter:card\" content=\"summary_large_image\" \/>\n<meta name=\"twitter:label1\" content=\"Written by\" \/>\n\t<meta name=\"twitter:data1\" content=\"ferhad \u015e\u00eaxo\" \/>\n\t<meta name=\"twitter:label2\" content=\"Estimated reading time\" \/>\n\t<meta name=\"twitter:data2\" content=\"2 minutes\" \/>\n<script type=\"application\/ld+json\" class=\"yoast-schema-graph\">{\"@context\":\"https:\\\/\\\/schema.org\",\"@graph\":[{\"@type\":\"Article\",\"@id\":\"https:\\\/\\\/ku.r-enks.net\\\/?p=25254#article\",\"isPartOf\":{\"@id\":\"https:\\\/\\\/ku.r-enks.net\\\/?p=25254\"},\"author\":{\"name\":\"ferhad \u015e\u00eaxo\",\"@id\":\"https:\\\/\\\/ku.r-enks.net\\\/#\\\/schema\\\/person\\\/b5083e97489c8f4a39ec5ef09a24d63e\"},\"headline\":\"CEJNA KARKER\u00caN C\u00ceHAN\u00ca\",\"datePublished\":\"2026-05-02T10:44:05+00:00\",\"mainEntityOfPage\":{\"@id\":\"https:\\\/\\\/ku.r-enks.net\\\/?p=25254\"},\"wordCount\":305,\"commentCount\":0,\"publisher\":{\"@id\":\"https:\\\/\\\/ku.r-enks.net\\\/#organization\"},\"image\":{\"@id\":\"https:\\\/\\\/ku.r-enks.net\\\/?p=25254#primaryimage\"},\"thumbnailUrl\":\"https:\\\/\\\/ku.r-enks.net\\\/wp-content\\\/uploads\\\/2026\\\/05\\\/dcdc554d-dbb1-4327-870e-21bd411a652f.jpeg\",\"articleSection\":[\"Breaking news\",\"N\u00fb\u00e7e\",\"N\u00fb\u00e7ey\u00ean C\u00eehan\",\"N\u00fb\u00e7ey\u00ean Kurdistan\u00ee\",\"Rapor\u00ean Taybet\"],\"inLanguage\":\"en-GB\",\"potentialAction\":[{\"@type\":\"CommentAction\",\"name\":\"Comment\",\"target\":[\"https:\\\/\\\/ku.r-enks.net\\\/?p=25254#respond\"]}]},{\"@type\":\"WebPage\",\"@id\":\"https:\\\/\\\/ku.r-enks.net\\\/?p=25254\",\"url\":\"https:\\\/\\\/ku.r-enks.net\\\/?p=25254\",\"name\":\"CEJNA KARKER\u00caN C\u00ceHAN\u00ca - Ragihandina Enc\u00fbmena Ni\u015ft\u00eeman\u00ee kurd\u00ee li S\u00fbriy\u00ea\",\"isPartOf\":{\"@id\":\"https:\\\/\\\/ku.r-enks.net\\\/#website\"},\"primaryImageOfPage\":{\"@id\":\"https:\\\/\\\/ku.r-enks.net\\\/?p=25254#primaryimage\"},\"image\":{\"@id\":\"https:\\\/\\\/ku.r-enks.net\\\/?p=25254#primaryimage\"},\"thumbnailUrl\":\"https:\\\/\\\/ku.r-enks.net\\\/wp-content\\\/uploads\\\/2026\\\/05\\\/dcdc554d-dbb1-4327-870e-21bd411a652f.jpeg\",\"datePublished\":\"2026-05-02T10:44:05+00:00\",\"breadcrumb\":{\"@id\":\"https:\\\/\\\/ku.r-enks.net\\\/?p=25254#breadcrumb\"},\"inLanguage\":\"en-GB\",\"potentialAction\":[{\"@type\":\"ReadAction\",\"target\":[\"https:\\\/\\\/ku.r-enks.net\\\/?p=25254\"]}]},{\"@type\":\"ImageObject\",\"inLanguage\":\"en-GB\",\"@id\":\"https:\\\/\\\/ku.r-enks.net\\\/?p=25254#primaryimage\",\"url\":\"https:\\\/\\\/ku.r-enks.net\\\/wp-content\\\/uploads\\\/2026\\\/05\\\/dcdc554d-dbb1-4327-870e-21bd411a652f.jpeg\",\"contentUrl\":\"https:\\\/\\\/ku.r-enks.net\\\/wp-content\\\/uploads\\\/2026\\\/05\\\/dcdc554d-dbb1-4327-870e-21bd411a652f.jpeg\",\"width\":700,\"height\":480},{\"@type\":\"BreadcrumbList\",\"@id\":\"https:\\\/\\\/ku.r-enks.net\\\/?p=25254#breadcrumb\",\"itemListElement\":[{\"@type\":\"ListItem\",\"position\":1,\"name\":\"Home\",\"item\":\"https:\\\/\\\/ku.r-enks.net\\\/\"},{\"@type\":\"ListItem\",\"position\":2,\"name\":\"CEJNA KARKER\u00caN C\u00ceHAN\u00ca\"}]},{\"@type\":\"WebSite\",\"@id\":\"https:\\\/\\\/ku.r-enks.net\\\/#website\",\"url\":\"https:\\\/\\\/ku.r-enks.net\\\/\",\"name\":\"Ragihandina Enc\u00fbmena Ni\u015ft\u00eeman\u00ee kurd\u00ee li S\u00fbriy\u00ea\",\"description\":\"\u0627\u0644\u0645\u062c\u0644\u0633 \u0627\u0644\u0648\u0637\u0646\u064a \u0627\u0644\u0643\u0648\u0631\u062f\u064a \u0641\u064a \u0633\u0648\u0631\u064a\u0627\",\"publisher\":{\"@id\":\"https:\\\/\\\/ku.r-enks.net\\\/#organization\"},\"potentialAction\":[{\"@type\":\"SearchAction\",\"target\":{\"@type\":\"EntryPoint\",\"urlTemplate\":\"https:\\\/\\\/ku.r-enks.net\\\/?s={search_term_string}\"},\"query-input\":{\"@type\":\"PropertyValueSpecification\",\"valueRequired\":true,\"valueName\":\"search_term_string\"}}],\"inLanguage\":\"en-GB\"},{\"@type\":\"Organization\",\"@id\":\"https:\\\/\\\/ku.r-enks.net\\\/#organization\",\"name\":\"Ragihandina Enc\u00fbmena Ni\u015ft\u00eeman\u00ee kurd\u00ee li S\u00fbriy\u00ea\",\"url\":\"https:\\\/\\\/ku.r-enks.net\\\/\",\"logo\":{\"@type\":\"ImageObject\",\"inLanguage\":\"en-GB\",\"@id\":\"https:\\\/\\\/ku.r-enks.net\\\/#\\\/schema\\\/logo\\\/image\\\/\",\"url\":\"https:\\\/\\\/ku.r-enks.net\\\/wp-content\\\/uploads\\\/2025\\\/08\\\/IMG_1702.jpeg\",\"contentUrl\":\"https:\\\/\\\/ku.r-enks.net\\\/wp-content\\\/uploads\\\/2025\\\/08\\\/IMG_1702.jpeg\",\"width\":283,\"height\":178,\"caption\":\"Ragihandina Enc\u00fbmena Ni\u015ft\u00eeman\u00ee kurd\u00ee li S\u00fbriy\u00ea\"},\"image\":{\"@id\":\"https:\\\/\\\/ku.r-enks.net\\\/#\\\/schema\\\/logo\\\/image\\\/\"}},{\"@type\":\"Person\",\"@id\":\"https:\\\/\\\/ku.r-enks.net\\\/#\\\/schema\\\/person\\\/b5083e97489c8f4a39ec5ef09a24d63e\",\"name\":\"ferhad \u015e\u00eaxo\",\"image\":{\"@type\":\"ImageObject\",\"inLanguage\":\"en-GB\",\"@id\":\"https:\\\/\\\/secure.gravatar.com\\\/avatar\\\/07bbc22fb9fb2ef801b2fbaa0aabbccce9823f175eecbf6562ba080b1c55e14a?s=96&d=mm&r=g\",\"url\":\"https:\\\/\\\/secure.gravatar.com\\\/avatar\\\/07bbc22fb9fb2ef801b2fbaa0aabbccce9823f175eecbf6562ba080b1c55e14a?s=96&d=mm&r=g\",\"contentUrl\":\"https:\\\/\\\/secure.gravatar.com\\\/avatar\\\/07bbc22fb9fb2ef801b2fbaa0aabbccce9823f175eecbf6562ba080b1c55e14a?s=96&d=mm&r=g\",\"caption\":\"ferhad \u015e\u00eaxo\"},\"sameAs\":[\"http:\\\/\\\/Ferhad\"],\"url\":\"https:\\\/\\\/ku.r-enks.net\\\/?author=9\"}]}<\/script>\n<!-- \/ Yoast SEO plugin. -->","yoast_head_json":{"title":"CEJNA KARKER\u00caN C\u00ceHAN\u00ca - Ragihandina Enc\u00fbmena Ni\u015ft\u00eeman\u00ee kurd\u00ee li S\u00fbriy\u00ea","robots":{"index":"index","follow":"follow","max-snippet":"max-snippet:-1","max-image-preview":"max-image-preview:large","max-video-preview":"max-video-preview:-1"},"canonical":"https:\/\/ku.r-enks.net\/?p=25254","og_locale":"en_GB","og_type":"article","og_title":"CEJNA KARKER\u00caN C\u00ceHAN\u00ca - Ragihandina Enc\u00fbmena Ni\u015ft\u00eeman\u00ee kurd\u00ee li S\u00fbriy\u00ea","og_description":"CEJNA KARKER\u00caN C\u00ceHAN\u00ca Roja Karkeran (an j\u00ee Roja Karker\u00ean c\u00eehan\u00ee ) her sal 1\u00ea Gulan\u00ea li piraniya welat\u00ean c\u00eehan\u00ea t\u00ea p\u00eerozkirin. Ew betlaneyek ferm\u00ee ye ku armanca w\u00ea r\u00eazgirtina karkeran, pi\u015ftgir\u00eekirina maf\u00ean wan, \u00fb p\u00eerozkirina destkeftiy\u00ean wan \u00ean d\u00eerok\u00ee di ba\u015ftirkirina \u015fert \u00fb merc\u00ean kar de (wek dan\u00eena demjim\u00ear\u00ean kar 8 demjim\u00earan) ye. Reh\u00ean v\u00ea [&hellip;]","og_url":"https:\/\/ku.r-enks.net\/?p=25254","og_site_name":"Ragihandina Enc\u00fbmena Ni\u015ft\u00eeman\u00ee kurd\u00ee li S\u00fbriy\u00ea","article_published_time":"2026-05-02T10:44:05+00:00","og_image":[{"width":700,"height":480,"url":"https:\/\/ku.r-enks.net\/wp-content\/uploads\/2026\/05\/dcdc554d-dbb1-4327-870e-21bd411a652f.jpeg","type":"image\/jpeg"}],"author":"ferhad \u015e\u00eaxo","twitter_card":"summary_large_image","twitter_misc":{"Written by":"ferhad \u015e\u00eaxo","Estimated reading time":"2 minutes"},"schema":{"@context":"https:\/\/schema.org","@graph":[{"@type":"Article","@id":"https:\/\/ku.r-enks.net\/?p=25254#article","isPartOf":{"@id":"https:\/\/ku.r-enks.net\/?p=25254"},"author":{"name":"ferhad \u015e\u00eaxo","@id":"https:\/\/ku.r-enks.net\/#\/schema\/person\/b5083e97489c8f4a39ec5ef09a24d63e"},"headline":"CEJNA KARKER\u00caN C\u00ceHAN\u00ca","datePublished":"2026-05-02T10:44:05+00:00","mainEntityOfPage":{"@id":"https:\/\/ku.r-enks.net\/?p=25254"},"wordCount":305,"commentCount":0,"publisher":{"@id":"https:\/\/ku.r-enks.net\/#organization"},"image":{"@id":"https:\/\/ku.r-enks.net\/?p=25254#primaryimage"},"thumbnailUrl":"https:\/\/ku.r-enks.net\/wp-content\/uploads\/2026\/05\/dcdc554d-dbb1-4327-870e-21bd411a652f.jpeg","articleSection":["Breaking news","N\u00fb\u00e7e","N\u00fb\u00e7ey\u00ean C\u00eehan","N\u00fb\u00e7ey\u00ean Kurdistan\u00ee","Rapor\u00ean Taybet"],"inLanguage":"en-GB","potentialAction":[{"@type":"CommentAction","name":"Comment","target":["https:\/\/ku.r-enks.net\/?p=25254#respond"]}]},{"@type":"WebPage","@id":"https:\/\/ku.r-enks.net\/?p=25254","url":"https:\/\/ku.r-enks.net\/?p=25254","name":"CEJNA KARKER\u00caN C\u00ceHAN\u00ca - Ragihandina Enc\u00fbmena Ni\u015ft\u00eeman\u00ee kurd\u00ee li S\u00fbriy\u00ea","isPartOf":{"@id":"https:\/\/ku.r-enks.net\/#website"},"primaryImageOfPage":{"@id":"https:\/\/ku.r-enks.net\/?p=25254#primaryimage"},"image":{"@id":"https:\/\/ku.r-enks.net\/?p=25254#primaryimage"},"thumbnailUrl":"https:\/\/ku.r-enks.net\/wp-content\/uploads\/2026\/05\/dcdc554d-dbb1-4327-870e-21bd411a652f.jpeg","datePublished":"2026-05-02T10:44:05+00:00","breadcrumb":{"@id":"https:\/\/ku.r-enks.net\/?p=25254#breadcrumb"},"inLanguage":"en-GB","potentialAction":[{"@type":"ReadAction","target":["https:\/\/ku.r-enks.net\/?p=25254"]}]},{"@type":"ImageObject","inLanguage":"en-GB","@id":"https:\/\/ku.r-enks.net\/?p=25254#primaryimage","url":"https:\/\/ku.r-enks.net\/wp-content\/uploads\/2026\/05\/dcdc554d-dbb1-4327-870e-21bd411a652f.jpeg","contentUrl":"https:\/\/ku.r-enks.net\/wp-content\/uploads\/2026\/05\/dcdc554d-dbb1-4327-870e-21bd411a652f.jpeg","width":700,"height":480},{"@type":"BreadcrumbList","@id":"https:\/\/ku.r-enks.net\/?p=25254#breadcrumb","itemListElement":[{"@type":"ListItem","position":1,"name":"Home","item":"https:\/\/ku.r-enks.net\/"},{"@type":"ListItem","position":2,"name":"CEJNA KARKER\u00caN C\u00ceHAN\u00ca"}]},{"@type":"WebSite","@id":"https:\/\/ku.r-enks.net\/#website","url":"https:\/\/ku.r-enks.net\/","name":"Ragihandina Enc\u00fbmena Ni\u015ft\u00eeman\u00ee kurd\u00ee li S\u00fbriy\u00ea","description":"\u0627\u0644\u0645\u062c\u0644\u0633 \u0627\u0644\u0648\u0637\u0646\u064a \u0627\u0644\u0643\u0648\u0631\u062f\u064a \u0641\u064a \u0633\u0648\u0631\u064a\u0627","publisher":{"@id":"https:\/\/ku.r-enks.net\/#organization"},"potentialAction":[{"@type":"SearchAction","target":{"@type":"EntryPoint","urlTemplate":"https:\/\/ku.r-enks.net\/?s={search_term_string}"},"query-input":{"@type":"PropertyValueSpecification","valueRequired":true,"valueName":"search_term_string"}}],"inLanguage":"en-GB"},{"@type":"Organization","@id":"https:\/\/ku.r-enks.net\/#organization","name":"Ragihandina Enc\u00fbmena Ni\u015ft\u00eeman\u00ee kurd\u00ee li S\u00fbriy\u00ea","url":"https:\/\/ku.r-enks.net\/","logo":{"@type":"ImageObject","inLanguage":"en-GB","@id":"https:\/\/ku.r-enks.net\/#\/schema\/logo\/image\/","url":"https:\/\/ku.r-enks.net\/wp-content\/uploads\/2025\/08\/IMG_1702.jpeg","contentUrl":"https:\/\/ku.r-enks.net\/wp-content\/uploads\/2025\/08\/IMG_1702.jpeg","width":283,"height":178,"caption":"Ragihandina Enc\u00fbmena Ni\u015ft\u00eeman\u00ee kurd\u00ee li S\u00fbriy\u00ea"},"image":{"@id":"https:\/\/ku.r-enks.net\/#\/schema\/logo\/image\/"}},{"@type":"Person","@id":"https:\/\/ku.r-enks.net\/#\/schema\/person\/b5083e97489c8f4a39ec5ef09a24d63e","name":"ferhad \u015e\u00eaxo","image":{"@type":"ImageObject","inLanguage":"en-GB","@id":"https:\/\/secure.gravatar.com\/avatar\/07bbc22fb9fb2ef801b2fbaa0aabbccce9823f175eecbf6562ba080b1c55e14a?s=96&d=mm&r=g","url":"https:\/\/secure.gravatar.com\/avatar\/07bbc22fb9fb2ef801b2fbaa0aabbccce9823f175eecbf6562ba080b1c55e14a?s=96&d=mm&r=g","contentUrl":"https:\/\/secure.gravatar.com\/avatar\/07bbc22fb9fb2ef801b2fbaa0aabbccce9823f175eecbf6562ba080b1c55e14a?s=96&d=mm&r=g","caption":"ferhad \u015e\u00eaxo"},"sameAs":["http:\/\/Ferhad"],"url":"https:\/\/ku.r-enks.net\/?author=9"}]}},"_links":{"self":[{"href":"https:\/\/ku.r-enks.net\/index.php?rest_route=\/wp\/v2\/posts\/25254","targetHints":{"allow":["GET"]}}],"collection":[{"href":"https:\/\/ku.r-enks.net\/index.php?rest_route=\/wp\/v2\/posts"}],"about":[{"href":"https:\/\/ku.r-enks.net\/index.php?rest_route=\/wp\/v2\/types\/post"}],"author":[{"embeddable":true,"href":"https:\/\/ku.r-enks.net\/index.php?rest_route=\/wp\/v2\/users\/9"}],"replies":[{"embeddable":true,"href":"https:\/\/ku.r-enks.net\/index.php?rest_route=%2Fwp%2Fv2%2Fcomments&post=25254"}],"version-history":[{"count":1,"href":"https:\/\/ku.r-enks.net\/index.php?rest_route=\/wp\/v2\/posts\/25254\/revisions"}],"predecessor-version":[{"id":25256,"href":"https:\/\/ku.r-enks.net\/index.php?rest_route=\/wp\/v2\/posts\/25254\/revisions\/25256"}],"wp:featuredmedia":[{"embeddable":true,"href":"https:\/\/ku.r-enks.net\/index.php?rest_route=\/wp\/v2\/media\/25255"}],"wp:attachment":[{"href":"https:\/\/ku.r-enks.net\/index.php?rest_route=%2Fwp%2Fv2%2Fmedia&parent=25254"}],"wp:term":[{"taxonomy":"category","embeddable":true,"href":"https:\/\/ku.r-enks.net\/index.php?rest_route=%2Fwp%2Fv2%2Fcategories&post=25254"},{"taxonomy":"post_tag","embeddable":true,"href":"https:\/\/ku.r-enks.net\/index.php?rest_route=%2Fwp%2Fv2%2Ftags&post=25254"}],"curies":[{"name":"wp","href":"https:\/\/api.w.org\/{rel}","templated":true}]}}