{"id":25248,"date":"2026-05-01T15:52:23","date_gmt":"2026-05-01T15:52:23","guid":{"rendered":"https:\/\/ku.r-enks.net\/?p=25248"},"modified":"2026-05-01T15:52:23","modified_gmt":"2026-05-01T15:52:23","slug":"sandek-ji-foruma-elcezire-ya-ji-bo-astiya-sivil-serdana-baregeha-enks-li-bajare-qamislo-kir","status":"publish","type":"post","link":"https:\/\/ku.r-enks.net\/?p=25248","title":{"rendered":"\u015eANDEK JI FORUMA ELCEZ\u00ceR\u00ca YA JI BO A\u015eTIYA SIV\u00ceL SERDANA BAREGEHA &#8220;ENKS&#8221; LI BAJAR\u00ca QAMI\u015eLO KIR."},"content":{"rendered":"<p>\u015eANDEK JI FORUMA ELCEZ\u00ceR\u00ca YA JI BO A\u015eTIYA SIV\u00ceL SERDANA BAREGEHA &#8220;ENKS&#8221; LI BAJAR\u00ca QAMI\u015eLO KIR.<\/p>\n<p>\u015eandeke Korbenda Elcez\u00eer\u00ea bo A\u015ftiya Siv\u00eel serdana baregeha Enc\u00fbmena Ni\u015ftiman\u00ee ya Kurd li S\u00fbriy\u00ea li bajar\u00ea Qami\u015flo kir, di \u00e7ar\u00e7oveya p\u00ea\u015fxistina diyalog\u00ea \u00fb hevahengiya hevbe\u015f di navbera \u00e7alakiy\u00ean cuda y\u00ean siv\u00eel \u00fb siyas\u00ee li her\u00eam\u00ea.<\/p>\n<p>\u015eand ji aliy\u00ea serokatiya Enc\u00fbmena Ni\u015ftiman\u00ee ya Kurd\u00ee ve hat p\u00ea\u015fwaz\u00eekirin \u00fb di w\u00ea hevd\u00eetin\u00ea de, behsa giringiya p\u00eakan\u00eena a\u015ftiya siv\u00eel di v\u00ea qonaxa hestiyar de hat kirin, \u00fb tekez\u00ee li ser p\u00eaw\u00eestiya bizav\u00ean hevbe\u015f di navbera hem\u00fb p\u00eakhateyan de ji bo parastina aramiy\u00ea \u00fb p\u00ea\u015fxistina jiyana hevbe\u015f hat kirin.<\/p>\n<p>Di hevd\u00eetin\u00ea de, her du al\u00ee tekez\u00ee li ser w\u00ea yek\u00ea kirin ku a\u015ftiya siv\u00eel bingeh\u00ea parastina p\u00eakhateya civak\u00ee li her\u00eama Ciz\u00eer\u00ea ye, \u00fb tekez\u00ee li ser giringiya xebata hevbe\u015f ji bo belavkirina \u00e7anda diyalog \u00fb l\u00eabor\u00een\u00ea kirin, \u00fb r\u00eazgirtin ji cih\u00earengiya netewey\u00ee, \u00e7and\u00ee \u00fb ol\u00ee ku taybetmendiya her\u00eam\u00ea ye.<\/p>\n<p>Di civ\u00een\u00ea de, her wiha li ser r\u00eay\u00ean berfirehkirina hevkariy\u00ean di navbera saziy\u00ean siv\u00eel \u00fb siyas\u00ee de, \u00fb destp\u00eakirina destp\u00ea\u015fxeriy\u00ean hevbe\u015f \u00ean ku pi\u015ftgir\u00ee bidin aramiya civak\u00ea \u00fb sivikkirina k\u00ea\u015fey\u00ean li p\u00ea\u015fiya ni\u015ftecihan li gor\u00ee \u015fert \u00fb merc\u00ean hey\u00ee, hatin got\u00fbb\u00eaj kirin.<\/p>\n<p>Di dawiya serdan\u00ea de, her du aliyan p\u00eazan\u00een\u00ean xwe y\u00ean ji bo hevdu n\u00ee\u015fan dan \u00fb tekez li ser berdewamiya peywend\u00ee \u00fb hemahengiy\u00ea ji bo xizmetkirina berjewendiy\u00ean hem\u00fb gel\u00ean her\u00eam\u00ea kirin.<\/p>\n<p><img decoding=\"async\" class=\"alignnone size-medium wp-image-25249\" src=\"https:\/\/ku.r-enks.net\/wp-content\/uploads\/2026\/05\/f2e9eaba-674c-4fe5-9965-fe3fd98c2d70-300x128.jpeg\" alt=\"\" width=\"300\" height=\"128\" srcset=\"https:\/\/ku.r-enks.net\/wp-content\/uploads\/2026\/05\/f2e9eaba-674c-4fe5-9965-fe3fd98c2d70-300x128.jpeg 300w, https:\/\/ku.r-enks.net\/wp-content\/uploads\/2026\/05\/f2e9eaba-674c-4fe5-9965-fe3fd98c2d70.jpeg 720w\" sizes=\"(max-width: 300px) 100vw, 300px\" \/> <img decoding=\"async\" class=\"alignnone size-medium wp-image-25250\" src=\"https:\/\/ku.r-enks.net\/wp-content\/uploads\/2026\/05\/45992259-0ef7-4a05-9b6e-280d108ccd6b-208x300.jpeg\" alt=\"\" width=\"208\" height=\"300\" srcset=\"https:\/\/ku.r-enks.net\/wp-content\/uploads\/2026\/05\/45992259-0ef7-4a05-9b6e-280d108ccd6b-208x300.jpeg 208w, https:\/\/ku.r-enks.net\/wp-content\/uploads\/2026\/05\/45992259-0ef7-4a05-9b6e-280d108ccd6b-711x1024.jpeg 711w, https:\/\/ku.r-enks.net\/wp-content\/uploads\/2026\/05\/45992259-0ef7-4a05-9b6e-280d108ccd6b.jpeg 720w\" sizes=\"(max-width: 208px) 100vw, 208px\" \/> <img decoding=\"async\" class=\"alignnone size-medium wp-image-25251\" src=\"https:\/\/ku.r-enks.net\/wp-content\/uploads\/2026\/05\/1c55f1bb-6a0b-4d50-80d6-90215451c8de-225x300.jpeg\" alt=\"\" width=\"225\" height=\"300\" srcset=\"https:\/\/ku.r-enks.net\/wp-content\/uploads\/2026\/05\/1c55f1bb-6a0b-4d50-80d6-90215451c8de-225x300.jpeg 225w, https:\/\/ku.r-enks.net\/wp-content\/uploads\/2026\/05\/1c55f1bb-6a0b-4d50-80d6-90215451c8de.jpeg 707w\" sizes=\"(max-width: 225px) 100vw, 225px\" \/> <img decoding=\"async\" class=\"alignnone size-medium wp-image-25252\" src=\"https:\/\/ku.r-enks.net\/wp-content\/uploads\/2026\/05\/f3cb7d67-573b-499a-9882-3cadec0e2c52-300x125.jpeg\" alt=\"\" width=\"300\" height=\"125\" srcset=\"https:\/\/ku.r-enks.net\/wp-content\/uploads\/2026\/05\/f3cb7d67-573b-499a-9882-3cadec0e2c52-300x125.jpeg 300w, https:\/\/ku.r-enks.net\/wp-content\/uploads\/2026\/05\/f3cb7d67-573b-499a-9882-3cadec0e2c52.jpeg 720w\" sizes=\"(max-width: 300px) 100vw, 300px\" \/><\/p>\n<p>Ragihandina ENKS\u00ea<br \/>\nRapor:El\u00ee Fetah<\/p>\n","protected":false},"excerpt":{"rendered":"<p>\u015eANDEK JI FORUMA ELCEZ\u00ceR\u00ca YA JI BO A\u015eTIYA SIV\u00ceL SERDANA BAREGEHA &#8220;ENKS&#8221; LI BAJAR\u00ca QAMI\u015eLO KIR. \u015eandeke Korbenda Elcez\u00eer\u00ea bo A\u015ftiya Siv\u00eel serdana baregeha Enc\u00fbmena Ni\u015ftiman\u00ee ya Kurd li S\u00fbriy\u00ea li bajar\u00ea Qami\u015flo kir, di \u00e7ar\u00e7oveya p\u00ea\u015fxistina diyalog\u00ea \u00fb hevahengiya hevbe\u015f di navbera \u00e7alakiy\u00ean cuda y\u00ean siv\u00eel \u00fb siyas\u00ee li her\u00eam\u00ea. \u015eand ji aliy\u00ea serokatiya [&hellip;]<\/p>\n","protected":false},"author":9,"featured_media":25249,"comment_status":"open","ping_status":"open","sticky":false,"template":"","format":"standard","meta":{"jnews-multi-image_gallery":[],"jnews_single_post":[],"jnews_primary_category":[],"jnews_override_counter":[],"footnotes":""},"categories":[64,39,58,38,47],"tags":[],"class_list":["post-25248","post","type-post","status-publish","format-standard","has-post-thumbnail","hentry","category-breaking-news","category-nuce","category-nuceyen-bilez","category-nuceyen-kurdistani","category-raporen-taybet"],"yoast_head":"<!-- This site is optimized with the Yoast SEO plugin v27.5 - https:\/\/yoast.com\/product\/yoast-seo-wordpress\/ -->\n<title>\u015eANDEK JI FORUMA ELCEZ\u00ceR\u00ca YA JI BO A\u015eTIYA SIV\u00ceL SERDANA BAREGEHA &quot;ENKS&quot; LI BAJAR\u00ca QAMI\u015eLO KIR. - Ragihandina Enc\u00fbmena Ni\u015ft\u00eeman\u00ee kurd\u00ee li S\u00fbriy\u00ea<\/title>\n<meta name=\"robots\" content=\"index, follow, max-snippet:-1, max-image-preview:large, max-video-preview:-1\" \/>\n<link rel=\"canonical\" href=\"https:\/\/ku.r-enks.net\/?p=25248\" \/>\n<meta property=\"og:locale\" content=\"en_GB\" \/>\n<meta property=\"og:type\" content=\"article\" \/>\n<meta property=\"og:title\" content=\"\u015eANDEK JI FORUMA ELCEZ\u00ceR\u00ca YA JI BO A\u015eTIYA SIV\u00ceL SERDANA BAREGEHA &quot;ENKS&quot; LI BAJAR\u00ca QAMI\u015eLO KIR. - Ragihandina Enc\u00fbmena Ni\u015ft\u00eeman\u00ee kurd\u00ee li S\u00fbriy\u00ea\" \/>\n<meta property=\"og:description\" content=\"\u015eANDEK JI FORUMA ELCEZ\u00ceR\u00ca YA JI BO A\u015eTIYA SIV\u00ceL SERDANA BAREGEHA &#8220;ENKS&#8221; LI BAJAR\u00ca QAMI\u015eLO KIR. \u015eandeke Korbenda Elcez\u00eer\u00ea bo A\u015ftiya Siv\u00eel serdana baregeha Enc\u00fbmena Ni\u015ftiman\u00ee ya Kurd li S\u00fbriy\u00ea li bajar\u00ea Qami\u015flo kir, di \u00e7ar\u00e7oveya p\u00ea\u015fxistina diyalog\u00ea \u00fb hevahengiya hevbe\u015f di navbera \u00e7alakiy\u00ean cuda y\u00ean siv\u00eel \u00fb siyas\u00ee li her\u00eam\u00ea. \u015eand ji aliy\u00ea serokatiya [&hellip;]\" \/>\n<meta property=\"og:url\" content=\"https:\/\/ku.r-enks.net\/?p=25248\" \/>\n<meta property=\"og:site_name\" content=\"Ragihandina Enc\u00fbmena Ni\u015ft\u00eeman\u00ee kurd\u00ee li S\u00fbriy\u00ea\" \/>\n<meta property=\"article:published_time\" content=\"2026-05-01T15:52:23+00:00\" \/>\n<meta property=\"og:image\" content=\"https:\/\/ku.r-enks.net\/wp-content\/uploads\/2026\/05\/f2e9eaba-674c-4fe5-9965-fe3fd98c2d70.jpeg\" \/>\n\t<meta property=\"og:image:width\" content=\"720\" \/>\n\t<meta property=\"og:image:height\" content=\"308\" \/>\n\t<meta property=\"og:image:type\" content=\"image\/jpeg\" \/>\n<meta name=\"author\" content=\"ferhad \u015e\u00eaxo\" \/>\n<meta name=\"twitter:card\" content=\"summary_large_image\" \/>\n<meta name=\"twitter:label1\" content=\"Written by\" \/>\n\t<meta name=\"twitter:data1\" content=\"ferhad \u015e\u00eaxo\" \/>\n\t<meta name=\"twitter:label2\" content=\"Estimated reading time\" \/>\n\t<meta name=\"twitter:data2\" content=\"2 minutes\" \/>\n<script type=\"application\/ld+json\" class=\"yoast-schema-graph\">{\"@context\":\"https:\\\/\\\/schema.org\",\"@graph\":[{\"@type\":\"Article\",\"@id\":\"https:\\\/\\\/ku.r-enks.net\\\/?p=25248#article\",\"isPartOf\":{\"@id\":\"https:\\\/\\\/ku.r-enks.net\\\/?p=25248\"},\"author\":{\"name\":\"ferhad \u015e\u00eaxo\",\"@id\":\"https:\\\/\\\/ku.r-enks.net\\\/#\\\/schema\\\/person\\\/b5083e97489c8f4a39ec5ef09a24d63e\"},\"headline\":\"\u015eANDEK JI FORUMA ELCEZ\u00ceR\u00ca YA JI BO A\u015eTIYA SIV\u00ceL SERDANA BAREGEHA &#8220;ENKS&#8221; LI BAJAR\u00ca QAMI\u015eLO KIR.\",\"datePublished\":\"2026-05-01T15:52:23+00:00\",\"mainEntityOfPage\":{\"@id\":\"https:\\\/\\\/ku.r-enks.net\\\/?p=25248\"},\"wordCount\":301,\"commentCount\":0,\"publisher\":{\"@id\":\"https:\\\/\\\/ku.r-enks.net\\\/#organization\"},\"image\":{\"@id\":\"https:\\\/\\\/ku.r-enks.net\\\/?p=25248#primaryimage\"},\"thumbnailUrl\":\"https:\\\/\\\/ku.r-enks.net\\\/wp-content\\\/uploads\\\/2026\\\/05\\\/f2e9eaba-674c-4fe5-9965-fe3fd98c2d70.jpeg\",\"articleSection\":[\"Breaking news\",\"N\u00fb\u00e7e\",\"N\u00fb\u00e7ey\u00ean Bilez\",\"N\u00fb\u00e7ey\u00ean Kurdistan\u00ee\",\"Rapor\u00ean Taybet\"],\"inLanguage\":\"en-GB\",\"potentialAction\":[{\"@type\":\"CommentAction\",\"name\":\"Comment\",\"target\":[\"https:\\\/\\\/ku.r-enks.net\\\/?p=25248#respond\"]}]},{\"@type\":\"WebPage\",\"@id\":\"https:\\\/\\\/ku.r-enks.net\\\/?p=25248\",\"url\":\"https:\\\/\\\/ku.r-enks.net\\\/?p=25248\",\"name\":\"\u015eANDEK JI FORUMA ELCEZ\u00ceR\u00ca YA JI BO A\u015eTIYA SIV\u00ceL SERDANA BAREGEHA \\\"ENKS\\\" LI BAJAR\u00ca QAMI\u015eLO KIR. - Ragihandina Enc\u00fbmena Ni\u015ft\u00eeman\u00ee kurd\u00ee li S\u00fbriy\u00ea\",\"isPartOf\":{\"@id\":\"https:\\\/\\\/ku.r-enks.net\\\/#website\"},\"primaryImageOfPage\":{\"@id\":\"https:\\\/\\\/ku.r-enks.net\\\/?p=25248#primaryimage\"},\"image\":{\"@id\":\"https:\\\/\\\/ku.r-enks.net\\\/?p=25248#primaryimage\"},\"thumbnailUrl\":\"https:\\\/\\\/ku.r-enks.net\\\/wp-content\\\/uploads\\\/2026\\\/05\\\/f2e9eaba-674c-4fe5-9965-fe3fd98c2d70.jpeg\",\"datePublished\":\"2026-05-01T15:52:23+00:00\",\"breadcrumb\":{\"@id\":\"https:\\\/\\\/ku.r-enks.net\\\/?p=25248#breadcrumb\"},\"inLanguage\":\"en-GB\",\"potentialAction\":[{\"@type\":\"ReadAction\",\"target\":[\"https:\\\/\\\/ku.r-enks.net\\\/?p=25248\"]}]},{\"@type\":\"ImageObject\",\"inLanguage\":\"en-GB\",\"@id\":\"https:\\\/\\\/ku.r-enks.net\\\/?p=25248#primaryimage\",\"url\":\"https:\\\/\\\/ku.r-enks.net\\\/wp-content\\\/uploads\\\/2026\\\/05\\\/f2e9eaba-674c-4fe5-9965-fe3fd98c2d70.jpeg\",\"contentUrl\":\"https:\\\/\\\/ku.r-enks.net\\\/wp-content\\\/uploads\\\/2026\\\/05\\\/f2e9eaba-674c-4fe5-9965-fe3fd98c2d70.jpeg\",\"width\":720,\"height\":308},{\"@type\":\"BreadcrumbList\",\"@id\":\"https:\\\/\\\/ku.r-enks.net\\\/?p=25248#breadcrumb\",\"itemListElement\":[{\"@type\":\"ListItem\",\"position\":1,\"name\":\"Home\",\"item\":\"https:\\\/\\\/ku.r-enks.net\\\/\"},{\"@type\":\"ListItem\",\"position\":2,\"name\":\"\u015eANDEK JI FORUMA ELCEZ\u00ceR\u00ca YA JI BO A\u015eTIYA SIV\u00ceL SERDANA BAREGEHA &#8220;ENKS&#8221; LI BAJAR\u00ca QAMI\u015eLO KIR.\"}]},{\"@type\":\"WebSite\",\"@id\":\"https:\\\/\\\/ku.r-enks.net\\\/#website\",\"url\":\"https:\\\/\\\/ku.r-enks.net\\\/\",\"name\":\"Ragihandina Enc\u00fbmena Ni\u015ft\u00eeman\u00ee kurd\u00ee li S\u00fbriy\u00ea\",\"description\":\"\u0627\u0644\u0645\u062c\u0644\u0633 \u0627\u0644\u0648\u0637\u0646\u064a \u0627\u0644\u0643\u0648\u0631\u062f\u064a \u0641\u064a \u0633\u0648\u0631\u064a\u0627\",\"publisher\":{\"@id\":\"https:\\\/\\\/ku.r-enks.net\\\/#organization\"},\"potentialAction\":[{\"@type\":\"SearchAction\",\"target\":{\"@type\":\"EntryPoint\",\"urlTemplate\":\"https:\\\/\\\/ku.r-enks.net\\\/?s={search_term_string}\"},\"query-input\":{\"@type\":\"PropertyValueSpecification\",\"valueRequired\":true,\"valueName\":\"search_term_string\"}}],\"inLanguage\":\"en-GB\"},{\"@type\":\"Organization\",\"@id\":\"https:\\\/\\\/ku.r-enks.net\\\/#organization\",\"name\":\"Ragihandina Enc\u00fbmena Ni\u015ft\u00eeman\u00ee kurd\u00ee li S\u00fbriy\u00ea\",\"url\":\"https:\\\/\\\/ku.r-enks.net\\\/\",\"logo\":{\"@type\":\"ImageObject\",\"inLanguage\":\"en-GB\",\"@id\":\"https:\\\/\\\/ku.r-enks.net\\\/#\\\/schema\\\/logo\\\/image\\\/\",\"url\":\"https:\\\/\\\/ku.r-enks.net\\\/wp-content\\\/uploads\\\/2025\\\/08\\\/IMG_1702.jpeg\",\"contentUrl\":\"https:\\\/\\\/ku.r-enks.net\\\/wp-content\\\/uploads\\\/2025\\\/08\\\/IMG_1702.jpeg\",\"width\":283,\"height\":178,\"caption\":\"Ragihandina Enc\u00fbmena Ni\u015ft\u00eeman\u00ee kurd\u00ee li S\u00fbriy\u00ea\"},\"image\":{\"@id\":\"https:\\\/\\\/ku.r-enks.net\\\/#\\\/schema\\\/logo\\\/image\\\/\"}},{\"@type\":\"Person\",\"@id\":\"https:\\\/\\\/ku.r-enks.net\\\/#\\\/schema\\\/person\\\/b5083e97489c8f4a39ec5ef09a24d63e\",\"name\":\"ferhad \u015e\u00eaxo\",\"image\":{\"@type\":\"ImageObject\",\"inLanguage\":\"en-GB\",\"@id\":\"https:\\\/\\\/secure.gravatar.com\\\/avatar\\\/07bbc22fb9fb2ef801b2fbaa0aabbccce9823f175eecbf6562ba080b1c55e14a?s=96&d=mm&r=g\",\"url\":\"https:\\\/\\\/secure.gravatar.com\\\/avatar\\\/07bbc22fb9fb2ef801b2fbaa0aabbccce9823f175eecbf6562ba080b1c55e14a?s=96&d=mm&r=g\",\"contentUrl\":\"https:\\\/\\\/secure.gravatar.com\\\/avatar\\\/07bbc22fb9fb2ef801b2fbaa0aabbccce9823f175eecbf6562ba080b1c55e14a?s=96&d=mm&r=g\",\"caption\":\"ferhad \u015e\u00eaxo\"},\"sameAs\":[\"http:\\\/\\\/Ferhad\"],\"url\":\"https:\\\/\\\/ku.r-enks.net\\\/?author=9\"}]}<\/script>\n<!-- \/ Yoast SEO plugin. -->","yoast_head_json":{"title":"\u015eANDEK JI FORUMA ELCEZ\u00ceR\u00ca YA JI BO A\u015eTIYA SIV\u00ceL SERDANA BAREGEHA \"ENKS\" LI BAJAR\u00ca QAMI\u015eLO KIR. - Ragihandina Enc\u00fbmena Ni\u015ft\u00eeman\u00ee kurd\u00ee li S\u00fbriy\u00ea","robots":{"index":"index","follow":"follow","max-snippet":"max-snippet:-1","max-image-preview":"max-image-preview:large","max-video-preview":"max-video-preview:-1"},"canonical":"https:\/\/ku.r-enks.net\/?p=25248","og_locale":"en_GB","og_type":"article","og_title":"\u015eANDEK JI FORUMA ELCEZ\u00ceR\u00ca YA JI BO A\u015eTIYA SIV\u00ceL SERDANA BAREGEHA \"ENKS\" LI BAJAR\u00ca QAMI\u015eLO KIR. - Ragihandina Enc\u00fbmena Ni\u015ft\u00eeman\u00ee kurd\u00ee li S\u00fbriy\u00ea","og_description":"\u015eANDEK JI FORUMA ELCEZ\u00ceR\u00ca YA JI BO A\u015eTIYA SIV\u00ceL SERDANA BAREGEHA &#8220;ENKS&#8221; LI BAJAR\u00ca QAMI\u015eLO KIR. \u015eandeke Korbenda Elcez\u00eer\u00ea bo A\u015ftiya Siv\u00eel serdana baregeha Enc\u00fbmena Ni\u015ftiman\u00ee ya Kurd li S\u00fbriy\u00ea li bajar\u00ea Qami\u015flo kir, di \u00e7ar\u00e7oveya p\u00ea\u015fxistina diyalog\u00ea \u00fb hevahengiya hevbe\u015f di navbera \u00e7alakiy\u00ean cuda y\u00ean siv\u00eel \u00fb siyas\u00ee li her\u00eam\u00ea. \u015eand ji aliy\u00ea serokatiya [&hellip;]","og_url":"https:\/\/ku.r-enks.net\/?p=25248","og_site_name":"Ragihandina Enc\u00fbmena Ni\u015ft\u00eeman\u00ee kurd\u00ee li S\u00fbriy\u00ea","article_published_time":"2026-05-01T15:52:23+00:00","og_image":[{"width":720,"height":308,"url":"https:\/\/ku.r-enks.net\/wp-content\/uploads\/2026\/05\/f2e9eaba-674c-4fe5-9965-fe3fd98c2d70.jpeg","type":"image\/jpeg"}],"author":"ferhad \u015e\u00eaxo","twitter_card":"summary_large_image","twitter_misc":{"Written by":"ferhad \u015e\u00eaxo","Estimated reading time":"2 minutes"},"schema":{"@context":"https:\/\/schema.org","@graph":[{"@type":"Article","@id":"https:\/\/ku.r-enks.net\/?p=25248#article","isPartOf":{"@id":"https:\/\/ku.r-enks.net\/?p=25248"},"author":{"name":"ferhad \u015e\u00eaxo","@id":"https:\/\/ku.r-enks.net\/#\/schema\/person\/b5083e97489c8f4a39ec5ef09a24d63e"},"headline":"\u015eANDEK JI FORUMA ELCEZ\u00ceR\u00ca YA JI BO A\u015eTIYA SIV\u00ceL SERDANA BAREGEHA &#8220;ENKS&#8221; LI BAJAR\u00ca QAMI\u015eLO KIR.","datePublished":"2026-05-01T15:52:23+00:00","mainEntityOfPage":{"@id":"https:\/\/ku.r-enks.net\/?p=25248"},"wordCount":301,"commentCount":0,"publisher":{"@id":"https:\/\/ku.r-enks.net\/#organization"},"image":{"@id":"https:\/\/ku.r-enks.net\/?p=25248#primaryimage"},"thumbnailUrl":"https:\/\/ku.r-enks.net\/wp-content\/uploads\/2026\/05\/f2e9eaba-674c-4fe5-9965-fe3fd98c2d70.jpeg","articleSection":["Breaking news","N\u00fb\u00e7e","N\u00fb\u00e7ey\u00ean Bilez","N\u00fb\u00e7ey\u00ean Kurdistan\u00ee","Rapor\u00ean Taybet"],"inLanguage":"en-GB","potentialAction":[{"@type":"CommentAction","name":"Comment","target":["https:\/\/ku.r-enks.net\/?p=25248#respond"]}]},{"@type":"WebPage","@id":"https:\/\/ku.r-enks.net\/?p=25248","url":"https:\/\/ku.r-enks.net\/?p=25248","name":"\u015eANDEK JI FORUMA ELCEZ\u00ceR\u00ca YA JI BO A\u015eTIYA SIV\u00ceL SERDANA BAREGEHA \"ENKS\" LI BAJAR\u00ca QAMI\u015eLO KIR. - Ragihandina Enc\u00fbmena Ni\u015ft\u00eeman\u00ee kurd\u00ee li S\u00fbriy\u00ea","isPartOf":{"@id":"https:\/\/ku.r-enks.net\/#website"},"primaryImageOfPage":{"@id":"https:\/\/ku.r-enks.net\/?p=25248#primaryimage"},"image":{"@id":"https:\/\/ku.r-enks.net\/?p=25248#primaryimage"},"thumbnailUrl":"https:\/\/ku.r-enks.net\/wp-content\/uploads\/2026\/05\/f2e9eaba-674c-4fe5-9965-fe3fd98c2d70.jpeg","datePublished":"2026-05-01T15:52:23+00:00","breadcrumb":{"@id":"https:\/\/ku.r-enks.net\/?p=25248#breadcrumb"},"inLanguage":"en-GB","potentialAction":[{"@type":"ReadAction","target":["https:\/\/ku.r-enks.net\/?p=25248"]}]},{"@type":"ImageObject","inLanguage":"en-GB","@id":"https:\/\/ku.r-enks.net\/?p=25248#primaryimage","url":"https:\/\/ku.r-enks.net\/wp-content\/uploads\/2026\/05\/f2e9eaba-674c-4fe5-9965-fe3fd98c2d70.jpeg","contentUrl":"https:\/\/ku.r-enks.net\/wp-content\/uploads\/2026\/05\/f2e9eaba-674c-4fe5-9965-fe3fd98c2d70.jpeg","width":720,"height":308},{"@type":"BreadcrumbList","@id":"https:\/\/ku.r-enks.net\/?p=25248#breadcrumb","itemListElement":[{"@type":"ListItem","position":1,"name":"Home","item":"https:\/\/ku.r-enks.net\/"},{"@type":"ListItem","position":2,"name":"\u015eANDEK JI FORUMA ELCEZ\u00ceR\u00ca YA JI BO A\u015eTIYA SIV\u00ceL SERDANA BAREGEHA &#8220;ENKS&#8221; LI BAJAR\u00ca QAMI\u015eLO KIR."}]},{"@type":"WebSite","@id":"https:\/\/ku.r-enks.net\/#website","url":"https:\/\/ku.r-enks.net\/","name":"Ragihandina Enc\u00fbmena Ni\u015ft\u00eeman\u00ee kurd\u00ee li S\u00fbriy\u00ea","description":"\u0627\u0644\u0645\u062c\u0644\u0633 \u0627\u0644\u0648\u0637\u0646\u064a \u0627\u0644\u0643\u0648\u0631\u062f\u064a \u0641\u064a \u0633\u0648\u0631\u064a\u0627","publisher":{"@id":"https:\/\/ku.r-enks.net\/#organization"},"potentialAction":[{"@type":"SearchAction","target":{"@type":"EntryPoint","urlTemplate":"https:\/\/ku.r-enks.net\/?s={search_term_string}"},"query-input":{"@type":"PropertyValueSpecification","valueRequired":true,"valueName":"search_term_string"}}],"inLanguage":"en-GB"},{"@type":"Organization","@id":"https:\/\/ku.r-enks.net\/#organization","name":"Ragihandina Enc\u00fbmena Ni\u015ft\u00eeman\u00ee kurd\u00ee li S\u00fbriy\u00ea","url":"https:\/\/ku.r-enks.net\/","logo":{"@type":"ImageObject","inLanguage":"en-GB","@id":"https:\/\/ku.r-enks.net\/#\/schema\/logo\/image\/","url":"https:\/\/ku.r-enks.net\/wp-content\/uploads\/2025\/08\/IMG_1702.jpeg","contentUrl":"https:\/\/ku.r-enks.net\/wp-content\/uploads\/2025\/08\/IMG_1702.jpeg","width":283,"height":178,"caption":"Ragihandina Enc\u00fbmena Ni\u015ft\u00eeman\u00ee kurd\u00ee li S\u00fbriy\u00ea"},"image":{"@id":"https:\/\/ku.r-enks.net\/#\/schema\/logo\/image\/"}},{"@type":"Person","@id":"https:\/\/ku.r-enks.net\/#\/schema\/person\/b5083e97489c8f4a39ec5ef09a24d63e","name":"ferhad \u015e\u00eaxo","image":{"@type":"ImageObject","inLanguage":"en-GB","@id":"https:\/\/secure.gravatar.com\/avatar\/07bbc22fb9fb2ef801b2fbaa0aabbccce9823f175eecbf6562ba080b1c55e14a?s=96&d=mm&r=g","url":"https:\/\/secure.gravatar.com\/avatar\/07bbc22fb9fb2ef801b2fbaa0aabbccce9823f175eecbf6562ba080b1c55e14a?s=96&d=mm&r=g","contentUrl":"https:\/\/secure.gravatar.com\/avatar\/07bbc22fb9fb2ef801b2fbaa0aabbccce9823f175eecbf6562ba080b1c55e14a?s=96&d=mm&r=g","caption":"ferhad \u015e\u00eaxo"},"sameAs":["http:\/\/Ferhad"],"url":"https:\/\/ku.r-enks.net\/?author=9"}]}},"_links":{"self":[{"href":"https:\/\/ku.r-enks.net\/index.php?rest_route=\/wp\/v2\/posts\/25248","targetHints":{"allow":["GET"]}}],"collection":[{"href":"https:\/\/ku.r-enks.net\/index.php?rest_route=\/wp\/v2\/posts"}],"about":[{"href":"https:\/\/ku.r-enks.net\/index.php?rest_route=\/wp\/v2\/types\/post"}],"author":[{"embeddable":true,"href":"https:\/\/ku.r-enks.net\/index.php?rest_route=\/wp\/v2\/users\/9"}],"replies":[{"embeddable":true,"href":"https:\/\/ku.r-enks.net\/index.php?rest_route=%2Fwp%2Fv2%2Fcomments&post=25248"}],"version-history":[{"count":1,"href":"https:\/\/ku.r-enks.net\/index.php?rest_route=\/wp\/v2\/posts\/25248\/revisions"}],"predecessor-version":[{"id":25253,"href":"https:\/\/ku.r-enks.net\/index.php?rest_route=\/wp\/v2\/posts\/25248\/revisions\/25253"}],"wp:featuredmedia":[{"embeddable":true,"href":"https:\/\/ku.r-enks.net\/index.php?rest_route=\/wp\/v2\/media\/25249"}],"wp:attachment":[{"href":"https:\/\/ku.r-enks.net\/index.php?rest_route=%2Fwp%2Fv2%2Fmedia&parent=25248"}],"wp:term":[{"taxonomy":"category","embeddable":true,"href":"https:\/\/ku.r-enks.net\/index.php?rest_route=%2Fwp%2Fv2%2Fcategories&post=25248"},{"taxonomy":"post_tag","embeddable":true,"href":"https:\/\/ku.r-enks.net\/index.php?rest_route=%2Fwp%2Fv2%2Ftags&post=25248"}],"curies":[{"name":"wp","href":"https:\/\/api.w.org\/{rel}","templated":true}]}}