{"id":25229,"date":"2026-04-29T20:31:43","date_gmt":"2026-04-29T20:31:43","guid":{"rendered":"https:\/\/ku.r-enks.net\/?p=25229"},"modified":"2026-04-29T20:31:43","modified_gmt":"2026-04-29T20:31:43","slug":"encumena-xwecehi-ya-til-temir-xwecehiya-barzaniye-nemir-civina-xwe-ya-asayi-ya-meha-nisane-2026an-li-dar-xist","status":"publish","type":"post","link":"https:\/\/ku.r-enks.net\/?p=25229","title":{"rendered":"Enc\u00fbmena Xweceh\u00ee ya Til Temir (Xweceh\u00eeya Barzan\u00eey\u00ea Nemir) civ\u00eena xwe ya asay\u00ee ya meha N\u00eesan\u00ea 2026\u2019an li dar xist.."},"content":{"rendered":"<p><strong>Enc\u00fbmena Xweceh\u00ee ya Barzan\u00eey\u00ea Nemir li Til Temir civ\u00eena xwe ya mehane bi amadeb\u00fbna piraniya endaman \u00fb neb\u00fbna hindek\u00ee din di roja \u00c7ar\u015fem\u00ea, 29\/4\/2026\u2019an de, li navenda xwecehiy\u00ea li Til Temir li dar xist.<\/strong><\/p>\n<p>Di destp\u00eak\u00ea de, ji aliy\u00ea serok\u00ea xwecehiy\u00ea ve p\u00ea\u015fwaz\u00ee bi hem\u00fb amadeb\u00fbyan hat kirin.<\/p>\n<p>Pi\u015ft\u00ee w\u00ea, ji bo r\u00eazgirtina li giyan\u00ean \u015feh\u00eed\u00ean Kurd \u00fb Kurdistan\u00ea, di p\u00ea\u015f\u00ee\u00a0 Barzan\u00eey\u00ea Nemir, xulek b\u00eadeng\u00ee hate rawestandin.<\/p>\n<p>Pi\u015ft re, dest bi ajanda civ\u00een\u00ea hat kirin.<\/p>\n<p><strong>R\u00caXISTIN\u00ce<\/strong><\/p>\n<p>Di war\u00ea r\u00eaxistin\u00ee de, rapora ku ji of\u00eesa kar \u00fb bar\u00ean enc\u00fbmen\u00ean xweceh\u00ee hatib\u00fb \u015fandin hate xwendin \u00fb bi berfireh\u00ee bi endaman re hate n\u00eeqa\u015f kirin.<\/p>\n<p>Her wiha, civ\u00een kar \u00fb \u00e7alakiy\u00ean xwe di dema bor\u00ee de nirxand, hem ji aliy\u00ea er\u00ean\u00ee \u00fb hem j\u00ee ji aliy\u00ea ner\u00ean\u00ee, da ku k\u00eamas\u00ee di dem\u00ean b\u00ea de ney\u00ean d\u00fbbarekirin.<\/p>\n<p>Her wiha, li ser hilbijartina endam\u00ean serbixwe ji bo ku bibin endam\u00ean Kongreya P\u00eancem\u00een ya Enc\u00fbmena Ni\u015ftiman\u00ee Kurd\u00ee li S\u00fbry\u00ea, ku t\u00ea \u00e7aver\u00eakirin di demeke n\u00eaz de were li dar xistin, hate rawestandin.<\/p>\n<p>Hat diyarkirin ku endam\u00ean serbixwe j\u00ee rola gir\u00eeng \u00fb er\u00ean\u00ee di p\u00ea\u015fvebirina kar \u00fb \u00e7alakiy\u00ean enc\u00fbmen\u00ea de hene, \u00fb ew ji partiyan k\u00eam n\u00eenin.<\/p>\n<p><strong>S\u00ceYAS\u00ce<\/strong><\/p>\n<p>Di war\u00ea siyas\u00ee de, civ\u00een piraniya p\u00ea\u015fhat \u00fb guher\u00een\u00ean daw\u00ee y\u00ean li qada S\u00fbry\u00ea bi gi\u015ft\u00ee \u00fb y\u00ean kurd\u00ee bi taybet\u00ee hate n\u00eeqa\u015f kirin.<\/p>\n<p>Bi taybet\u00ee, mijara tevl\u00eab\u00fbna R\u00eaveberiya Xweser di hik\u00fbmeta S\u00fbry\u00ea ya demk\u00ee de hate \u015firovekirin, \u00fb civ\u00een v\u00ea gav\u00ea wek\u00ee gavek er\u00ean\u00ee nirxand.<\/p>\n<p>Her wiha, civ\u00een \u00e7alak\u00ee \u00fb tevger\u00ean Enc\u00fbmena Ni\u015ftiman\u00ee di v\u00ea dem\u00ea de nirxand \u00fb wan wek\u00ee er\u00ean\u00ee \u00fb \u00e7alak hate d\u00eetin.<\/p>\n<p>Di heman dem\u00ea de, behsa serdana \u015fanda Enc\u00fbmen\u00ea bo bajar\u00ea Ser\u00eakan\u00eey\u00ea hate kirin \u00fb hevd\u00eetin\u00ean wan bi r\u00eaveberiya her\u00eam\u00ea re hate nirxandin.<\/p>\n<p>Ev serdan wek\u00ee gavek gir\u00eeng hate d\u00eetin ji bo \u00e7arekirina pirsgir\u00eakan \u00fb vegerandina ko\u00e7ber\u00ean Kurd \u00fb xelk\u00ean her\u00eam\u00ea bi awayek\u00ee ewleh bo ser mal \u00fb welat\u00ea xwe.<\/p>\n<p>Di dawiy\u00ea de, civ\u00een k\u00eafxwe\u015fiya xwe derbar\u00ea vekirina of\u00eesek Enc\u00fbmena Ni\u015ftiman\u00ee li Ser\u00eakan\u00eey\u00ea an\u00ee ziman, ku d\u00ea bibe gavek gir\u00eeng ji bo xizmeta gel\u00ea her\u00eam\u00ea.<\/p>\n<p><img decoding=\"async\" class=\"alignnone size-medium wp-image-25230\" src=\"https:\/\/ku.r-enks.net\/wp-content\/uploads\/2026\/04\/IMG-20260429-WA0119-300x252.jpg\" alt=\"\" width=\"300\" height=\"252\" srcset=\"https:\/\/ku.r-enks.net\/wp-content\/uploads\/2026\/04\/IMG-20260429-WA0119-300x252.jpg 300w, https:\/\/ku.r-enks.net\/wp-content\/uploads\/2026\/04\/IMG-20260429-WA0119-768x644.jpg 768w, https:\/\/ku.r-enks.net\/wp-content\/uploads\/2026\/04\/IMG-20260429-WA0119-750x629.jpg 750w, https:\/\/ku.r-enks.net\/wp-content\/uploads\/2026\/04\/IMG-20260429-WA0119.jpg 992w\" sizes=\"(max-width: 300px) 100vw, 300px\" \/> <img decoding=\"async\" class=\"alignnone size-medium wp-image-25232\" src=\"https:\/\/ku.r-enks.net\/wp-content\/uploads\/2026\/04\/IMG-20260429-WA0117-300x252.jpg\" alt=\"\" width=\"300\" height=\"252\" srcset=\"https:\/\/ku.r-enks.net\/wp-content\/uploads\/2026\/04\/IMG-20260429-WA0117-300x252.jpg 300w, https:\/\/ku.r-enks.net\/wp-content\/uploads\/2026\/04\/IMG-20260429-WA0117-768x644.jpg 768w, https:\/\/ku.r-enks.net\/wp-content\/uploads\/2026\/04\/IMG-20260429-WA0117-750x629.jpg 750w, https:\/\/ku.r-enks.net\/wp-content\/uploads\/2026\/04\/IMG-20260429-WA0117.jpg 992w\" sizes=\"(max-width: 300px) 100vw, 300px\" \/> <img decoding=\"async\" class=\"alignnone size-medium wp-image-25233\" src=\"https:\/\/ku.r-enks.net\/wp-content\/uploads\/2026\/04\/IMG-20260429-WA0116-300x252.jpg\" alt=\"\" width=\"300\" height=\"252\" srcset=\"https:\/\/ku.r-enks.net\/wp-content\/uploads\/2026\/04\/IMG-20260429-WA0116-300x252.jpg 300w, https:\/\/ku.r-enks.net\/wp-content\/uploads\/2026\/04\/IMG-20260429-WA0116-768x644.jpg 768w, https:\/\/ku.r-enks.net\/wp-content\/uploads\/2026\/04\/IMG-20260429-WA0116-750x629.jpg 750w, https:\/\/ku.r-enks.net\/wp-content\/uploads\/2026\/04\/IMG-20260429-WA0116.jpg 992w\" sizes=\"(max-width: 300px) 100vw, 300px\" \/> <img decoding=\"async\" class=\"alignnone size-medium wp-image-25234\" src=\"https:\/\/ku.r-enks.net\/wp-content\/uploads\/2026\/04\/IMG-20260429-WA0115-300x252.jpg\" alt=\"\" width=\"300\" height=\"252\" srcset=\"https:\/\/ku.r-enks.net\/wp-content\/uploads\/2026\/04\/IMG-20260429-WA0115-300x252.jpg 300w, https:\/\/ku.r-enks.net\/wp-content\/uploads\/2026\/04\/IMG-20260429-WA0115-768x644.jpg 768w, https:\/\/ku.r-enks.net\/wp-content\/uploads\/2026\/04\/IMG-20260429-WA0115-750x629.jpg 750w, https:\/\/ku.r-enks.net\/wp-content\/uploads\/2026\/04\/IMG-20260429-WA0115.jpg 992w\" sizes=\"(max-width: 300px) 100vw, 300px\" \/> <img decoding=\"async\" class=\"alignnone size-medium wp-image-25236\" src=\"https:\/\/ku.r-enks.net\/wp-content\/uploads\/2026\/04\/IMG-20260429-WA0113-300x252.jpg\" alt=\"\" width=\"300\" height=\"252\" srcset=\"https:\/\/ku.r-enks.net\/wp-content\/uploads\/2026\/04\/IMG-20260429-WA0113-300x252.jpg 300w, https:\/\/ku.r-enks.net\/wp-content\/uploads\/2026\/04\/IMG-20260429-WA0113-768x644.jpg 768w, https:\/\/ku.r-enks.net\/wp-content\/uploads\/2026\/04\/IMG-20260429-WA0113-750x629.jpg 750w, https:\/\/ku.r-enks.net\/wp-content\/uploads\/2026\/04\/IMG-20260429-WA0113.jpg 992w\" sizes=\"(max-width: 300px) 100vw, 300px\" \/> <img decoding=\"async\" class=\"alignnone size-medium wp-image-25238\" src=\"https:\/\/ku.r-enks.net\/wp-content\/uploads\/2026\/04\/IMG-20260429-WA0111-300x252.jpg\" alt=\"\" width=\"300\" height=\"252\" srcset=\"https:\/\/ku.r-enks.net\/wp-content\/uploads\/2026\/04\/IMG-20260429-WA0111-300x252.jpg 300w, https:\/\/ku.r-enks.net\/wp-content\/uploads\/2026\/04\/IMG-20260429-WA0111-768x644.jpg 768w, https:\/\/ku.r-enks.net\/wp-content\/uploads\/2026\/04\/IMG-20260429-WA0111-750x629.jpg 750w, https:\/\/ku.r-enks.net\/wp-content\/uploads\/2026\/04\/IMG-20260429-WA0111.jpg 992w\" sizes=\"(max-width: 300px) 100vw, 300px\" \/><\/p>\n<p>Ragihandina ENKS\u00ea<\/p>\n<p>Til Temir<\/p>\n","protected":false},"excerpt":{"rendered":"<p>Enc\u00fbmena Xweceh\u00ee ya Barzan\u00eey\u00ea Nemir li Til Temir civ\u00eena xwe ya mehane bi amadeb\u00fbna piraniya endaman \u00fb neb\u00fbna hindek\u00ee din di roja \u00c7ar\u015fem\u00ea, 29\/4\/2026\u2019an de, li navenda xwecehiy\u00ea li Til Temir li dar xist. Di destp\u00eak\u00ea de, ji aliy\u00ea serok\u00ea xwecehiy\u00ea ve p\u00ea\u015fwaz\u00ee bi hem\u00fb amadeb\u00fbyan hat kirin. Pi\u015ft\u00ee w\u00ea, ji bo r\u00eazgirtina li giyan\u00ean [&hellip;]<\/p>\n","protected":false},"author":3,"featured_media":25238,"comment_status":"open","ping_status":"open","sticky":false,"template":"","format":"standard","meta":{"jnews-multi-image_gallery":[],"jnews_single_post":[],"jnews_primary_category":[],"jnews_override_counter":[],"footnotes":""},"categories":[43,39],"tags":[],"class_list":["post-25229","post","type-post","status-publish","format-standard","has-post-thumbnail","hentry","category-calaki","category-nuce"],"yoast_head":"<!-- This site is optimized with the Yoast SEO plugin v27.5 - https:\/\/yoast.com\/product\/yoast-seo-wordpress\/ -->\n<title>Enc\u00fbmena Xweceh\u00ee ya Til Temir (Xweceh\u00eeya Barzan\u00eey\u00ea Nemir) civ\u00eena xwe ya asay\u00ee ya meha N\u00eesan\u00ea 2026\u2019an li dar xist.. - Ragihandina Enc\u00fbmena Ni\u015ft\u00eeman\u00ee kurd\u00ee li S\u00fbriy\u00ea<\/title>\n<meta name=\"robots\" content=\"index, follow, max-snippet:-1, max-image-preview:large, max-video-preview:-1\" \/>\n<link rel=\"canonical\" href=\"https:\/\/ku.r-enks.net\/?p=25229\" \/>\n<meta property=\"og:locale\" content=\"en_GB\" \/>\n<meta property=\"og:type\" content=\"article\" \/>\n<meta property=\"og:title\" content=\"Enc\u00fbmena Xweceh\u00ee ya Til Temir (Xweceh\u00eeya Barzan\u00eey\u00ea Nemir) civ\u00eena xwe ya asay\u00ee ya meha N\u00eesan\u00ea 2026\u2019an li dar xist.. - Ragihandina Enc\u00fbmena Ni\u015ft\u00eeman\u00ee kurd\u00ee li S\u00fbriy\u00ea\" \/>\n<meta property=\"og:description\" content=\"Enc\u00fbmena Xweceh\u00ee ya Barzan\u00eey\u00ea Nemir li Til Temir civ\u00eena xwe ya mehane bi amadeb\u00fbna piraniya endaman \u00fb neb\u00fbna hindek\u00ee din di roja \u00c7ar\u015fem\u00ea, 29\/4\/2026\u2019an de, li navenda xwecehiy\u00ea li Til Temir li dar xist. Di destp\u00eak\u00ea de, ji aliy\u00ea serok\u00ea xwecehiy\u00ea ve p\u00ea\u015fwaz\u00ee bi hem\u00fb amadeb\u00fbyan hat kirin. Pi\u015ft\u00ee w\u00ea, ji bo r\u00eazgirtina li giyan\u00ean [&hellip;]\" \/>\n<meta property=\"og:url\" content=\"https:\/\/ku.r-enks.net\/?p=25229\" \/>\n<meta property=\"og:site_name\" content=\"Ragihandina Enc\u00fbmena Ni\u015ft\u00eeman\u00ee kurd\u00ee li S\u00fbriy\u00ea\" \/>\n<meta property=\"article:published_time\" content=\"2026-04-29T20:31:43+00:00\" \/>\n<meta property=\"og:image\" content=\"https:\/\/ku.r-enks.net\/wp-content\/uploads\/2026\/04\/IMG-20260429-WA0111.jpg\" \/>\n\t<meta property=\"og:image:width\" content=\"992\" \/>\n\t<meta property=\"og:image:height\" content=\"832\" \/>\n\t<meta property=\"og:image:type\" content=\"image\/jpeg\" \/>\n<meta name=\"author\" content=\"Raid Mihemed\" \/>\n<meta name=\"twitter:card\" content=\"summary_large_image\" \/>\n<meta name=\"twitter:label1\" content=\"Written by\" \/>\n\t<meta name=\"twitter:data1\" content=\"Raid Mihemed\" \/>\n\t<meta name=\"twitter:label2\" content=\"Estimated reading time\" \/>\n\t<meta name=\"twitter:data2\" content=\"2 minutes\" \/>\n<script type=\"application\/ld+json\" class=\"yoast-schema-graph\">{\"@context\":\"https:\\\/\\\/schema.org\",\"@graph\":[{\"@type\":\"Article\",\"@id\":\"https:\\\/\\\/ku.r-enks.net\\\/?p=25229#article\",\"isPartOf\":{\"@id\":\"https:\\\/\\\/ku.r-enks.net\\\/?p=25229\"},\"author\":{\"name\":\"Raid Mihemed\",\"@id\":\"https:\\\/\\\/ku.r-enks.net\\\/#\\\/schema\\\/person\\\/fe62e1eb71363d24b589b2468836c801\"},\"headline\":\"Enc\u00fbmena Xweceh\u00ee ya Til Temir (Xweceh\u00eeya Barzan\u00eey\u00ea Nemir) civ\u00eena xwe ya asay\u00ee ya meha N\u00eesan\u00ea 2026\u2019an li dar xist..\",\"datePublished\":\"2026-04-29T20:31:43+00:00\",\"mainEntityOfPage\":{\"@id\":\"https:\\\/\\\/ku.r-enks.net\\\/?p=25229\"},\"wordCount\":438,\"commentCount\":0,\"publisher\":{\"@id\":\"https:\\\/\\\/ku.r-enks.net\\\/#organization\"},\"image\":{\"@id\":\"https:\\\/\\\/ku.r-enks.net\\\/?p=25229#primaryimage\"},\"thumbnailUrl\":\"https:\\\/\\\/ku.r-enks.net\\\/wp-content\\\/uploads\\\/2026\\\/04\\\/IMG-20260429-WA0111.jpg\",\"articleSection\":[\"\u00c7alak\u00ee\",\"N\u00fb\u00e7e\"],\"inLanguage\":\"en-GB\",\"potentialAction\":[{\"@type\":\"CommentAction\",\"name\":\"Comment\",\"target\":[\"https:\\\/\\\/ku.r-enks.net\\\/?p=25229#respond\"]}]},{\"@type\":\"WebPage\",\"@id\":\"https:\\\/\\\/ku.r-enks.net\\\/?p=25229\",\"url\":\"https:\\\/\\\/ku.r-enks.net\\\/?p=25229\",\"name\":\"Enc\u00fbmena Xweceh\u00ee ya Til Temir (Xweceh\u00eeya Barzan\u00eey\u00ea Nemir) civ\u00eena xwe ya asay\u00ee ya meha N\u00eesan\u00ea 2026\u2019an li dar xist.. - Ragihandina Enc\u00fbmena Ni\u015ft\u00eeman\u00ee kurd\u00ee li S\u00fbriy\u00ea\",\"isPartOf\":{\"@id\":\"https:\\\/\\\/ku.r-enks.net\\\/#website\"},\"primaryImageOfPage\":{\"@id\":\"https:\\\/\\\/ku.r-enks.net\\\/?p=25229#primaryimage\"},\"image\":{\"@id\":\"https:\\\/\\\/ku.r-enks.net\\\/?p=25229#primaryimage\"},\"thumbnailUrl\":\"https:\\\/\\\/ku.r-enks.net\\\/wp-content\\\/uploads\\\/2026\\\/04\\\/IMG-20260429-WA0111.jpg\",\"datePublished\":\"2026-04-29T20:31:43+00:00\",\"breadcrumb\":{\"@id\":\"https:\\\/\\\/ku.r-enks.net\\\/?p=25229#breadcrumb\"},\"inLanguage\":\"en-GB\",\"potentialAction\":[{\"@type\":\"ReadAction\",\"target\":[\"https:\\\/\\\/ku.r-enks.net\\\/?p=25229\"]}]},{\"@type\":\"ImageObject\",\"inLanguage\":\"en-GB\",\"@id\":\"https:\\\/\\\/ku.r-enks.net\\\/?p=25229#primaryimage\",\"url\":\"https:\\\/\\\/ku.r-enks.net\\\/wp-content\\\/uploads\\\/2026\\\/04\\\/IMG-20260429-WA0111.jpg\",\"contentUrl\":\"https:\\\/\\\/ku.r-enks.net\\\/wp-content\\\/uploads\\\/2026\\\/04\\\/IMG-20260429-WA0111.jpg\",\"width\":992,\"height\":832},{\"@type\":\"BreadcrumbList\",\"@id\":\"https:\\\/\\\/ku.r-enks.net\\\/?p=25229#breadcrumb\",\"itemListElement\":[{\"@type\":\"ListItem\",\"position\":1,\"name\":\"Home\",\"item\":\"https:\\\/\\\/ku.r-enks.net\\\/\"},{\"@type\":\"ListItem\",\"position\":2,\"name\":\"Enc\u00fbmena Xweceh\u00ee ya Til Temir (Xweceh\u00eeya Barzan\u00eey\u00ea Nemir) civ\u00eena xwe ya asay\u00ee ya meha N\u00eesan\u00ea 2026\u2019an li dar xist..\"}]},{\"@type\":\"WebSite\",\"@id\":\"https:\\\/\\\/ku.r-enks.net\\\/#website\",\"url\":\"https:\\\/\\\/ku.r-enks.net\\\/\",\"name\":\"Ragihandina Enc\u00fbmena Ni\u015ft\u00eeman\u00ee kurd\u00ee li S\u00fbriy\u00ea\",\"description\":\"\u0627\u0644\u0645\u062c\u0644\u0633 \u0627\u0644\u0648\u0637\u0646\u064a \u0627\u0644\u0643\u0648\u0631\u062f\u064a \u0641\u064a \u0633\u0648\u0631\u064a\u0627\",\"publisher\":{\"@id\":\"https:\\\/\\\/ku.r-enks.net\\\/#organization\"},\"potentialAction\":[{\"@type\":\"SearchAction\",\"target\":{\"@type\":\"EntryPoint\",\"urlTemplate\":\"https:\\\/\\\/ku.r-enks.net\\\/?s={search_term_string}\"},\"query-input\":{\"@type\":\"PropertyValueSpecification\",\"valueRequired\":true,\"valueName\":\"search_term_string\"}}],\"inLanguage\":\"en-GB\"},{\"@type\":\"Organization\",\"@id\":\"https:\\\/\\\/ku.r-enks.net\\\/#organization\",\"name\":\"Ragihandina Enc\u00fbmena Ni\u015ft\u00eeman\u00ee kurd\u00ee li S\u00fbriy\u00ea\",\"url\":\"https:\\\/\\\/ku.r-enks.net\\\/\",\"logo\":{\"@type\":\"ImageObject\",\"inLanguage\":\"en-GB\",\"@id\":\"https:\\\/\\\/ku.r-enks.net\\\/#\\\/schema\\\/logo\\\/image\\\/\",\"url\":\"https:\\\/\\\/ku.r-enks.net\\\/wp-content\\\/uploads\\\/2025\\\/08\\\/IMG_1702.jpeg\",\"contentUrl\":\"https:\\\/\\\/ku.r-enks.net\\\/wp-content\\\/uploads\\\/2025\\\/08\\\/IMG_1702.jpeg\",\"width\":283,\"height\":178,\"caption\":\"Ragihandina Enc\u00fbmena Ni\u015ft\u00eeman\u00ee kurd\u00ee li S\u00fbriy\u00ea\"},\"image\":{\"@id\":\"https:\\\/\\\/ku.r-enks.net\\\/#\\\/schema\\\/logo\\\/image\\\/\"}},{\"@type\":\"Person\",\"@id\":\"https:\\\/\\\/ku.r-enks.net\\\/#\\\/schema\\\/person\\\/fe62e1eb71363d24b589b2468836c801\",\"name\":\"Raid Mihemed\",\"image\":{\"@type\":\"ImageObject\",\"inLanguage\":\"en-GB\",\"@id\":\"https:\\\/\\\/secure.gravatar.com\\\/avatar\\\/ce58e252f8f6d4cb00c6348703ab86076cbc34b3bac88a03cf42d81e782e9d8f?s=96&d=mm&r=g\",\"url\":\"https:\\\/\\\/secure.gravatar.com\\\/avatar\\\/ce58e252f8f6d4cb00c6348703ab86076cbc34b3bac88a03cf42d81e782e9d8f?s=96&d=mm&r=g\",\"contentUrl\":\"https:\\\/\\\/secure.gravatar.com\\\/avatar\\\/ce58e252f8f6d4cb00c6348703ab86076cbc34b3bac88a03cf42d81e782e9d8f?s=96&d=mm&r=g\",\"caption\":\"Raid Mihemed\"},\"url\":\"https:\\\/\\\/ku.r-enks.net\\\/?author=3\"}]}<\/script>\n<!-- \/ Yoast SEO plugin. -->","yoast_head_json":{"title":"Enc\u00fbmena Xweceh\u00ee ya Til Temir (Xweceh\u00eeya Barzan\u00eey\u00ea Nemir) civ\u00eena xwe ya asay\u00ee ya meha N\u00eesan\u00ea 2026\u2019an li dar xist.. - Ragihandina Enc\u00fbmena Ni\u015ft\u00eeman\u00ee kurd\u00ee li S\u00fbriy\u00ea","robots":{"index":"index","follow":"follow","max-snippet":"max-snippet:-1","max-image-preview":"max-image-preview:large","max-video-preview":"max-video-preview:-1"},"canonical":"https:\/\/ku.r-enks.net\/?p=25229","og_locale":"en_GB","og_type":"article","og_title":"Enc\u00fbmena Xweceh\u00ee ya Til Temir (Xweceh\u00eeya Barzan\u00eey\u00ea Nemir) civ\u00eena xwe ya asay\u00ee ya meha N\u00eesan\u00ea 2026\u2019an li dar xist.. - Ragihandina Enc\u00fbmena Ni\u015ft\u00eeman\u00ee kurd\u00ee li S\u00fbriy\u00ea","og_description":"Enc\u00fbmena Xweceh\u00ee ya Barzan\u00eey\u00ea Nemir li Til Temir civ\u00eena xwe ya mehane bi amadeb\u00fbna piraniya endaman \u00fb neb\u00fbna hindek\u00ee din di roja \u00c7ar\u015fem\u00ea, 29\/4\/2026\u2019an de, li navenda xwecehiy\u00ea li Til Temir li dar xist. Di destp\u00eak\u00ea de, ji aliy\u00ea serok\u00ea xwecehiy\u00ea ve p\u00ea\u015fwaz\u00ee bi hem\u00fb amadeb\u00fbyan hat kirin. Pi\u015ft\u00ee w\u00ea, ji bo r\u00eazgirtina li giyan\u00ean [&hellip;]","og_url":"https:\/\/ku.r-enks.net\/?p=25229","og_site_name":"Ragihandina Enc\u00fbmena Ni\u015ft\u00eeman\u00ee kurd\u00ee li S\u00fbriy\u00ea","article_published_time":"2026-04-29T20:31:43+00:00","og_image":[{"width":992,"height":832,"url":"https:\/\/ku.r-enks.net\/wp-content\/uploads\/2026\/04\/IMG-20260429-WA0111.jpg","type":"image\/jpeg"}],"author":"Raid Mihemed","twitter_card":"summary_large_image","twitter_misc":{"Written by":"Raid Mihemed","Estimated reading time":"2 minutes"},"schema":{"@context":"https:\/\/schema.org","@graph":[{"@type":"Article","@id":"https:\/\/ku.r-enks.net\/?p=25229#article","isPartOf":{"@id":"https:\/\/ku.r-enks.net\/?p=25229"},"author":{"name":"Raid Mihemed","@id":"https:\/\/ku.r-enks.net\/#\/schema\/person\/fe62e1eb71363d24b589b2468836c801"},"headline":"Enc\u00fbmena Xweceh\u00ee ya Til Temir (Xweceh\u00eeya Barzan\u00eey\u00ea Nemir) civ\u00eena xwe ya asay\u00ee ya meha N\u00eesan\u00ea 2026\u2019an li dar xist..","datePublished":"2026-04-29T20:31:43+00:00","mainEntityOfPage":{"@id":"https:\/\/ku.r-enks.net\/?p=25229"},"wordCount":438,"commentCount":0,"publisher":{"@id":"https:\/\/ku.r-enks.net\/#organization"},"image":{"@id":"https:\/\/ku.r-enks.net\/?p=25229#primaryimage"},"thumbnailUrl":"https:\/\/ku.r-enks.net\/wp-content\/uploads\/2026\/04\/IMG-20260429-WA0111.jpg","articleSection":["\u00c7alak\u00ee","N\u00fb\u00e7e"],"inLanguage":"en-GB","potentialAction":[{"@type":"CommentAction","name":"Comment","target":["https:\/\/ku.r-enks.net\/?p=25229#respond"]}]},{"@type":"WebPage","@id":"https:\/\/ku.r-enks.net\/?p=25229","url":"https:\/\/ku.r-enks.net\/?p=25229","name":"Enc\u00fbmena Xweceh\u00ee ya Til Temir (Xweceh\u00eeya Barzan\u00eey\u00ea Nemir) civ\u00eena xwe ya asay\u00ee ya meha N\u00eesan\u00ea 2026\u2019an li dar xist.. - Ragihandina Enc\u00fbmena Ni\u015ft\u00eeman\u00ee kurd\u00ee li S\u00fbriy\u00ea","isPartOf":{"@id":"https:\/\/ku.r-enks.net\/#website"},"primaryImageOfPage":{"@id":"https:\/\/ku.r-enks.net\/?p=25229#primaryimage"},"image":{"@id":"https:\/\/ku.r-enks.net\/?p=25229#primaryimage"},"thumbnailUrl":"https:\/\/ku.r-enks.net\/wp-content\/uploads\/2026\/04\/IMG-20260429-WA0111.jpg","datePublished":"2026-04-29T20:31:43+00:00","breadcrumb":{"@id":"https:\/\/ku.r-enks.net\/?p=25229#breadcrumb"},"inLanguage":"en-GB","potentialAction":[{"@type":"ReadAction","target":["https:\/\/ku.r-enks.net\/?p=25229"]}]},{"@type":"ImageObject","inLanguage":"en-GB","@id":"https:\/\/ku.r-enks.net\/?p=25229#primaryimage","url":"https:\/\/ku.r-enks.net\/wp-content\/uploads\/2026\/04\/IMG-20260429-WA0111.jpg","contentUrl":"https:\/\/ku.r-enks.net\/wp-content\/uploads\/2026\/04\/IMG-20260429-WA0111.jpg","width":992,"height":832},{"@type":"BreadcrumbList","@id":"https:\/\/ku.r-enks.net\/?p=25229#breadcrumb","itemListElement":[{"@type":"ListItem","position":1,"name":"Home","item":"https:\/\/ku.r-enks.net\/"},{"@type":"ListItem","position":2,"name":"Enc\u00fbmena Xweceh\u00ee ya Til Temir (Xweceh\u00eeya Barzan\u00eey\u00ea Nemir) civ\u00eena xwe ya asay\u00ee ya meha N\u00eesan\u00ea 2026\u2019an li dar xist.."}]},{"@type":"WebSite","@id":"https:\/\/ku.r-enks.net\/#website","url":"https:\/\/ku.r-enks.net\/","name":"Ragihandina Enc\u00fbmena Ni\u015ft\u00eeman\u00ee kurd\u00ee li S\u00fbriy\u00ea","description":"\u0627\u0644\u0645\u062c\u0644\u0633 \u0627\u0644\u0648\u0637\u0646\u064a \u0627\u0644\u0643\u0648\u0631\u062f\u064a \u0641\u064a \u0633\u0648\u0631\u064a\u0627","publisher":{"@id":"https:\/\/ku.r-enks.net\/#organization"},"potentialAction":[{"@type":"SearchAction","target":{"@type":"EntryPoint","urlTemplate":"https:\/\/ku.r-enks.net\/?s={search_term_string}"},"query-input":{"@type":"PropertyValueSpecification","valueRequired":true,"valueName":"search_term_string"}}],"inLanguage":"en-GB"},{"@type":"Organization","@id":"https:\/\/ku.r-enks.net\/#organization","name":"Ragihandina Enc\u00fbmena Ni\u015ft\u00eeman\u00ee kurd\u00ee li S\u00fbriy\u00ea","url":"https:\/\/ku.r-enks.net\/","logo":{"@type":"ImageObject","inLanguage":"en-GB","@id":"https:\/\/ku.r-enks.net\/#\/schema\/logo\/image\/","url":"https:\/\/ku.r-enks.net\/wp-content\/uploads\/2025\/08\/IMG_1702.jpeg","contentUrl":"https:\/\/ku.r-enks.net\/wp-content\/uploads\/2025\/08\/IMG_1702.jpeg","width":283,"height":178,"caption":"Ragihandina Enc\u00fbmena Ni\u015ft\u00eeman\u00ee kurd\u00ee li S\u00fbriy\u00ea"},"image":{"@id":"https:\/\/ku.r-enks.net\/#\/schema\/logo\/image\/"}},{"@type":"Person","@id":"https:\/\/ku.r-enks.net\/#\/schema\/person\/fe62e1eb71363d24b589b2468836c801","name":"Raid Mihemed","image":{"@type":"ImageObject","inLanguage":"en-GB","@id":"https:\/\/secure.gravatar.com\/avatar\/ce58e252f8f6d4cb00c6348703ab86076cbc34b3bac88a03cf42d81e782e9d8f?s=96&d=mm&r=g","url":"https:\/\/secure.gravatar.com\/avatar\/ce58e252f8f6d4cb00c6348703ab86076cbc34b3bac88a03cf42d81e782e9d8f?s=96&d=mm&r=g","contentUrl":"https:\/\/secure.gravatar.com\/avatar\/ce58e252f8f6d4cb00c6348703ab86076cbc34b3bac88a03cf42d81e782e9d8f?s=96&d=mm&r=g","caption":"Raid Mihemed"},"url":"https:\/\/ku.r-enks.net\/?author=3"}]}},"_links":{"self":[{"href":"https:\/\/ku.r-enks.net\/index.php?rest_route=\/wp\/v2\/posts\/25229","targetHints":{"allow":["GET"]}}],"collection":[{"href":"https:\/\/ku.r-enks.net\/index.php?rest_route=\/wp\/v2\/posts"}],"about":[{"href":"https:\/\/ku.r-enks.net\/index.php?rest_route=\/wp\/v2\/types\/post"}],"author":[{"embeddable":true,"href":"https:\/\/ku.r-enks.net\/index.php?rest_route=\/wp\/v2\/users\/3"}],"replies":[{"embeddable":true,"href":"https:\/\/ku.r-enks.net\/index.php?rest_route=%2Fwp%2Fv2%2Fcomments&post=25229"}],"version-history":[{"count":1,"href":"https:\/\/ku.r-enks.net\/index.php?rest_route=\/wp\/v2\/posts\/25229\/revisions"}],"predecessor-version":[{"id":25240,"href":"https:\/\/ku.r-enks.net\/index.php?rest_route=\/wp\/v2\/posts\/25229\/revisions\/25240"}],"wp:featuredmedia":[{"embeddable":true,"href":"https:\/\/ku.r-enks.net\/index.php?rest_route=\/wp\/v2\/media\/25238"}],"wp:attachment":[{"href":"https:\/\/ku.r-enks.net\/index.php?rest_route=%2Fwp%2Fv2%2Fmedia&parent=25229"}],"wp:term":[{"taxonomy":"category","embeddable":true,"href":"https:\/\/ku.r-enks.net\/index.php?rest_route=%2Fwp%2Fv2%2Fcategories&post=25229"},{"taxonomy":"post_tag","embeddable":true,"href":"https:\/\/ku.r-enks.net\/index.php?rest_route=%2Fwp%2Fv2%2Ftags&post=25229"}],"curies":[{"name":"wp","href":"https:\/\/api.w.org\/{rel}","templated":true}]}}